{"id":65577,"date":"2019-07-23T14:05:51","date_gmt":"2019-07-23T17:05:51","guid":{"rendered":"http:\/\/portalcatolico.net\/portal\/?p=65577"},"modified":"2019-07-25T07:49:39","modified_gmt":"2019-07-25T10:49:39","slug":"santa-maria-madalena-e-celebrada-em-itabuna-2","status":"publish","type":"post","link":"http:\/\/portalcatolico.net\/portal\/santa-maria-madalena-e-celebrada-em-itabuna-2\/","title":{"rendered":"Santa Maria Madalena \u00e9 celebrada em Itabuna!"},"content":{"rendered":"<p><img loading=\"lazy\" decoding=\"async\" class=\"size-medium wp-image-65580 alignleft\" src=\"http:\/\/portalcatolico.net\/portal\/wp-content\/uploads\/2019\/07\/sem-t\u00edtulo-1-3-300x200.jpg\" alt=\"\" width=\"300\" height=\"200\" srcset=\"http:\/\/portalcatolico.net\/portal\/wp-content\/uploads\/2019\/07\/sem-t\u00edtulo-1-3-300x200.jpg 300w, http:\/\/portalcatolico.net\/portal\/wp-content\/uploads\/2019\/07\/sem-t\u00edtulo-1-3-768x512.jpg 768w, http:\/\/portalcatolico.net\/portal\/wp-content\/uploads\/2019\/07\/sem-t\u00edtulo-1-3-1024x682.jpg 1024w, http:\/\/portalcatolico.net\/portal\/wp-content\/uploads\/2019\/07\/sem-t\u00edtulo-1-3.jpg 2000w\" sizes=\"auto, (max-width: 300px) 100vw, 300px\" \/>Com o tema central &#8220;Em comunh\u00e3o com&nbsp;Santa Maria Madalena, seremos construtores de uma sociedade justa e&nbsp;fraterna&#8221;, a Par\u00f3quia Santa Maria Madalena que se situa no bairro&nbsp; Nova&nbsp;Itabuna, na cidade e diocese de Itabuna, no sul da Bahia, celebrou nesta&nbsp;segunda-feira, 22 de julho, a festa de sua padroeira, Santa Maria&nbsp;Madalena.<\/p>\n<p>Foram 10 dias de retiro com a participa\u00e7\u00e3o das pastorais,&nbsp;movimentos da par\u00f3quia e da diocese de Itabuna.<\/p>\n<p>Durante as celebra\u00e7\u00f5es, os fieis vivenciaram muitos momentos&nbsp;importantes, como a investidura de&nbsp; novos Ministros&nbsp;Extraordin\u00e1rios da Comunh\u00e3o Eucar\u00edstica (MECE), que que aconteceu na&nbsp;\u00faltima quinta-feira, 18.<\/p>\n<p>A celebra\u00e7\u00e3o Eucar\u00edstica teve in\u00edcio \u00e0s 19h e teve presid\u00eancia do bispo&nbsp;da diocese de Itabuna, Dom Carlos Alberto dos Santos, e concelebra\u00e7\u00e3o do&nbsp;p\u00e1roco da Igreja matriz, Pe.Tony Val\u00e9rio, juntamente com o Pe. Roberto (vig\u00e1rio paroquial&nbsp;da par\u00f3quia Santa Maria Goretti), dos di\u00e1conos permanentes Jos\u00e9&nbsp;Ara\u00fajo, e Ailton Matos, al\u00e9m dos seminaristas da diocese de Itabuna.<\/p>\n<p>Na oportunidade, o P\u00e1roco Pe.Tony Val\u00e9rio agradeceu a todos pela participa\u00e7\u00e3o em&nbsp;todas as noites e tamb\u00e9m pela contribui\u00e7\u00e3o e doa\u00e7\u00e3o em prol da festa da&nbsp;santa padroeira.<br \/>\nAp\u00f3s&nbsp;a&nbsp;santa missa, os fieis participaram da prociss\u00e3o com a imagem da santa&nbsp;pelas ruas do bairro expressando sua f\u00e9 cantando, rezando e com muita&nbsp;alegria.<img loading=\"lazy\" decoding=\"async\" class=\"alignnone wp-image-65582\" src=\"http:\/\/portalcatolico.net\/portal\/wp-content\/uploads\/2019\/07\/sem-t\u00edtulo-114-300x200.jpg\" alt=\"\" width=\"702\" height=\"468\" srcset=\"http:\/\/portalcatolico.net\/portal\/wp-content\/uploads\/2019\/07\/sem-t\u00edtulo-114-300x200.jpg 300w, http:\/\/portalcatolico.net\/portal\/wp-content\/uploads\/2019\/07\/sem-t\u00edtulo-114-768x512.jpg 768w, http:\/\/portalcatolico.net\/portal\/wp-content\/uploads\/2019\/07\/sem-t\u00edtulo-114-1024x682.jpg 1024w, http:\/\/portalcatolico.net\/portal\/wp-content\/uploads\/2019\/07\/sem-t\u00edtulo-114.jpg 2000w\" sizes=\"auto, (max-width: 702px) 100vw, 702px\" \/><\/p>\n<p>Santa Maria Madalena foi a primeira mulher que viu Cristo ressuscitado.&nbsp;Maria Madalena \u00e9 uma das disc\u00edpulas mais fi\u00e9is e que o Senhor&nbsp;escolheu para ser testemunha de sua ressurrei\u00e7\u00e3o ante os ap\u00f3stolos, do&nbsp;mesmo modo \u00e9 exemplo para toda mulher da Igreja e da evangeliza\u00e7\u00e3o&nbsp;aut\u00eantica, isto \u00e9, de uma evangelizadora que anuncia a alegre mensagem&nbsp;central da P\u00e1scoa.<\/p>\n<p>Em 2016, o Cardeal Robert Sarah, prefeito da&nbsp;Congrega\u00e7\u00e3o para o Culto Divino e a Disciplina dos Sacramentos no&nbsp;Vaticano, emitiu um decreto no qual, seguindo a vontade do Papa&nbsp;Francisco, estabeleceu-se que a mem\u00f3ria lit\u00fargica Santa Maria Magdalena&nbsp;fosse elevada \u00e0 festa. Referindo-se a ela, Bento XVI expressou em 2006&nbsp;que &#8220;a hist\u00f3ria de Maria Madalena recorda a todos uma verdade&nbsp;fundamental: disc\u00edpulo de Cristo \u00e9 aquele que, na experi\u00eancia da&nbsp;debilidade humana, teve a humildade de lhe pedir ajuda, foi por Ele&nbsp;curado e se p\u00f4s no seu seguimento de perto, tornando-se testemunha do&nbsp;poder do seu amor misericordioso, mais forte do que o pecado e a morte&#8221;.&nbsp;<\/p>\n<p>Maria Madalena seguiu Jesus at\u00e9 o Calv\u00e1rio e esteve diante do corpo&nbsp;falecido do Senhor. No domingo da Ressurrei\u00e7\u00e3o, foi a primeira a ver o&nbsp;Cristo ressuscitado e teve a honra de ser enviada pelo Senhor para&nbsp;anunciar esta boa not\u00edcia aos disc\u00edpulos.<\/p>\n<p>Confira em nossa p\u00e1gina oficial no Facebook, o \u00e1lbum de fotos do evento:&nbsp;<br \/>\n<a href=\"http:\/\/www.facebook.com\/portalcatolicooficial\">www.facebook.com\/portalcatolicooficial<\/a><\/p>\n","protected":false},"excerpt":{"rendered":"<p>Com o tema central &#8220;Em comunh\u00e3o com&nbsp;Santa Maria Madalena, seremos construtores de uma sociedade justa e&nbsp;fraterna&#8221;, a Par\u00f3quia Santa Maria Madalena que se situa no bairro&nbsp; Nova&nbsp;Itabuna, na cidade e diocese de Itabuna, no sul da Bahia, celebrou nesta&nbsp;segunda-feira, 22 de julho, a festa de sua padroeira, Santa Maria&nbsp;Madalena. Foram 10 dias de retiro com&nbsp;<\/p>\n<p><a class=\"btn btn-style\" href=\"http:\/\/portalcatolico.net\/portal\/santa-maria-madalena-e-celebrada-em-itabuna-2\/\">Continue Reading<\/a><\/p>\n","protected":false},"author":2,"featured_media":65578,"comment_status":"open","ping_status":"open","sticky":false,"template":"","format":"standard","meta":{"footnotes":""},"categories":[4],"tags":[],"class_list":["post-65577","post","type-post","status-publish","format-standard","has-post-thumbnail","hentry","category-destaques"],"_links":{"self":[{"href":"http:\/\/portalcatolico.net\/portal\/wp-json\/wp\/v2\/posts\/65577","targetHints":{"allow":["GET"]}}],"collection":[{"href":"http:\/\/portalcatolico.net\/portal\/wp-json\/wp\/v2\/posts"}],"about":[{"href":"http:\/\/portalcatolico.net\/portal\/wp-json\/wp\/v2\/types\/post"}],"author":[{"embeddable":true,"href":"http:\/\/portalcatolico.net\/portal\/wp-json\/wp\/v2\/users\/2"}],"replies":[{"embeddable":true,"href":"http:\/\/portalcatolico.net\/portal\/wp-json\/wp\/v2\/comments?post=65577"}],"version-history":[{"count":3,"href":"http:\/\/portalcatolico.net\/portal\/wp-json\/wp\/v2\/posts\/65577\/revisions"}],"predecessor-version":[{"id":65583,"href":"http:\/\/portalcatolico.net\/portal\/wp-json\/wp\/v2\/posts\/65577\/revisions\/65583"}],"wp:featuredmedia":[{"embeddable":true,"href":"http:\/\/portalcatolico.net\/portal\/wp-json\/wp\/v2\/media\/65578"}],"wp:attachment":[{"href":"http:\/\/portalcatolico.net\/portal\/wp-json\/wp\/v2\/media?parent=65577"}],"wp:term":[{"taxonomy":"category","embeddable":true,"href":"http:\/\/portalcatolico.net\/portal\/wp-json\/wp\/v2\/categories?post=65577"},{"taxonomy":"post_tag","embeddable":true,"href":"http:\/\/portalcatolico.net\/portal\/wp-json\/wp\/v2\/tags?post=65577"}],"curies":[{"name":"wp","href":"https:\/\/api.w.org\/{rel}","templated":true}]}}