{"id":65572,"date":"2019-07-22T00:25:22","date_gmt":"2019-07-22T03:25:22","guid":{"rendered":"http:\/\/portalcatolico.net\/portal\/?p=65572"},"modified":"2019-07-22T06:25:51","modified_gmt":"2019-07-22T09:25:51","slug":"hoje-e-a-festa-de-santa-maria-madalena-a-primeira-mulher-que-viu-cristo-ressuscitado","status":"publish","type":"post","link":"http:\/\/portalcatolico.net\/portal\/hoje-e-a-festa-de-santa-maria-madalena-a-primeira-mulher-que-viu-cristo-ressuscitado\/","title":{"rendered":"Hoje \u00e9 a festa de Santa Maria Madalena, a primeira mulher que viu Cristo ressuscitado"},"content":{"rendered":"<p>Santa Maria Madalena \u00e9 uma das disc\u00edpulas mais fi\u00e9is e que o Senhor escolheu para ser testemunha de sua ressurrei\u00e7\u00e3o ante os ap\u00f3stolos, do mesmo modo \u00e9 exemplo para toda mulher da&nbsp;Igreja&nbsp;e da evangeliza\u00e7\u00e3o aut\u00eantica, isto \u00e9, de uma evangelizadora que anuncia a alegre mensagem central da P\u00e1scoa.<\/p>\n<p>Em 2016, o Cardeal Robert Sarah, prefeito da Congrega\u00e7\u00e3o para o Culto Divino e a Disciplina dos&nbsp;Sacramentos&nbsp;no Vaticano, emitiu um decreto no qual, seguindo a vontade do Papa Francisco, estabeleceu-se que a mem\u00f3ria lit\u00fargica Santa Maria Magdalena fosse elevada \u00e0 festa.<\/p>\n<p>Referindo-se a ela,&nbsp;Bento XVI&nbsp;expressou em 2006 que \u201ca hist\u00f3ria de Maria Madalena recorda a todos uma verdade fundamental: disc\u00edpulo de Cristo \u00e9 aquele que, na experi\u00eancia da debilidade humana, teve a humildade de lhe pedir ajuda, foi por Ele curado e se p\u00f4s no seu seguimento de perto, tornando-se testemunha do poder do seu amor misericordioso, mais forte do que o pecado e a morte\u201d.<\/p>\n<p>Nos Evangelhos, fala-se de Maria Madalena, a pecadora (Lc 7,37-50); Maria Madalena, uma das mulheres que seguiram o Senhor (Jo 20,10-18); e Maria de Bet\u00e2nia, a irm\u00e3 de L\u00e1zaro (Lc 10,38-42).<\/p>\n<p>A liturgia romana identifica as tr\u00eas mulheres com o nome de Maria Madalena, assim como a antiga tradi\u00e7\u00e3o ocidental desde a \u00e9poca de S\u00e3o Greg\u00f3rio Magno.<\/p>\n<p>Maria Madalena seguiu Jesus at\u00e9 o Calv\u00e1rio e esteve diante do corpo falecido do Senhor. No domingo da Ressurrei\u00e7\u00e3o, foi a primeira a ver o Cristo ressuscitado e teve a honra de ser enviada pelo Senhor para anunciar esta boa not\u00edcia aos disc\u00edpulos.<\/p>\n<p><strong>Ora\u00e7\u00e3o:<\/strong><\/p>\n<p>\u00d3 Deus, o vosso filho confiou a Maria Madalena o primeiro an\u00fancio da alegria pascal; dai-nos, por suas preces e a seu exemplo, anunciar tamb\u00e9m que Cristo vive e contempl\u00e1-lo na gl\u00f3ria de seu reino. Por Nosso Senhor Jesus Cristo, Vosso Filho, na unidade do Esp\u00edrito Santo.(ACI)<\/p>\n","protected":false},"excerpt":{"rendered":"<p>Santa Maria Madalena \u00e9 uma das disc\u00edpulas mais fi\u00e9is e que o Senhor escolheu para ser testemunha de sua ressurrei\u00e7\u00e3o ante os ap\u00f3stolos, do mesmo modo \u00e9 exemplo para toda mulher da&nbsp;Igreja&nbsp;e da evangeliza\u00e7\u00e3o aut\u00eantica, isto \u00e9, de uma evangelizadora que anuncia a alegre mensagem central da P\u00e1scoa. Em 2016, o Cardeal Robert Sarah, prefeito&nbsp;<\/p>\n<p><a class=\"btn btn-style\" href=\"http:\/\/portalcatolico.net\/portal\/hoje-e-a-festa-de-santa-maria-madalena-a-primeira-mulher-que-viu-cristo-ressuscitado\/\">Continue Reading<\/a><\/p>\n","protected":false},"author":2,"featured_media":65573,"comment_status":"open","ping_status":"open","sticky":false,"template":"","format":"standard","meta":{"footnotes":""},"categories":[69],"tags":[],"class_list":["post-65572","post","type-post","status-publish","format-standard","has-post-thumbnail","hentry","category-artigos"],"_links":{"self":[{"href":"http:\/\/portalcatolico.net\/portal\/wp-json\/wp\/v2\/posts\/65572","targetHints":{"allow":["GET"]}}],"collection":[{"href":"http:\/\/portalcatolico.net\/portal\/wp-json\/wp\/v2\/posts"}],"about":[{"href":"http:\/\/portalcatolico.net\/portal\/wp-json\/wp\/v2\/types\/post"}],"author":[{"embeddable":true,"href":"http:\/\/portalcatolico.net\/portal\/wp-json\/wp\/v2\/users\/2"}],"replies":[{"embeddable":true,"href":"http:\/\/portalcatolico.net\/portal\/wp-json\/wp\/v2\/comments?post=65572"}],"version-history":[{"count":1,"href":"http:\/\/portalcatolico.net\/portal\/wp-json\/wp\/v2\/posts\/65572\/revisions"}],"predecessor-version":[{"id":65574,"href":"http:\/\/portalcatolico.net\/portal\/wp-json\/wp\/v2\/posts\/65572\/revisions\/65574"}],"wp:featuredmedia":[{"embeddable":true,"href":"http:\/\/portalcatolico.net\/portal\/wp-json\/wp\/v2\/media\/65573"}],"wp:attachment":[{"href":"http:\/\/portalcatolico.net\/portal\/wp-json\/wp\/v2\/media?parent=65572"}],"wp:term":[{"taxonomy":"category","embeddable":true,"href":"http:\/\/portalcatolico.net\/portal\/wp-json\/wp\/v2\/categories?post=65572"},{"taxonomy":"post_tag","embeddable":true,"href":"http:\/\/portalcatolico.net\/portal\/wp-json\/wp\/v2\/tags?post=65572"}],"curies":[{"name":"wp","href":"https:\/\/api.w.org\/{rel}","templated":true}]}}