{"id":65567,"date":"2019-07-22T06:07:30","date_gmt":"2019-07-22T09:07:30","guid":{"rendered":"http:\/\/portalcatolico.net\/portal\/?p=65567"},"modified":"2019-07-22T06:29:46","modified_gmt":"2019-07-22T09:29:46","slug":"encontro-diocesano-do-terco-dos-homens-sera-realizado-em-itajuipe","status":"publish","type":"post","link":"http:\/\/portalcatolico.net\/portal\/encontro-diocesano-do-terco-dos-homens-sera-realizado-em-itajuipe\/","title":{"rendered":"Encontro Diocesano do Ter\u00e7o dos Homens ser\u00e1 realizado em Itaju\u00edpe"},"content":{"rendered":"<div dir=\"auto\">O movimento do Ter\u00e7o dos Homens da diocese de Ilh\u00e9us, no sul da Bahia,&nbsp;realizar\u00e1 no dia 28 de julho (domingo),&nbsp; o 1\u00b0 Encontro Diocesano do Ter\u00e7o dos Homens, na par\u00f3quia&nbsp;do Sagrado Cora\u00e7\u00e3o de&nbsp;Jesus, na cidade de Itaju\u00edpe (BA).<\/div>\n<div dir=\"auto\">A evento ter\u00e1 in\u00edcio \u00e0s 7h30, com o tema: &#8220;N\u00e3o basta rezar, \u00e9 preciso agir&#8221;.&nbsp;<\/div>\n<div dir=\"auto\">Segundo a coordena\u00e7\u00e3o informou, j\u00e1 est\u00e3o confirmados mais de 800 homens no evento. E vale ressaltar que ainda faltam os&nbsp;convidados do Ter\u00e7o dos Homens da diocese de Itabuna e de outras dioceses.<\/div>\n<div dir=\"auto\">&nbsp;<\/div>\n<div dir=\"auto\">Foto:Divulga\u00e7\u00e3o<\/div>\n<div dir=\"auto\">&nbsp;<\/div>\n<div dir=\"auto\">Texto:Reda\u00e7\u00e3o\/Portal Cat\u00f3lico.Net&nbsp;<\/div>\n","protected":false},"excerpt":{"rendered":"<p>O movimento do Ter\u00e7o dos Homens da diocese de Ilh\u00e9us, no sul da Bahia,&nbsp;realizar\u00e1 no dia 28 de julho (domingo),&nbsp; o 1\u00b0 Encontro Diocesano do Ter\u00e7o dos Homens, na par\u00f3quia&nbsp;do Sagrado Cora\u00e7\u00e3o de&nbsp;Jesus, na cidade de Itaju\u00edpe (BA). A evento ter\u00e1 in\u00edcio \u00e0s 7h30, com o tema: &#8220;N\u00e3o basta rezar, \u00e9 preciso agir&#8221;.&nbsp; Segundo a&nbsp;<\/p>\n<p><a class=\"btn btn-style\" href=\"http:\/\/portalcatolico.net\/portal\/encontro-diocesano-do-terco-dos-homens-sera-realizado-em-itajuipe\/\">Continue Reading<\/a><\/p>\n","protected":false},"author":2,"featured_media":65568,"comment_status":"open","ping_status":"open","sticky":false,"template":"","format":"standard","meta":{"footnotes":""},"categories":[1],"tags":[],"class_list":["post-65567","post","type-post","status-publish","format-standard","has-post-thumbnail","hentry","category-agenda"],"_links":{"self":[{"href":"http:\/\/portalcatolico.net\/portal\/wp-json\/wp\/v2\/posts\/65567","targetHints":{"allow":["GET"]}}],"collection":[{"href":"http:\/\/portalcatolico.net\/portal\/wp-json\/wp\/v2\/posts"}],"about":[{"href":"http:\/\/portalcatolico.net\/portal\/wp-json\/wp\/v2\/types\/post"}],"author":[{"embeddable":true,"href":"http:\/\/portalcatolico.net\/portal\/wp-json\/wp\/v2\/users\/2"}],"replies":[{"embeddable":true,"href":"http:\/\/portalcatolico.net\/portal\/wp-json\/wp\/v2\/comments?post=65567"}],"version-history":[{"count":2,"href":"http:\/\/portalcatolico.net\/portal\/wp-json\/wp\/v2\/posts\/65567\/revisions"}],"predecessor-version":[{"id":65576,"href":"http:\/\/portalcatolico.net\/portal\/wp-json\/wp\/v2\/posts\/65567\/revisions\/65576"}],"wp:featuredmedia":[{"embeddable":true,"href":"http:\/\/portalcatolico.net\/portal\/wp-json\/wp\/v2\/media\/65568"}],"wp:attachment":[{"href":"http:\/\/portalcatolico.net\/portal\/wp-json\/wp\/v2\/media?parent=65567"}],"wp:term":[{"taxonomy":"category","embeddable":true,"href":"http:\/\/portalcatolico.net\/portal\/wp-json\/wp\/v2\/categories?post=65567"},{"taxonomy":"post_tag","embeddable":true,"href":"http:\/\/portalcatolico.net\/portal\/wp-json\/wp\/v2\/tags?post=65567"}],"curies":[{"name":"wp","href":"https:\/\/api.w.org\/{rel}","templated":true}]}}