{"id":65564,"date":"2019-07-20T22:32:35","date_gmt":"2019-07-21T01:32:35","guid":{"rendered":"http:\/\/portalcatolico.net\/portal\/?p=65564"},"modified":"2019-07-20T22:32:35","modified_gmt":"2019-07-21T01:32:35","slug":"reflexao-para-o-xvi-do-tempo-comum","status":"publish","type":"post","link":"http:\/\/portalcatolico.net\/portal\/reflexao-para-o-xvi-do-tempo-comum\/","title":{"rendered":"Reflex\u00e3o para o XVI do Tempo Comum"},"content":{"rendered":"<div class=\"article__subTitle\">O tema da liturgia de hoje \u00e9 a hospitalidade. Abra\u00e3o, com serenidade, deixou seu descanso no momento mais exaustivo do dia e foi servir os h\u00f3spedes. Marta, preocupada em servir o Mestre, se esqueceu de se alimentar de sua Palavra e ficou agitada, preparando a refei\u00e7\u00e3o.<\/div>\n<div>&nbsp;<\/div>\n<div>O tema da liturgia de hoje \u00e9 a hospitalidade. Tanto na primeira leitura que fala da visita de Deus a Abra\u00e3o e Sara, quando moravam em tendas, como no Evangelho, quando relata a visita de Jesus Cristo a L\u00e1zaro, Marta e Maria. Deus vem a n\u00f3s como qualquer pessoa e deseja ser acolhido.<\/div>\n<div class=\"title__separator\">\n<p>A primeira leitura versa sobre a dificuldade que temos quando fazemos um ato de caridade e de acolhida e nos lembramos das palavras de Jesus: \u201cQuem acolhe um desses pequeninos, me acolhe e quem me acolhe, acolhe o Pai que me enviou.\u201d Abra\u00e3o n\u00e3o sabe que acolhe Deus, mas no final tem consci\u00eancia de que hospedou e serviu o Deus Alt\u00edssimo nas pessoas daqueles tr\u00eas homens.<\/p>\n<p>Os tr\u00eas chegaram \u00e0 tenda de Abr\u00e3o em um momento inoportuno. Fazia o maior calor do dia e Abra\u00e3o fazia sua sesta. Todavia, ao v\u00ea-los ao longe, ele se levanta e se dirige aos visitantes e lhes d\u00e1 as boas-vindas. Faz com que se sentem, traz \u00e1gua para que lavem os p\u00e9s e vai tomar outras provid\u00eancias para bem receb\u00ea-los. Mais tarde, aparece com p\u00e3o feito na hora, com a carne do novilho que havia mandado o empregado matar e preparar, com coalhada e com leite.<\/p>\n<p>Podemos dizer que, com sua generosidade, Abra\u00e3o providenciou o m\u00e1ximo que ele podia oferecer e ofereceu um banquete.<\/p>\n<p>Abra\u00e3o n\u00e3o se senta, mas permanece de p\u00e9, no sentido de estar dispon\u00edvel para servi-los. Podemos imaginar, pela fala de Abra\u00e3o, que os chama de &#8220;meu Senhor&#8221; ao acolh\u00ea-los, que intu\u00eda que os visitantes fossem Deus.<\/p>\n<p>Por outro lado, eles se comportam de modo diferente de como os habitantes daquela regi\u00e3o se comportariam, n\u00e3o perguntando pela mulher do dono da casa; ao inv\u00e9s, eles perguntam por ela e demonstram saber seu nome, e fazem alus\u00e3o \u00e0 sua esterilidade, prometendo-lhes um filho dentro de um ano.<\/p>\n<p>O relato da visita de Jesus \u00e0 fam\u00edlia de Bet\u00e2nia traz \u00e0 nossa reflex\u00e3o a dimens\u00e3o espiritual que pode conter uma visita e sua acolhida.<\/p>\n<p>Jesus n\u00e3o critica Marta por chamar sua irm\u00e3 para ajud\u00e1-la nos afazeres e nem elogia Maria porque, aparentemente, est\u00e1 desligada, n\u00e3o percebendo o&nbsp;<i>&#8220;sufoco&#8221;<\/i>&nbsp;da irm\u00e3. Marta \u00e9 censurada por Jesus porque est\u00e1 &#8220;preocupada e agitada por muitas coisas&#8221;; est\u00e1 dispersa em meio a tantos afazeres. Maria \u00e9 elogiada porque est\u00e1 na &#8220;escuta da Palavra&#8221;.<\/p>\n<p>Marta deveria ter-se envolvido no trabalho ap\u00f3s ter escutado a Palavra. Isso evitaria que ela ca\u00edsse na agita\u00e7\u00e3o, na canseira e na neurastenia.<\/p>\n<p>Por outro lado, durante esse epis\u00f3dio, n\u00e3o se ouviu a voz de Maria. Ela permaneceu silenciosa todo o tempo. Certamente, em seu sil\u00eancio, Maria viu a rea\u00e7\u00e3o da irm\u00e3 e se levantou colocou o avental e foi trabalhar. Por sua vez, Marta deixou o avental e foi acalmar-se aos p\u00e9s de Jesus, quando este a censurou.<\/p>\n<p>Abra\u00e3o, com serenidade, deixou seu descanso no momento mais exaustivo do dia e foi servir os h\u00f3spedes. Marta, preocupada em servir o Mestre, se esqueceu de se alimentar de sua Palavra e ficou agitada, preparando a refei\u00e7\u00e3o. Maria, a dispon\u00edvel, primeiro se preparou para o servi\u00e7o, ouvindo o Senhor. Mesmo com a reclama\u00e7\u00e3o da irm\u00e3, mesmo trabalhando e servindo o tempo todo, conservou a serenidade a ponto de n\u00e3o se ouvir sua palavra.<\/p>\n<p>A acolhida mais importante \u00e9 a feita \u00e0 Palavra de Deus. Ela ir\u00e1 nos ensinar a acolher todas as pessoas. Contudo, seremos mais felizes se estivermos no seguimento de Abra\u00e3o e de Maria, acolhendo a Palavra nos dois sentidos: tanto em escutar o Senhor, a Palavra encarnada, como em servi-la com nossos pr\u00e9stimos, deixando que ela fale atrav\u00e9s de nossos gestos, deixando o Verbo encarnar em n\u00f3s, como fez Maria de Nazar\u00e9.<\/p>\n<p>Do mesmo como Maria de Bet\u00e2nia e como Maria de Nazar\u00e9, com serenidade, conservemos tudo no sil\u00eancio de nosso cora\u00e7\u00e3o.&nbsp;<\/p>\n<\/div>\n<div class=\"article__text\">\n<p><b>Por: Pe. Cesar Augusto dos Santos\/Vatican News<\/b><\/p>\n<\/div>\n","protected":false},"excerpt":{"rendered":"<p>O tema da liturgia de hoje \u00e9 a hospitalidade. Abra\u00e3o, com serenidade, deixou seu descanso no momento mais exaustivo do dia e foi servir os h\u00f3spedes. Marta, preocupada em servir o Mestre, se esqueceu de se alimentar de sua Palavra e ficou agitada, preparando a refei\u00e7\u00e3o. &nbsp; O tema da liturgia de hoje \u00e9 a&nbsp;<\/p>\n<p><a class=\"btn btn-style\" href=\"http:\/\/portalcatolico.net\/portal\/reflexao-para-o-xvi-do-tempo-comum\/\">Continue Reading<\/a><\/p>\n","protected":false},"author":2,"featured_media":65565,"comment_status":"open","ping_status":"open","sticky":false,"template":"","format":"standard","meta":{"footnotes":""},"categories":[5],"tags":[],"class_list":["post-65564","post","type-post","status-publish","format-standard","has-post-thumbnail","hentry","category-igreja_no_mundo"],"_links":{"self":[{"href":"http:\/\/portalcatolico.net\/portal\/wp-json\/wp\/v2\/posts\/65564","targetHints":{"allow":["GET"]}}],"collection":[{"href":"http:\/\/portalcatolico.net\/portal\/wp-json\/wp\/v2\/posts"}],"about":[{"href":"http:\/\/portalcatolico.net\/portal\/wp-json\/wp\/v2\/types\/post"}],"author":[{"embeddable":true,"href":"http:\/\/portalcatolico.net\/portal\/wp-json\/wp\/v2\/users\/2"}],"replies":[{"embeddable":true,"href":"http:\/\/portalcatolico.net\/portal\/wp-json\/wp\/v2\/comments?post=65564"}],"version-history":[{"count":1,"href":"http:\/\/portalcatolico.net\/portal\/wp-json\/wp\/v2\/posts\/65564\/revisions"}],"predecessor-version":[{"id":65566,"href":"http:\/\/portalcatolico.net\/portal\/wp-json\/wp\/v2\/posts\/65564\/revisions\/65566"}],"wp:featuredmedia":[{"embeddable":true,"href":"http:\/\/portalcatolico.net\/portal\/wp-json\/wp\/v2\/media\/65565"}],"wp:attachment":[{"href":"http:\/\/portalcatolico.net\/portal\/wp-json\/wp\/v2\/media?parent=65564"}],"wp:term":[{"taxonomy":"category","embeddable":true,"href":"http:\/\/portalcatolico.net\/portal\/wp-json\/wp\/v2\/categories?post=65564"},{"taxonomy":"post_tag","embeddable":true,"href":"http:\/\/portalcatolico.net\/portal\/wp-json\/wp\/v2\/tags?post=65564"}],"curies":[{"name":"wp","href":"https:\/\/api.w.org\/{rel}","templated":true}]}}