{"id":65561,"date":"2019-07-20T22:20:03","date_gmt":"2019-07-21T01:20:03","guid":{"rendered":"http:\/\/portalcatolico.net\/portal\/?p=65561"},"modified":"2019-07-20T22:20:03","modified_gmt":"2019-07-21T01:20:03","slug":"grupo-de-catolicos-nos-eua-se-dedica-a-resgatar-fieis-distanciados-da-igreja","status":"publish","type":"post","link":"http:\/\/portalcatolico.net\/portal\/grupo-de-catolicos-nos-eua-se-dedica-a-resgatar-fieis-distanciados-da-igreja\/","title":{"rendered":"Grupo de Cat\u00f3licos nos EUA se dedica a resgatar fi\u00e9is distanciados da Igreja"},"content":{"rendered":"<p>Uma iniciativa dos Padres Paulistas nos Estados Unidos, apresentada como um Minist\u00e9rio de Reconcilia\u00e7\u00e3o, busca chegar aos numerosos fi\u00e9is que se distanciaram da F\u00e9 para oferecer uma oportunidade de retornar \u00e0 Igreja. Com um rosto am\u00e1vel e oportunidade de escuta, o minist\u00e9rio trabalha para vencer os temores e preju\u00edzos que impedem \u00e0 muitos redescobrir os tesouros da F\u00e9 Cat\u00f3lica.<\/p>\n<p>O minist\u00e9rio leva por nome \u2018Landings&#8217;, uma palavra que poderia ser traduzida como chegadas, desembarques ou aterrissagens, e que recorda as boas vindas alegres que os viajantes experimentam ao retornarem \u00e0 sua p\u00e1tria por parte de seus entes queridos. &#8220;\u00c9 um programa que convida todas as par\u00f3quias e comunidades cat\u00f3licas a aproximarem-se dos cat\u00f3licos que est\u00e3o distantes da Igreja ou que lutam em sua rela\u00e7\u00e3o com Deus e a Igreja&#8221;, explica a apresenta\u00e7\u00e3o oficial da iniciativa. &#8220;De maneira acolhedora e sem preju\u00edzos, pequenos grupos de cat\u00f3licos leigos ativos se unem a cat\u00f3licos que regressam ou est\u00e3o inativos para compartilhar suas viagens espirituais e explorar sua F\u00e9 Cat\u00f3lica&#8221;.<\/p>\n<p>Atrav\u00e9s do di\u00e1logo e dos testemunhos compartilhados, os grupos buscam inspirar um retorno \u00e0 pr\u00e1tica religiosa e um encontro mais profundo e pessoal com Jesus Cristo. &#8220;Os desembarques ajudam aos cat\u00f3licos que est\u00e3o longe da Igreja a fazer uma aterrissagem suave quando retornam \u00e0 F\u00e9 e \u00e0 vida paroquial&#8221;, comentam os organizadores.<\/p>\n<p>&#8220;Descobri que a maioria dos problemas que tinha com a Igreja n\u00e3o existiam. Eu havia entendido mal os ensinamentos da Igreja&#8221;, comentou Melanie Rigney, uma fiel que retornou \u00e0 F\u00e9 depois de d\u00e9cadas de distanciamento. &#8220;Depois veio o momento da alegria. O dia de Natal em 2005 foi a primeira vez que recebi a Eucaristia em 33 anos, e a primeira vez em minha vida que fui \u00e0 Missa no dia de Natal&#8221;.<\/p>\n<p>Os participantes do minist\u00e9rio dedicam duas horas por semana \u00e0 reuni\u00f5es de grupos pequenos com dois ou tr\u00eas facilitadores que fomentam o di\u00e1logo e d\u00e3o seus pr\u00f3prios testemunhos de convers\u00e3o. Os fi\u00e9is se d\u00e3o conta de que compartilham o caminho da F\u00e9 com outras pessoas e a experi\u00eancia est\u00e1 centrada em fomentar uma rela\u00e7\u00e3o pessoal com Deus e um esp\u00edrito de comunh\u00e3o com os demais cat\u00f3licos. Depois de uma fase inicial, se come\u00e7ou a abordar temas de F\u00e9 e doutrina cat\u00f3licas.<\/p>\n<p>&#8220;Em \u2018Landings&#8217;, nos convidaram a aprofundar ainda mais, o que significa que temos que abra\u00e7ar a vulnerabilidade e a humildade. Quando se \u00e9 humilde e vulner\u00e1vel se pode compartilhar algo muito profundo&#8221;, relatou Tony See, um cat\u00f3lico de Singapura que retornou \u00e0 pr\u00e1tica da F\u00e9 atrav\u00e9s do minist\u00e9rio. &#8220;(Landings) se dirige \u00e0s pessoas que pertencem \u00e0 Igreja mas est\u00e3o fora dela, porque querem retornar mas s\u00e3o emocional ou espiritualmente d\u00e9beis para retornar por sua conta. Assim que temos que sair, alcan\u00e7\u00e1-los e traz\u00ea-los para casa&#8221;. (Gaudiumpress)<\/p>\n","protected":false},"excerpt":{"rendered":"<p>Uma iniciativa dos Padres Paulistas nos Estados Unidos, apresentada como um Minist\u00e9rio de Reconcilia\u00e7\u00e3o, busca chegar aos numerosos fi\u00e9is que se distanciaram da F\u00e9 para oferecer uma oportunidade de retornar \u00e0 Igreja. Com um rosto am\u00e1vel e oportunidade de escuta, o minist\u00e9rio trabalha para vencer os temores e preju\u00edzos que impedem \u00e0 muitos redescobrir os&nbsp;<\/p>\n<p><a class=\"btn btn-style\" href=\"http:\/\/portalcatolico.net\/portal\/grupo-de-catolicos-nos-eua-se-dedica-a-resgatar-fieis-distanciados-da-igreja\/\">Continue Reading<\/a><\/p>\n","protected":false},"author":2,"featured_media":65562,"comment_status":"open","ping_status":"open","sticky":false,"template":"","format":"standard","meta":{"footnotes":""},"categories":[69],"tags":[],"class_list":["post-65561","post","type-post","status-publish","format-standard","has-post-thumbnail","hentry","category-artigos"],"_links":{"self":[{"href":"http:\/\/portalcatolico.net\/portal\/wp-json\/wp\/v2\/posts\/65561","targetHints":{"allow":["GET"]}}],"collection":[{"href":"http:\/\/portalcatolico.net\/portal\/wp-json\/wp\/v2\/posts"}],"about":[{"href":"http:\/\/portalcatolico.net\/portal\/wp-json\/wp\/v2\/types\/post"}],"author":[{"embeddable":true,"href":"http:\/\/portalcatolico.net\/portal\/wp-json\/wp\/v2\/users\/2"}],"replies":[{"embeddable":true,"href":"http:\/\/portalcatolico.net\/portal\/wp-json\/wp\/v2\/comments?post=65561"}],"version-history":[{"count":1,"href":"http:\/\/portalcatolico.net\/portal\/wp-json\/wp\/v2\/posts\/65561\/revisions"}],"predecessor-version":[{"id":65563,"href":"http:\/\/portalcatolico.net\/portal\/wp-json\/wp\/v2\/posts\/65561\/revisions\/65563"}],"wp:featuredmedia":[{"embeddable":true,"href":"http:\/\/portalcatolico.net\/portal\/wp-json\/wp\/v2\/media\/65562"}],"wp:attachment":[{"href":"http:\/\/portalcatolico.net\/portal\/wp-json\/wp\/v2\/media?parent=65561"}],"wp:term":[{"taxonomy":"category","embeddable":true,"href":"http:\/\/portalcatolico.net\/portal\/wp-json\/wp\/v2\/categories?post=65561"},{"taxonomy":"post_tag","embeddable":true,"href":"http:\/\/portalcatolico.net\/portal\/wp-json\/wp\/v2\/tags?post=65561"}],"curies":[{"name":"wp","href":"https:\/\/api.w.org\/{rel}","templated":true}]}}