{"id":65493,"date":"2019-07-14T19:39:30","date_gmt":"2019-07-14T22:39:30","guid":{"rendered":"http:\/\/portalcatolico.net\/portal\/?p=65493"},"modified":"2019-07-15T11:45:23","modified_gmt":"2019-07-15T14:45:23","slug":"formacao-do-apostolado-da-oracao-e-do-mej-acontecem-em-itabuna","status":"publish","type":"post","link":"http:\/\/portalcatolico.net\/portal\/formacao-do-apostolado-da-oracao-e-do-mej-acontecem-em-itabuna\/","title":{"rendered":"Forma\u00e7\u00e3o do Apostolado da Ora\u00e7\u00e3o e do MEJ acontecem em Itabuna"},"content":{"rendered":"<p><img loading=\"lazy\" decoding=\"async\" class=\"alignnone wp-image-65496\" src=\"http:\/\/portalcatolico.net\/portal\/wp-content\/uploads\/2019\/07\/66577060_2952923048083637_339467562171498496_n-300x300.jpg\" alt=\"\" width=\"739\" height=\"739\" srcset=\"http:\/\/portalcatolico.net\/portal\/wp-content\/uploads\/2019\/07\/66577060_2952923048083637_339467562171498496_n-300x300.jpg 300w, http:\/\/portalcatolico.net\/portal\/wp-content\/uploads\/2019\/07\/66577060_2952923048083637_339467562171498496_n-150x150.jpg 150w, http:\/\/portalcatolico.net\/portal\/wp-content\/uploads\/2019\/07\/66577060_2952923048083637_339467562171498496_n-768x768.jpg 768w, http:\/\/portalcatolico.net\/portal\/wp-content\/uploads\/2019\/07\/66577060_2952923048083637_339467562171498496_n.jpg 960w\" sizes=\"auto, (max-width: 739px) 100vw, 739px\" \/><\/p>\n<p>Aconteceu na tarde do \u00faltimo s\u00e1bado (13), a Forma\u00e7\u00e3o do Apostolado da Ora\u00e7\u00e3o&nbsp;(AO)&nbsp; e do MEJ da Forania Centro&nbsp;que s\u00e3o compostas por 14 par\u00f3quias na&nbsp;cidade de Itabuna, no sul da Bahia.<\/p>\n<p>O Encontro de Forma\u00e7\u00e3o foi realizada&nbsp;no sal\u00e3o paroquial da&nbsp; Par\u00f3quia Santa Rita de C\u00e1ssia, que fica&nbsp; situada&nbsp;no bairro S\u00e3o Caetano. Vale ressaltar que a diocese de Itabuna \u00e9&nbsp;composta por 33 par\u00f3quias em 19 munic\u00edpios em tr\u00eas faronias, sendo elas:&nbsp;Centro, Norte e Sul.<\/p>\n<p>O encontro teve a participa\u00e7\u00e3o do Assessor&nbsp;Eclesi\u00e1stico do AO e MEJ, di\u00e1cono permanente da diocese de Itabuna,&nbsp;Esmeraldo Sardinha, e do bispo diocesano Dom Carlos Alberto dos&nbsp;Santos.<\/p>\n<p>A coordena\u00e7\u00e3o diocesana do AO e MEJ e membros dos n\u00facleos do AO&nbsp;de Itabuna tamb\u00e9m estiveram presentes.<\/p>\n<p>Informa\u00e7\u00f5es e fotos: Pascom da diocese de Itabuna.<br \/>\nEdi\u00e7\u00e3o e adapta\u00e7\u00e3o de texto: Reda\u00e7\u00e3o\/ Portal Cat\u00f3lico.Net<\/p>\n<p><img loading=\"lazy\" decoding=\"async\" class=\"alignnone size-medium wp-image-65501\" src=\"http:\/\/portalcatolico.net\/portal\/wp-content\/uploads\/2019\/07\/67094338_2952922821416993_1166821758238457856_n-300x300.jpg\" alt=\"\" width=\"300\" height=\"300\" srcset=\"http:\/\/portalcatolico.net\/portal\/wp-content\/uploads\/2019\/07\/67094338_2952922821416993_1166821758238457856_n-300x300.jpg 300w, http:\/\/portalcatolico.net\/portal\/wp-content\/uploads\/2019\/07\/67094338_2952922821416993_1166821758238457856_n-150x150.jpg 150w, http:\/\/portalcatolico.net\/portal\/wp-content\/uploads\/2019\/07\/67094338_2952922821416993_1166821758238457856_n-768x768.jpg 768w, http:\/\/portalcatolico.net\/portal\/wp-content\/uploads\/2019\/07\/67094338_2952922821416993_1166821758238457856_n.jpg 960w\" sizes=\"auto, (max-width: 300px) 100vw, 300px\" \/> <img loading=\"lazy\" decoding=\"async\" class=\"alignnone size-medium wp-image-65502\" src=\"http:\/\/portalcatolico.net\/portal\/wp-content\/uploads\/2019\/07\/66621852_2952923131416962_9209474450397855744_n-300x300.jpg\" alt=\"\" width=\"300\" height=\"300\" srcset=\"http:\/\/portalcatolico.net\/portal\/wp-content\/uploads\/2019\/07\/66621852_2952923131416962_9209474450397855744_n-300x300.jpg 300w, http:\/\/portalcatolico.net\/portal\/wp-content\/uploads\/2019\/07\/66621852_2952923131416962_9209474450397855744_n-150x150.jpg 150w, http:\/\/portalcatolico.net\/portal\/wp-content\/uploads\/2019\/07\/66621852_2952923131416962_9209474450397855744_n-768x768.jpg 768w, http:\/\/portalcatolico.net\/portal\/wp-content\/uploads\/2019\/07\/66621852_2952923131416962_9209474450397855744_n.jpg 960w\" sizes=\"auto, (max-width: 300px) 100vw, 300px\" \/><\/p>\n","protected":false},"excerpt":{"rendered":"<p>Aconteceu na tarde do \u00faltimo s\u00e1bado (13), a Forma\u00e7\u00e3o do Apostolado da Ora\u00e7\u00e3o&nbsp;(AO)&nbsp; e do MEJ da Forania Centro&nbsp;que s\u00e3o compostas por 14 par\u00f3quias na&nbsp;cidade de Itabuna, no sul da Bahia. O Encontro de Forma\u00e7\u00e3o foi realizada&nbsp;no sal\u00e3o paroquial da&nbsp; Par\u00f3quia Santa Rita de C\u00e1ssia, que fica&nbsp; situada&nbsp;no bairro S\u00e3o Caetano. Vale ressaltar que a&nbsp;<\/p>\n<p><a class=\"btn btn-style\" href=\"http:\/\/portalcatolico.net\/portal\/formacao-do-apostolado-da-oracao-e-do-mej-acontecem-em-itabuna\/\">Continue Reading<\/a><\/p>\n","protected":false},"author":2,"featured_media":65494,"comment_status":"open","ping_status":"open","sticky":false,"template":"","format":"standard","meta":{"footnotes":""},"categories":[4],"tags":[],"class_list":["post-65493","post","type-post","status-publish","format-standard","has-post-thumbnail","hentry","category-destaques"],"_links":{"self":[{"href":"http:\/\/portalcatolico.net\/portal\/wp-json\/wp\/v2\/posts\/65493","targetHints":{"allow":["GET"]}}],"collection":[{"href":"http:\/\/portalcatolico.net\/portal\/wp-json\/wp\/v2\/posts"}],"about":[{"href":"http:\/\/portalcatolico.net\/portal\/wp-json\/wp\/v2\/types\/post"}],"author":[{"embeddable":true,"href":"http:\/\/portalcatolico.net\/portal\/wp-json\/wp\/v2\/users\/2"}],"replies":[{"embeddable":true,"href":"http:\/\/portalcatolico.net\/portal\/wp-json\/wp\/v2\/comments?post=65493"}],"version-history":[{"count":4,"href":"http:\/\/portalcatolico.net\/portal\/wp-json\/wp\/v2\/posts\/65493\/revisions"}],"predecessor-version":[{"id":65503,"href":"http:\/\/portalcatolico.net\/portal\/wp-json\/wp\/v2\/posts\/65493\/revisions\/65503"}],"wp:featuredmedia":[{"embeddable":true,"href":"http:\/\/portalcatolico.net\/portal\/wp-json\/wp\/v2\/media\/65494"}],"wp:attachment":[{"href":"http:\/\/portalcatolico.net\/portal\/wp-json\/wp\/v2\/media?parent=65493"}],"wp:term":[{"taxonomy":"category","embeddable":true,"href":"http:\/\/portalcatolico.net\/portal\/wp-json\/wp\/v2\/categories?post=65493"},{"taxonomy":"post_tag","embeddable":true,"href":"http:\/\/portalcatolico.net\/portal\/wp-json\/wp\/v2\/tags?post=65493"}],"curies":[{"name":"wp","href":"https:\/\/api.w.org\/{rel}","templated":true}]}}