{"id":65485,"date":"2019-07-14T05:04:34","date_gmt":"2019-07-14T08:04:34","guid":{"rendered":"http:\/\/portalcatolico.net\/portal\/?p=65485"},"modified":"2019-07-14T20:05:09","modified_gmt":"2019-07-14T23:05:09","slug":"papa-nomeia-cardeal-sergio-da-rocha-membro-da-congregacao-para-o-clero","status":"publish","type":"post","link":"http:\/\/portalcatolico.net\/portal\/papa-nomeia-cardeal-sergio-da-rocha-membro-da-congregacao-para-o-clero\/","title":{"rendered":"Papa nomeia cardeal Sergio da Rocha membro da Congrega\u00e7\u00e3o para o Clero"},"content":{"rendered":"<div>O papa Francisco nomeou neste s\u00e1bado (13\/07) novos membros da Congrega\u00e7\u00e3o para o Clero. Entre os cardeais, h\u00e1 um brasileiro: o arcebispo de Bras\u00edlia, S\u00e9rgio da Rocha que at\u00e9 maio deste ano exerceu a fun\u00e7\u00e3o de presidente da Confer\u00eancia Nacional dos Bispos do Brasil (CNBB). O cardeal Sergio tamb\u00e9m foi, em outubro do ano passado, o Relator Geral da XV Assembleia Ordin\u00e1ria do S\u00ednodo dos Bispos, o S\u00ednodo dos Jovens.<\/div>\n<div>&nbsp;<\/div>\n<div>Os demais escolhidos s\u00e3o: Anders Arborelius, bispo de Estocolmo (Su\u00e9cia); Giuseppe Petrocchi, arcebispo de L\u2019Aquila (It\u00e1lia); Baltazar Enrique Porras Cardozo, administrador apost\u00f3lico de Caracas e arcebispo de M\u00e9rida (Venezuela).&nbsp;A Congrega\u00e7\u00e3o tem outro dois cardeais brasileiros como membros: Jo\u00e3o Braz de Aviz, prefeito da Congrega\u00e7\u00e3o para os Institutos de Vida Consagrada e as Sociedades de Vida Apost\u00f3lica, e Odilo Pedro Scherer, arcebispo de S\u00e3o Paulo.Tamb\u00e9m foram nomeados os seguintes bispos e arcebispos: Filippo Iannone, presidente do Pontif\u00edcio Conselho para os Textos Legislativos; Milton Luis Tr\u00f3ccoli Cebedio, bispo de Maldonado-Punta del Este (Uruguai); Michel Aupetit, arcebispo de Paris (Fran\u00e7a); Robert Francis Prevost, bispo de Chiclayo (Peru); Juan de la Caridad Garc\u00eda Rodr\u00edguez, arcebispo de Havana (Cuba).<\/div>\n<div class=\"article__text\">\n<p>Integram a Congrega\u00e7\u00e3o outros dois cardeais brasileiros: Jo\u00e3o Braz de Aviz, prefeito da Congrega\u00e7\u00e3o para os Institutos de Vida Consagrada e as Sociedades de Vida Apost\u00f3lica, e Odilo Pedro Scherer, arcebispo de S\u00e3o Paulo.<\/p>\n<p>A compet\u00eancia da Congrega\u00e7\u00e3o para o Clero est\u00e1 atualmente indicada nos artigos 93-98 da Constitui\u00e7\u00e3o Apost\u00f3lica&nbsp;<i>Pastor Bonus<\/i>, sendo articulada em quatro Se\u00e7\u00f5es:<\/p>\n<p>1. \u201c<b>Se\u00e7\u00e3o Clero<\/b>\u201d: re\u00fane, sugere e promove iniciativas para a santidade e a atualiza\u00e7\u00e3o intelectual e pastoral do Clero (Sacerdotes diocesanos e di\u00e1conos) e para a sua forma\u00e7\u00e3o permanente; exerce vigil\u00e2ncia sobre os Cap\u00edtulos Catedral\u00edcios, os Conselhos Pastorais, os Conselhos Presbiterais, os p\u00e1rocos, todos os cl\u00e9rigos que exercem o minist\u00e9rio pastoral, etc., as ofertas das Missas, as pias funda\u00e7\u00f5es, pias doa\u00e7\u00f5es, orat\u00f3rios, igrejas, santu\u00e1rios, arquivos eclesi\u00e1sticos e bibliotecas; promove uma distribui\u00e7\u00e3o mais adequada do clero no mundo.<\/p>\n<p>2.- \u201c<b>Se\u00e7\u00e3o Semin\u00e1rios<\/b>\u201d: com o&nbsp;<i>Motu Proprio&nbsp;<\/i>\u201e<i>Ministrorum institutio\u201c<\/i>&nbsp;&nbsp;de 16 de Janeiro de 2013, o Papa Bento XVI atribuiu \u00e0 Congrega\u00e7\u00e3o para o Clero a compet\u00eancia sobre todos os Semin\u00e1rios, com exce\u00e7\u00e3o daqueles dependentes das Congrega\u00e7\u00f5es para as Igrejas Orientais e para a Evangeliza\u00e7\u00e3o para os Povos, e transferiu ao mesmo Dicast\u00e9rio a&nbsp;<b>Pontif\u00edcia Obra para as Voca\u00e7\u00f5es Sacerdotais<\/b>&nbsp;(erigida com o&nbsp;<i>Motu Proprio Cum nobis<\/i>, de SS. Pio XII, 04 de novembro de 1941). Tal inova\u00e7\u00e3o recebeu maior impulso com o Decreto Conciliar&nbsp;<i>Optatam totius<\/i>, n. 2, 28 de outubro de 1965.<\/p>\n<p>3.- \u201c<b>Se\u00e7\u00e3o Administrativa<\/b>\u201d: \u00e9 competente em mat\u00e9ria de ordenamento e administra\u00e7\u00e3o dos bens eclesi\u00e1sticos pertencentes \u00e0s pessoas jur\u00eddicas p\u00fablicas. Al\u00e9m disso, concede as licen\u00e7as para os neg\u00f3cios jur\u00eddicos previstos pelos c\u00e2nones 1292 e 1295 CIC e das aprova\u00e7\u00f5es das taxas e dos tributos. Enfim, tem cuidado tamb\u00e9m da remunera\u00e7\u00e3o justa, da previd\u00eancia por invalidez ou envelhecimento, da assist\u00eancia sanit\u00e1ria do clero, etc.<\/p>\n<p>4.-&nbsp;<b>\u201cSe\u00e7\u00e3o Dispensas\u201d<\/b>: Tal se\u00e7\u00e3o, que foi institu\u00edda com Carta N. 64.730\/P, de 28 de dezembro de 2007, \u00e9 competente para tratar, conforme o direito, as dispensas das obriga\u00e7\u00f5es decorrentes da sacra ordena\u00e7\u00e3o do Diaconato e do Presbiterato, dos cl\u00e9rigos diocesanos e religiosos da Igreja Latina e das Igrejas Orientais.<\/p>\n<p>O antigo&nbsp;<b><i>Studium<\/i><\/b>&nbsp;(Curso de Pr\u00e1tica Administrativo-Can\u00f4nica) est\u00e1 anexado \u00e0 Congrega\u00e7\u00e3o para o Clero e foi reconhecido oficialmente pelo Papa Bento XV, com Decreto do dia 28 de outubro de 1919, para que os sacerdotes jovens adquirissem pr\u00e1tica no exerc\u00edcio ordin\u00e1rio e regular dos temas eclesi\u00e1sticos e em particular na aplica\u00e7\u00e3o das leis can\u00f4nicas no \u00e2mbito administrativo.<\/p>\n<p>O&nbsp;<b>Instituto \u201cSacrum Ministerium\u201d<\/b>, a partir do Ano Letivo 1994-1995, foi anexado \u00e0 Congrega\u00e7\u00e3o para o Clero, para a forma\u00e7\u00e3o dos respons\u00e1veis pela forma\u00e7\u00e3o permanente dos sacerdotes. No mesmo ano, iniciou-se a publica\u00e7\u00e3o semestral da revista com o mesmo nome. Tal publica\u00e7\u00e3o representa um aux\u00edlio aos Ordin\u00e1rios, Sacerdotes, demais cl\u00e9rigos, nos \u00e2mbitos formativos do minist\u00e9rio pastoral, no vasto universo da forma\u00e7\u00e3o permanente.<\/p>\n<p>Com informa\u00e7\u00f5es do&nbsp;Vatican News<\/p>\n<\/div>\n","protected":false},"excerpt":{"rendered":"<p>O papa Francisco nomeou neste s\u00e1bado (13\/07) novos membros da Congrega\u00e7\u00e3o para o Clero. Entre os cardeais, h\u00e1 um brasileiro: o arcebispo de Bras\u00edlia, S\u00e9rgio da Rocha que at\u00e9 maio deste ano exerceu a fun\u00e7\u00e3o de presidente da Confer\u00eancia Nacional dos Bispos do Brasil (CNBB). O cardeal Sergio tamb\u00e9m foi, em outubro do ano passado,&nbsp;<\/p>\n<p><a class=\"btn btn-style\" href=\"http:\/\/portalcatolico.net\/portal\/papa-nomeia-cardeal-sergio-da-rocha-membro-da-congregacao-para-o-clero\/\">Continue Reading<\/a><\/p>\n","protected":false},"author":2,"featured_media":65486,"comment_status":"open","ping_status":"open","sticky":false,"template":"","format":"standard","meta":{"footnotes":""},"categories":[5],"tags":[],"class_list":["post-65485","post","type-post","status-publish","format-standard","has-post-thumbnail","hentry","category-igreja_no_mundo"],"_links":{"self":[{"href":"http:\/\/portalcatolico.net\/portal\/wp-json\/wp\/v2\/posts\/65485","targetHints":{"allow":["GET"]}}],"collection":[{"href":"http:\/\/portalcatolico.net\/portal\/wp-json\/wp\/v2\/posts"}],"about":[{"href":"http:\/\/portalcatolico.net\/portal\/wp-json\/wp\/v2\/types\/post"}],"author":[{"embeddable":true,"href":"http:\/\/portalcatolico.net\/portal\/wp-json\/wp\/v2\/users\/2"}],"replies":[{"embeddable":true,"href":"http:\/\/portalcatolico.net\/portal\/wp-json\/wp\/v2\/comments?post=65485"}],"version-history":[{"count":2,"href":"http:\/\/portalcatolico.net\/portal\/wp-json\/wp\/v2\/posts\/65485\/revisions"}],"predecessor-version":[{"id":65488,"href":"http:\/\/portalcatolico.net\/portal\/wp-json\/wp\/v2\/posts\/65485\/revisions\/65488"}],"wp:featuredmedia":[{"embeddable":true,"href":"http:\/\/portalcatolico.net\/portal\/wp-json\/wp\/v2\/media\/65486"}],"wp:attachment":[{"href":"http:\/\/portalcatolico.net\/portal\/wp-json\/wp\/v2\/media?parent=65485"}],"wp:term":[{"taxonomy":"category","embeddable":true,"href":"http:\/\/portalcatolico.net\/portal\/wp-json\/wp\/v2\/categories?post=65485"},{"taxonomy":"post_tag","embeddable":true,"href":"http:\/\/portalcatolico.net\/portal\/wp-json\/wp\/v2\/tags?post=65485"}],"curies":[{"name":"wp","href":"https:\/\/api.w.org\/{rel}","templated":true}]}}