{"id":65482,"date":"2019-07-14T04:00:04","date_gmt":"2019-07-14T07:00:04","guid":{"rendered":"http:\/\/portalcatolico.net\/portal\/?p=65482"},"modified":"2019-07-14T20:00:27","modified_gmt":"2019-07-14T23:00:27","slug":"fundadora-das-filhas-de-sao-camilo-sera-canonizada-em-outubro","status":"publish","type":"post","link":"http:\/\/portalcatolico.net\/portal\/fundadora-das-filhas-de-sao-camilo-sera-canonizada-em-outubro\/","title":{"rendered":"Fundadora das Filhas de S\u00e3o Camilo ser\u00e1 canonizada em outubro"},"content":{"rendered":"<p>Recentemente a Santa S\u00e9 informou que em 13 de outubro pr\u00f3ximo ser\u00e3o canonizados cinco beatos.<\/p>\n<p>Entre os novos canonizados estar\u00e1 Madre Giuseppina Vannini, fundadora da Congrega\u00e7\u00e3o das Filhas de S\u00e3o Camilo.<\/p>\n<p>A prop\u00f3sito da anunciada canoniza\u00e7\u00e3o da religiosa italiana, irm\u00e3 Bernardette Rosoni, que \u00e9 postuladora das causas de canoniza\u00e7\u00e3o da Congrega\u00e7\u00e3o disse:<br \/>\n&#8220;Vivemos este an\u00fancio como um momento de grande alegria. Depois de S\u00e3o Camilo, a Madre Giuseppina Vannini \u00e9 a primeira santa de nossa Congrega\u00e7\u00e3o&#8221;.<\/p>\n<p>Irm\u00e3 Rosoni falou do testemunho de santidade que Madre Vannini deixou. Ela salientou sobretudo a aten\u00e7\u00e3o aos enfermos e mais necessitados:&nbsp;<br \/>\n&#8220;Cuida dos pobres e enfermos com o mesmo amor, como se uma m\u00e3e amorosa cuidasse de seu \u00fanico filho enfermo. Este foi o mandato que deixou Madre Vannini e que ainda vivemos hoje no mundo&#8221;.<\/p>\n<p><strong>Beata Giuseppina Vannini<\/strong><\/p>\n<p>A Beata Giuseppina Vannini nasceu em Roma em 7 de julho de 1859. Depois de ficar \u00f3rf\u00e3 muito cedo, foi confiada aos cuidados das Irm\u00e3s Vicentina que tornaram sua fam\u00edlia por 17 anos.<\/p>\n<p>Vivendo em ambiente de vida consagrada, n\u00e3o tardou nascer na alma de Giuseppina o desejo de tamb\u00e9m entrar para a vida religiosa e nela se consagrar a Deus.<\/p>\n<p>Mas, seu caminho de discernimento vocacional n\u00e3o foi f\u00e1cil.<\/p>\n<p>Ela encontrou pela frente v\u00e1rias dificuldades: teve que viver com sua tia e seus irm\u00e3os que logo trataram de convenc\u00ea-la a abandonar a ideia de tornar-se religiosa.<\/p>\n<p>Por\u00e9m, assim que cumpriu 32 anos de idade, depois de um encontro com o sacerdote Padre Luigi Tezza, sua vida mudou e ela deu um rumo definitivo a ela.<\/p>\n<p><strong>Formando uma comunidade religiosa<\/strong><\/p>\n<p>Os padres camilianos, uma comunidade religiosa que se dedica ao apostolado hospitalar, haviam encarregado ao Padre Tezza a forma\u00e7\u00e3o de uma comunidade religiosa feminina que compartisse com a espiritualidade camiliana.<\/p>\n<p>Em Roma, em um encontro com o Padre Pezza, o sacerdote prop\u00f4s a Giuseppina restaurar as Terciarias de S\u00e3o Camilo, um trabalho que foi logo aceito por ela com entusiasmo e que resultou na funda\u00e7\u00e3o das Filhas de S\u00e3o Camilo em 2 de fevereiro de 1892.<\/p>\n<p>O Instituto que tem um carisma que ainda est\u00e1 vivo e presente no mundo e que tem sua fonte e inspira\u00e7\u00e3o no Sagrado Cora\u00e7\u00e3o de Jesus enquanto manifestando-se na caridade para com os enfermos e necessitados, aos poucos, difundindo-se de Roma para toda a It\u00e1lia, depois para a B\u00e9lgica e Am\u00e9rica do Sul.<\/p>\n<p>A Fundadora da Congrega\u00e7\u00e3o das Filhas de S\u00e3o Camilo faleceu em Roma com fama de santidade. Era l dia 23 de fevereiro de 1911.&nbsp;<br \/>\nMadre Giuseppina Vannini foi beatificada em 16 de outubro de 1994 por S\u00e3o Jo\u00e3o Paulo II.(Gaudiumpress)<\/p>\n","protected":false},"excerpt":{"rendered":"<p>Recentemente a Santa S\u00e9 informou que em 13 de outubro pr\u00f3ximo ser\u00e3o canonizados cinco beatos. Entre os novos canonizados estar\u00e1 Madre Giuseppina Vannini, fundadora da Congrega\u00e7\u00e3o das Filhas de S\u00e3o Camilo. A prop\u00f3sito da anunciada canoniza\u00e7\u00e3o da religiosa italiana, irm\u00e3 Bernardette Rosoni, que \u00e9 postuladora das causas de canoniza\u00e7\u00e3o da Congrega\u00e7\u00e3o disse: &#8220;Vivemos este an\u00fancio&nbsp;<\/p>\n<p><a class=\"btn btn-style\" href=\"http:\/\/portalcatolico.net\/portal\/fundadora-das-filhas-de-sao-camilo-sera-canonizada-em-outubro\/\">Continue Reading<\/a><\/p>\n","protected":false},"author":2,"featured_media":65483,"comment_status":"open","ping_status":"open","sticky":false,"template":"","format":"standard","meta":{"footnotes":""},"categories":[69],"tags":[],"class_list":["post-65482","post","type-post","status-publish","format-standard","has-post-thumbnail","hentry","category-artigos"],"_links":{"self":[{"href":"http:\/\/portalcatolico.net\/portal\/wp-json\/wp\/v2\/posts\/65482","targetHints":{"allow":["GET"]}}],"collection":[{"href":"http:\/\/portalcatolico.net\/portal\/wp-json\/wp\/v2\/posts"}],"about":[{"href":"http:\/\/portalcatolico.net\/portal\/wp-json\/wp\/v2\/types\/post"}],"author":[{"embeddable":true,"href":"http:\/\/portalcatolico.net\/portal\/wp-json\/wp\/v2\/users\/2"}],"replies":[{"embeddable":true,"href":"http:\/\/portalcatolico.net\/portal\/wp-json\/wp\/v2\/comments?post=65482"}],"version-history":[{"count":1,"href":"http:\/\/portalcatolico.net\/portal\/wp-json\/wp\/v2\/posts\/65482\/revisions"}],"predecessor-version":[{"id":65484,"href":"http:\/\/portalcatolico.net\/portal\/wp-json\/wp\/v2\/posts\/65482\/revisions\/65484"}],"wp:featuredmedia":[{"embeddable":true,"href":"http:\/\/portalcatolico.net\/portal\/wp-json\/wp\/v2\/media\/65483"}],"wp:attachment":[{"href":"http:\/\/portalcatolico.net\/portal\/wp-json\/wp\/v2\/media?parent=65482"}],"wp:term":[{"taxonomy":"category","embeddable":true,"href":"http:\/\/portalcatolico.net\/portal\/wp-json\/wp\/v2\/categories?post=65482"},{"taxonomy":"post_tag","embeddable":true,"href":"http:\/\/portalcatolico.net\/portal\/wp-json\/wp\/v2\/tags?post=65482"}],"curies":[{"name":"wp","href":"https:\/\/api.w.org\/{rel}","templated":true}]}}