{"id":65479,"date":"2019-07-13T09:31:29","date_gmt":"2019-07-13T12:31:29","guid":{"rendered":"http:\/\/portalcatolico.net\/portal\/?p=65479"},"modified":"2019-07-13T09:31:29","modified_gmt":"2019-07-13T12:31:29","slug":"nota-sobre-a-saude-de-padre-celso","status":"publish","type":"post","link":"http:\/\/portalcatolico.net\/portal\/nota-sobre-a-saude-de-padre-celso\/","title":{"rendered":"Nota sobre a sa\u00fade de Padre Celso"},"content":{"rendered":"<div dir=\"auto\">Diocese de Ilh\u00e9us e Par\u00f3quia Santa Rita de C\u00e1ssia agradecem a todos pelas ora\u00e7\u00f5es direcionadas \u00e0 sa\u00fade do Padre Celso. O religioso passou por um cateterismo e est\u00e1 bem!<\/div>\n<div dir=\"auto\">Vale ressaltar que o sacerdote \u00e9 p\u00e1roco da matriz de Santa Rita situada na cidade de Ilh\u00e9us (BA).<\/div>\n<div dir=\"auto\">Foto: Pascom\/Diocese de Ilh\u00e9us<\/div>\n<div dir=\"auto\">Texto:Reda\u00e7\u00e3o\/Portal Cat\u00f3lico.Net<\/div>\n","protected":false},"excerpt":{"rendered":"<p>Diocese de Ilh\u00e9us e Par\u00f3quia Santa Rita de C\u00e1ssia agradecem a todos pelas ora\u00e7\u00f5es direcionadas \u00e0 sa\u00fade do Padre Celso. O religioso passou por um cateterismo e est\u00e1 bem! Vale ressaltar que o sacerdote \u00e9 p\u00e1roco da matriz de Santa Rita situada na cidade de Ilh\u00e9us (BA). Foto: Pascom\/Diocese de Ilh\u00e9us Texto:Reda\u00e7\u00e3o\/Portal Cat\u00f3lico.Net<\/p>\n","protected":false},"author":2,"featured_media":65480,"comment_status":"open","ping_status":"open","sticky":false,"template":"","format":"standard","meta":{"footnotes":""},"categories":[4],"tags":[],"class_list":["post-65479","post","type-post","status-publish","format-standard","has-post-thumbnail","hentry","category-destaques"],"_links":{"self":[{"href":"http:\/\/portalcatolico.net\/portal\/wp-json\/wp\/v2\/posts\/65479","targetHints":{"allow":["GET"]}}],"collection":[{"href":"http:\/\/portalcatolico.net\/portal\/wp-json\/wp\/v2\/posts"}],"about":[{"href":"http:\/\/portalcatolico.net\/portal\/wp-json\/wp\/v2\/types\/post"}],"author":[{"embeddable":true,"href":"http:\/\/portalcatolico.net\/portal\/wp-json\/wp\/v2\/users\/2"}],"replies":[{"embeddable":true,"href":"http:\/\/portalcatolico.net\/portal\/wp-json\/wp\/v2\/comments?post=65479"}],"version-history":[{"count":1,"href":"http:\/\/portalcatolico.net\/portal\/wp-json\/wp\/v2\/posts\/65479\/revisions"}],"predecessor-version":[{"id":65481,"href":"http:\/\/portalcatolico.net\/portal\/wp-json\/wp\/v2\/posts\/65479\/revisions\/65481"}],"wp:featuredmedia":[{"embeddable":true,"href":"http:\/\/portalcatolico.net\/portal\/wp-json\/wp\/v2\/media\/65480"}],"wp:attachment":[{"href":"http:\/\/portalcatolico.net\/portal\/wp-json\/wp\/v2\/media?parent=65479"}],"wp:term":[{"taxonomy":"category","embeddable":true,"href":"http:\/\/portalcatolico.net\/portal\/wp-json\/wp\/v2\/categories?post=65479"},{"taxonomy":"post_tag","embeddable":true,"href":"http:\/\/portalcatolico.net\/portal\/wp-json\/wp\/v2\/tags?post=65479"}],"curies":[{"name":"wp","href":"https:\/\/api.w.org\/{rel}","templated":true}]}}