{"id":65475,"date":"2019-07-12T06:48:45","date_gmt":"2019-07-12T09:48:45","guid":{"rendered":"http:\/\/portalcatolico.net\/portal\/?p=65475"},"modified":"2019-07-12T06:56:37","modified_gmt":"2019-07-12T09:56:37","slug":"paroquia-em-itabuna-celebra-santa-maria-madalena-2","status":"publish","type":"post","link":"http:\/\/portalcatolico.net\/portal\/paroquia-em-itabuna-celebra-santa-maria-madalena-2\/","title":{"rendered":"Par\u00f3quia em Itabuna celebra Santa Maria Madalena"},"content":{"rendered":"<div dir=\"auto\">A Par\u00f3quia Santa Maria Madalena tem a enorme&nbsp;satisfa\u00e7\u00e3o de convidar&nbsp;voc\u00ea e sua fam\u00edlia para participar desta do noven\u00e1rio de Santa Maria Madalena, que se situa no bairro Novo Itabuna, na cidade&nbsp;<\/div>\n<div dir=\"auto\">e diocese de Itabuna, no sul da Bahia.&nbsp;O noven\u00e1rio come\u00e7a no dia 13 de&nbsp;julho, e tem como tema: &#8220;Em comunh\u00e3o com Santa Maria Madalena, seremos construtores de uma sociedade justa e fraterna&#8221;.&nbsp;&nbsp;&nbsp;<\/div>\n<div dir=\"auto\">As celebra\u00e7\u00f5es eucar\u00edsticas acontecem todas as noites \u00e0s 19h. <strong>No dia 22, acontece a festa<\/strong>.<\/div>\n<div dir=\"auto\">&nbsp; Confira a programa\u00e7\u00e3o completa (foto do cartaz).<\/div>\n<div dir=\"auto\"><img loading=\"lazy\" decoding=\"async\" class=\"alignnone wp-image-65476\" src=\"http:\/\/portalcatolico.net\/portal\/wp-content\/uploads\/2019\/07\/0cd1e9b7-4fff-463e-ba70-b50f02eceae0-2-282x300.jpg\" alt=\"\" width=\"737\" height=\"784\" srcset=\"http:\/\/portalcatolico.net\/portal\/wp-content\/uploads\/2019\/07\/0cd1e9b7-4fff-463e-ba70-b50f02eceae0-2-282x300.jpg 282w, http:\/\/portalcatolico.net\/portal\/wp-content\/uploads\/2019\/07\/0cd1e9b7-4fff-463e-ba70-b50f02eceae0-2-768x817.jpg 768w, http:\/\/portalcatolico.net\/portal\/wp-content\/uploads\/2019\/07\/0cd1e9b7-4fff-463e-ba70-b50f02eceae0-2.jpg 853w\" sizes=\"auto, (max-width: 737px) 100vw, 737px\" \/><\/div>\n","protected":false},"excerpt":{"rendered":"<p>A Par\u00f3quia Santa Maria Madalena tem a enorme&nbsp;satisfa\u00e7\u00e3o de convidar&nbsp;voc\u00ea e sua fam\u00edlia para participar desta do noven\u00e1rio de Santa Maria Madalena, que se situa no bairro Novo Itabuna, na cidade&nbsp; e diocese de Itabuna, no sul da Bahia.&nbsp;O noven\u00e1rio come\u00e7a no dia 13 de&nbsp;julho, e tem como tema: &#8220;Em comunh\u00e3o com Santa Maria Madalena,&nbsp;<\/p>\n<p><a class=\"btn btn-style\" href=\"http:\/\/portalcatolico.net\/portal\/paroquia-em-itabuna-celebra-santa-maria-madalena-2\/\">Continue Reading<\/a><\/p>\n","protected":false},"author":2,"featured_media":65478,"comment_status":"open","ping_status":"open","sticky":false,"template":"","format":"standard","meta":{"footnotes":""},"categories":[1],"tags":[],"class_list":["post-65475","post","type-post","status-publish","format-standard","has-post-thumbnail","hentry","category-agenda"],"_links":{"self":[{"href":"http:\/\/portalcatolico.net\/portal\/wp-json\/wp\/v2\/posts\/65475","targetHints":{"allow":["GET"]}}],"collection":[{"href":"http:\/\/portalcatolico.net\/portal\/wp-json\/wp\/v2\/posts"}],"about":[{"href":"http:\/\/portalcatolico.net\/portal\/wp-json\/wp\/v2\/types\/post"}],"author":[{"embeddable":true,"href":"http:\/\/portalcatolico.net\/portal\/wp-json\/wp\/v2\/users\/2"}],"replies":[{"embeddable":true,"href":"http:\/\/portalcatolico.net\/portal\/wp-json\/wp\/v2\/comments?post=65475"}],"version-history":[{"count":1,"href":"http:\/\/portalcatolico.net\/portal\/wp-json\/wp\/v2\/posts\/65475\/revisions"}],"predecessor-version":[{"id":65477,"href":"http:\/\/portalcatolico.net\/portal\/wp-json\/wp\/v2\/posts\/65475\/revisions\/65477"}],"wp:featuredmedia":[{"embeddable":true,"href":"http:\/\/portalcatolico.net\/portal\/wp-json\/wp\/v2\/media\/65478"}],"wp:attachment":[{"href":"http:\/\/portalcatolico.net\/portal\/wp-json\/wp\/v2\/media?parent=65475"}],"wp:term":[{"taxonomy":"category","embeddable":true,"href":"http:\/\/portalcatolico.net\/portal\/wp-json\/wp\/v2\/categories?post=65475"},{"taxonomy":"post_tag","embeddable":true,"href":"http:\/\/portalcatolico.net\/portal\/wp-json\/wp\/v2\/tags?post=65475"}],"curies":[{"name":"wp","href":"https:\/\/api.w.org\/{rel}","templated":true}]}}