{"id":65468,"date":"2019-07-11T22:36:54","date_gmt":"2019-07-12T01:36:54","guid":{"rendered":"http:\/\/portalcatolico.net\/portal\/?p=65468"},"modified":"2019-07-11T22:41:47","modified_gmt":"2019-07-12T01:41:47","slug":"diacono-uelton-sera-ordenado-presbitero-em-itajuipe","status":"publish","type":"post","link":"http:\/\/portalcatolico.net\/portal\/diacono-uelton-sera-ordenado-presbitero-em-itajuipe\/","title":{"rendered":"Di\u00e1cono Uelton ser\u00e1 ordenado presb\u00edtero em Itaju\u00edpe"},"content":{"rendered":"<p>A Prov\u00edncia S\u00e3o Paulo Ap\u00f3stolo e a par\u00f3quia Sagrado Cora\u00e7\u00e3o de Jesus na cidade de Itaju\u00edpe, no sul da Bahia, e o Di\u00e1cono Uelton Cordeiro dos Santos, SAC, t\u00eam alegria de convidar voc\u00ea e toda a sua fam\u00edlia para a Celebra\u00e7\u00e3o Eucar\u00edstica, na qual pela ora\u00e7\u00e3o da Igreja e pela imposi\u00e7\u00e3o das m\u00e3os do S. Exa. Revma. Bispo da diocese de Ilh\u00e9us, no litoral sul da Bahia, Dom Mauro Montagnoli, ser\u00e1 ordenado presb\u00edtero para a servi\u00e7o da Igreja Cat\u00f3lica Apost\u00f3lica Romana.<br \/>\nO Di\u00e1cono Uelton Cordeiro dos Santos, SAC, ser\u00e1 ordenado presb\u00edtero no pr\u00f3ximo dia 13 de julho, (s\u00e1bado), \u00e0s 18h, na Igreja Matriz do Sagrado Cora\u00e7\u00e3o de Jesus em Itaju\u00edpe.<\/p>\n","protected":false},"excerpt":{"rendered":"<p>A Prov\u00edncia S\u00e3o Paulo Ap\u00f3stolo e a par\u00f3quia Sagrado Cora\u00e7\u00e3o de Jesus na cidade de Itaju\u00edpe, no sul da Bahia, e o Di\u00e1cono Uelton Cordeiro dos Santos, SAC, t\u00eam alegria de convidar voc\u00ea e toda a sua fam\u00edlia para a Celebra\u00e7\u00e3o Eucar\u00edstica, na qual pela ora\u00e7\u00e3o da Igreja e pela imposi\u00e7\u00e3o das m\u00e3os do S.&nbsp;<\/p>\n<p><a class=\"btn btn-style\" href=\"http:\/\/portalcatolico.net\/portal\/diacono-uelton-sera-ordenado-presbitero-em-itajuipe\/\">Continue Reading<\/a><\/p>\n","protected":false},"author":2,"featured_media":65471,"comment_status":"open","ping_status":"open","sticky":false,"template":"","format":"standard","meta":{"footnotes":""},"categories":[4],"tags":[],"class_list":["post-65468","post","type-post","status-publish","format-standard","has-post-thumbnail","hentry","category-destaques"],"_links":{"self":[{"href":"http:\/\/portalcatolico.net\/portal\/wp-json\/wp\/v2\/posts\/65468","targetHints":{"allow":["GET"]}}],"collection":[{"href":"http:\/\/portalcatolico.net\/portal\/wp-json\/wp\/v2\/posts"}],"about":[{"href":"http:\/\/portalcatolico.net\/portal\/wp-json\/wp\/v2\/types\/post"}],"author":[{"embeddable":true,"href":"http:\/\/portalcatolico.net\/portal\/wp-json\/wp\/v2\/users\/2"}],"replies":[{"embeddable":true,"href":"http:\/\/portalcatolico.net\/portal\/wp-json\/wp\/v2\/comments?post=65468"}],"version-history":[{"count":2,"href":"http:\/\/portalcatolico.net\/portal\/wp-json\/wp\/v2\/posts\/65468\/revisions"}],"predecessor-version":[{"id":65470,"href":"http:\/\/portalcatolico.net\/portal\/wp-json\/wp\/v2\/posts\/65468\/revisions\/65470"}],"wp:featuredmedia":[{"embeddable":true,"href":"http:\/\/portalcatolico.net\/portal\/wp-json\/wp\/v2\/media\/65471"}],"wp:attachment":[{"href":"http:\/\/portalcatolico.net\/portal\/wp-json\/wp\/v2\/media?parent=65468"}],"wp:term":[{"taxonomy":"category","embeddable":true,"href":"http:\/\/portalcatolico.net\/portal\/wp-json\/wp\/v2\/categories?post=65468"},{"taxonomy":"post_tag","embeddable":true,"href":"http:\/\/portalcatolico.net\/portal\/wp-json\/wp\/v2\/tags?post=65468"}],"curies":[{"name":"wp","href":"https:\/\/api.w.org\/{rel}","templated":true}]}}