{"id":65465,"date":"2019-07-11T22:19:54","date_gmt":"2019-07-12T01:19:54","guid":{"rendered":"http:\/\/portalcatolico.net\/portal\/?p=65465"},"modified":"2019-07-11T22:24:53","modified_gmt":"2019-07-12T01:24:53","slug":"continuam-os-preparativos-pra-a-festa-de-sao-boaventura-em-canavieiras","status":"publish","type":"post","link":"http:\/\/portalcatolico.net\/portal\/continuam-os-preparativos-pra-a-festa-de-sao-boaventura-em-canavieiras\/","title":{"rendered":"Continuam os preparativos pra a festa de S\u00e3o Boaventura em Canavieiras"},"content":{"rendered":"<div dir=\"auto\">A popula\u00e7\u00e3o de Canavieiras, no litoral sul da Bahia, se prepara para uma grande festa! Nesta quarta-feira,&nbsp; 10 de julho, \u00e0s 19h aconteceu a 10\u00b0 noite do Trezen\u00e1rio em louvor a S\u00e3o Boaventura. O subtema da noite foi: &#8220;Os sacramentos s\u00e3o sinais que nos acompanha por toda a vida&#8221; e para refleti-lo, o convidado especial foi o sacerdote da&nbsp;paroquia de S\u00e3o Jos\u00e9 da cidade de Una (BA), o&nbsp;&nbsp; Pe. Nerivaldo Santos Azevedo. Quem&nbsp; concelebrou&nbsp; foram os padres Vinicius Mascarenhas (p\u00e1roco) e o Pe. Hugo F. Juscelino.&nbsp;<\/div>\n<div dir=\"auto\">Na oportunidade, aconteceu tamb\u00e9m a grande final do FECASB : Festival de&nbsp;calouros da par\u00f3quia de S\u00e3o Boaventura.<\/div>\n<div dir=\"auto\">Para ver mais fotos, acesse o link&nbsp; da par\u00f3quia no Facebook:&nbsp;<a href=\"https:\/\/www.facebook.com\/paroquiasaoboaventura\/\" target=\"_blank\" rel=\"noopener noreferrer\">https:\/\/www.facebook.com\/paroquiasaoboaventura\/<\/a><\/div>\n<div dir=\"auto\">A programa\u00e7\u00e3o segue at\u00e9 domingo com a celebra\u00e7\u00e3o Eucar\u00edstica, \u00e0s&nbsp;19h.<br \/>\n14\/07 DOMINGO-DIA DEDICADO A S\u00c3O BOAVENTURA PADROEIRO DA CIDADE DE&nbsp;<\/div>\n<div dir=\"auto\">CANAVIEIRAS com duas missas: uma pela manh\u00e3 e outra pela tarde.<\/div>\n<div dir=\"auto\">TEMA DO DIA: SOMOS A IGREJA CAT\u00d3LICA (TEMA CENTRAL DA FESTA)<\/div>\n<div dir=\"auto\">Missa Solene \u00e0s 10hs \u2013 Presidida pelo Exm\u00ba Revm\u00ba Sr. Bispo Diocese de&nbsp;<\/div>\n<div dir=\"auto\">Itabuna Dom Carlos Alberto.<\/div>\n<div dir=\"auto\">&nbsp; NOITEIROS DO DIA: Poderes P\u00fablicos<\/div>\n<div dir=\"auto\">A cidade tem duas emissoras de r\u00e1dios e se revezam nas transmiss\u00f5es&nbsp;(Transmitida Pela R\u00e1dio Costa Sul \u2013 FM), \u00e0s 10h.<\/div>\n<div dir=\"auto\">Missa Mission\u00e1ria (Campal) \u00e0s 16 hs, (Transmitida pela R\u00e1dio Studio Fm),&nbsp;seguida de Prociss\u00e3o pelas ruas da cidade.<\/div>\n<div dir=\"auto\">\n<p>Ap\u00f3s a prociss\u00e3o: Momento Oracional (com atra\u00e7\u00e3o cat\u00f3lica) e&nbsp;encerramento com a B\u00ean\u00e7\u00e3o do Sant\u00edssimo Sacramento.<\/p>\n<\/div>\n<div dir=\"auto\">Fotos: Pascom- Pastoral da Comunica\u00e7\u00e3o da Par\u00f3quia<\/div>\n<div dir=\"auto\">Edi\u00e7\u00e3o de texto: Reda\u00e7\u00e3o\/Portal Cat\u00f3lico<\/div>\n","protected":false},"excerpt":{"rendered":"<p>A popula\u00e7\u00e3o de Canavieiras, no litoral sul da Bahia, se prepara para uma grande festa! Nesta quarta-feira,&nbsp; 10 de julho, \u00e0s 19h aconteceu a 10\u00b0 noite do Trezen\u00e1rio em louvor a S\u00e3o Boaventura. O subtema da noite foi: &#8220;Os sacramentos s\u00e3o sinais que nos acompanha por toda a vida&#8221; e para refleti-lo, o convidado especial&nbsp;<\/p>\n<p><a class=\"btn btn-style\" href=\"http:\/\/portalcatolico.net\/portal\/continuam-os-preparativos-pra-a-festa-de-sao-boaventura-em-canavieiras\/\">Continue Reading<\/a><\/p>\n","protected":false},"author":2,"featured_media":54180,"comment_status":"open","ping_status":"open","sticky":false,"template":"","format":"standard","meta":{"footnotes":""},"categories":[1],"tags":[],"class_list":["post-65465","post","type-post","status-publish","format-standard","has-post-thumbnail","hentry","category-agenda"],"_links":{"self":[{"href":"http:\/\/portalcatolico.net\/portal\/wp-json\/wp\/v2\/posts\/65465","targetHints":{"allow":["GET"]}}],"collection":[{"href":"http:\/\/portalcatolico.net\/portal\/wp-json\/wp\/v2\/posts"}],"about":[{"href":"http:\/\/portalcatolico.net\/portal\/wp-json\/wp\/v2\/types\/post"}],"author":[{"embeddable":true,"href":"http:\/\/portalcatolico.net\/portal\/wp-json\/wp\/v2\/users\/2"}],"replies":[{"embeddable":true,"href":"http:\/\/portalcatolico.net\/portal\/wp-json\/wp\/v2\/comments?post=65465"}],"version-history":[{"count":2,"href":"http:\/\/portalcatolico.net\/portal\/wp-json\/wp\/v2\/posts\/65465\/revisions"}],"predecessor-version":[{"id":65467,"href":"http:\/\/portalcatolico.net\/portal\/wp-json\/wp\/v2\/posts\/65465\/revisions\/65467"}],"wp:featuredmedia":[{"embeddable":true,"href":"http:\/\/portalcatolico.net\/portal\/wp-json\/wp\/v2\/media\/54180"}],"wp:attachment":[{"href":"http:\/\/portalcatolico.net\/portal\/wp-json\/wp\/v2\/media?parent=65465"}],"wp:term":[{"taxonomy":"category","embeddable":true,"href":"http:\/\/portalcatolico.net\/portal\/wp-json\/wp\/v2\/categories?post=65465"},{"taxonomy":"post_tag","embeddable":true,"href":"http:\/\/portalcatolico.net\/portal\/wp-json\/wp\/v2\/tags?post=65465"}],"curies":[{"name":"wp","href":"https:\/\/api.w.org\/{rel}","templated":true}]}}