{"id":65461,"date":"2019-07-11T06:24:53","date_gmt":"2019-07-11T09:24:53","guid":{"rendered":"http:\/\/portalcatolico.net\/portal\/?p=65461"},"modified":"2019-07-11T06:24:53","modified_gmt":"2019-07-11T09:24:53","slug":"hoje-e-festa-de-sao-bento-padroeiro-da-europa-e-patriarca-dos-monges-do-ocidente","status":"publish","type":"post","link":"http:\/\/portalcatolico.net\/portal\/hoje-e-festa-de-sao-bento-padroeiro-da-europa-e-patriarca-dos-monges-do-ocidente\/","title":{"rendered":"Hoje \u00e9 festa de S\u00e3o Bento, padroeiro da Europa e patriarca dos monges do Ocidente"},"content":{"rendered":"<p>\u201cOra et labora\u201d (orar e trabalhar) \u00e9 o famoso lema do grande S\u00e3o Bento Abade, padroeiro da Europa e patriarca dos monges do Ocidente. Por seu legado e influ\u00eancia, segue sendo um dos santos mais venerados de toda a cristandade e sua festa lit\u00fargica \u00e9 celebrada neste 11 de julho.<\/p>\n<p>S\u00e3o Bento nasceu em N\u00farsia (Norcia \u2013 It\u00e1lia), em 480. Sua irm\u00e3 g\u00eamea foi Santa Escol\u00e1stica. Depois de estudar ret\u00f3rica e filosofia em Roma, S\u00e3o Bento se retirou da cidade para Enfide (atualmente, Affile) para aprofundar o estudo e dedicar-se \u00e0 disciplina asc\u00e9tica.<\/p>\n<p>Aos 20 anos, foi para o Monte Subiaco e viveu em uma caverna com a orienta\u00e7\u00e3o de um eremita. Anos mais tarde, foi com os monges de Vicovaro, que depois o elegeram prior.<\/p>\n<p>N\u00e3o durou tanto tempo, j\u00e1 que tentaram envenen\u00e1-lo devido \u00e0 disciplina que exigia. Como era seu costume, S\u00e3o Bento fez o sinal da cruz sobre o vidro que lhe tinham dado e o objeto se quebrou em peda\u00e7os. Ap\u00f3s faz\u00ea-los cair em si sobre o que fizeram, afastou-se deles.<\/p>\n<p>Com um grupo de jovens, impressionados por seu exemplo de crist\u00e3o, fundou mosteiros, um deles em Monte Cassino, e escreveu sua famosa Regra que se tornou inspira\u00e7\u00e3o para in\u00fameros regulamentos de comunidades religiosas mon\u00e1sticas at\u00e9 hoje. Do mesmo modo, iniciou centros de forma\u00e7\u00e3o e cultura.<\/p>\n<p>S\u00e3o Bento era muito conhecido pelo seu trato am\u00e1vel e por seus sacrif\u00edcios. Levantava-se de madrugada para rezar os salmos, rezava e meditava por v\u00e1rias horas, jejuava diariamente e ajudava os povoados ao pregar. O santo via o trabalho como algo honroso que levava \u00e0 santidade.<\/p>\n<p>Da mesma forma, consolava os doentes, dava esmolas e alimento aos necessitados e conta-se que em algumas ocasi\u00f5es \u201cressuscitou\u201d os mortos com a ajuda de Deus.<\/p>\n<p>Encontrou seu amor e for\u00e7a no Cristo crucificado e, como exorcista, submetia os esp\u00edritos malignos com a famosa \u201ccruz de S\u00e3o Bento\u201d.<\/p>\n<p>O santo previu a data de sua morte, que ocorreu em 21 de mar\u00e7o 547, poucos dias depois que faleceu sua irm\u00e3 Santa Escol\u00e1stica. Morreu de p\u00e9 na capela com as m\u00e3os levantadas para o c\u00e9u. \u201cDeve-se ter um imenso desejo de ir para o c\u00e9u\u201d, foram suas \u00faltimas palavras.<\/p>\n<p>No final do s\u00e9culo VIII, em muitos lugares, come\u00e7ou-se a celebrar a sua festa no dia 11 de julho.(ACI)<\/p>\n<p>&nbsp;<\/p>\n","protected":false},"excerpt":{"rendered":"<p>\u201cOra et labora\u201d (orar e trabalhar) \u00e9 o famoso lema do grande S\u00e3o Bento Abade, padroeiro da Europa e patriarca dos monges do Ocidente. Por seu legado e influ\u00eancia, segue sendo um dos santos mais venerados de toda a cristandade e sua festa lit\u00fargica \u00e9 celebrada neste 11 de julho. S\u00e3o Bento nasceu em N\u00farsia&nbsp;<\/p>\n<p><a class=\"btn btn-style\" href=\"http:\/\/portalcatolico.net\/portal\/hoje-e-festa-de-sao-bento-padroeiro-da-europa-e-patriarca-dos-monges-do-ocidente\/\">Continue Reading<\/a><\/p>\n","protected":false},"author":2,"featured_media":0,"comment_status":"open","ping_status":"open","sticky":false,"template":"","format":"standard","meta":{"footnotes":""},"categories":[4],"tags":[],"class_list":["post-65461","post","type-post","status-publish","format-standard","hentry","category-destaques"],"_links":{"self":[{"href":"http:\/\/portalcatolico.net\/portal\/wp-json\/wp\/v2\/posts\/65461","targetHints":{"allow":["GET"]}}],"collection":[{"href":"http:\/\/portalcatolico.net\/portal\/wp-json\/wp\/v2\/posts"}],"about":[{"href":"http:\/\/portalcatolico.net\/portal\/wp-json\/wp\/v2\/types\/post"}],"author":[{"embeddable":true,"href":"http:\/\/portalcatolico.net\/portal\/wp-json\/wp\/v2\/users\/2"}],"replies":[{"embeddable":true,"href":"http:\/\/portalcatolico.net\/portal\/wp-json\/wp\/v2\/comments?post=65461"}],"version-history":[{"count":1,"href":"http:\/\/portalcatolico.net\/portal\/wp-json\/wp\/v2\/posts\/65461\/revisions"}],"predecessor-version":[{"id":65464,"href":"http:\/\/portalcatolico.net\/portal\/wp-json\/wp\/v2\/posts\/65461\/revisions\/65464"}],"wp:attachment":[{"href":"http:\/\/portalcatolico.net\/portal\/wp-json\/wp\/v2\/media?parent=65461"}],"wp:term":[{"taxonomy":"category","embeddable":true,"href":"http:\/\/portalcatolico.net\/portal\/wp-json\/wp\/v2\/categories?post=65461"},{"taxonomy":"post_tag","embeddable":true,"href":"http:\/\/portalcatolico.net\/portal\/wp-json\/wp\/v2\/tags?post=65461"}],"curies":[{"name":"wp","href":"https:\/\/api.w.org\/{rel}","templated":true}]}}