{"id":65458,"date":"2019-07-11T06:12:34","date_gmt":"2019-07-11T09:12:34","guid":{"rendered":"http:\/\/portalcatolico.net\/portal\/?p=65458"},"modified":"2019-07-11T06:13:10","modified_gmt":"2019-07-11T09:13:10","slug":"fieis-mineiros-celebram-jubileu-de-nossa-senhora-da-piedade","status":"publish","type":"post","link":"http:\/\/portalcatolico.net\/portal\/fieis-mineiros-celebram-jubileu-de-nossa-senhora-da-piedade\/","title":{"rendered":"Fi\u00e9is mineiros celebram Jubileu de Nossa Senhora da Piedade"},"content":{"rendered":"<p>O Santu\u00e1rio Bas\u00edlica Nossa Senhora da Piedade, em Minas Gerais, est\u00e1 se preparando para celebrar o Jubileu de 59 anos da Proclama\u00e7\u00e3o de Nossa Senhora da Piedade como Padroeira de Minas Gerais.<\/p>\n<p>Para a ocasi\u00e3o, s\u00e3o esperados milhares de fi\u00e9is, que participar\u00e3o de uma s\u00e9rie de celebra\u00e7\u00f5es e atividades especiais que ser\u00e3o realizadas no templo mariano a partir do dia 28 de julho, quando ocorrer\u00e1 a Peregrina\u00e7\u00e3o Vicentina.<\/p>\n<p>Entre os grandes eventos previstos, que seguir\u00e3o at\u00e9 o m\u00eas de setembro, est\u00e3o diversas peregrina\u00e7\u00f5es e a Solenidade da M\u00e3e e Senhora da Piedade &#8211; Padroeira de todos os mineiros.<\/p>\n<p>Os peregrinos que visitarem o Santu\u00e1rio durante as celebra\u00e7\u00f5es, tamb\u00e9m poder\u00e3o conhecer o Caminho das Dores de Nossa Senhora, o Horto das Oliveiras, a Ermida da Padroeira, a Bas\u00edlica Estadual das Romarias e outros lugares destinados \u00e0 ora\u00e7\u00e3o e contempla\u00e7\u00e3o.<\/p>\n<p>No dia dia 31 de julho de 1960, o Papa Jo\u00e3o XXIII, ap\u00f3s o decreto &#8220;Haeret animia&#8221;, de 20 de novembro de 1958, consagrou o Estado de Minas Gerais a Nossa Senhora da Piedade. (Gaudiumpress)<\/p>\n","protected":false},"excerpt":{"rendered":"<p>O Santu\u00e1rio Bas\u00edlica Nossa Senhora da Piedade, em Minas Gerais, est\u00e1 se preparando para celebrar o Jubileu de 59 anos da Proclama\u00e7\u00e3o de Nossa Senhora da Piedade como Padroeira de Minas Gerais. Para a ocasi\u00e3o, s\u00e3o esperados milhares de fi\u00e9is, que participar\u00e3o de uma s\u00e9rie de celebra\u00e7\u00f5es e atividades especiais que ser\u00e3o realizadas no templo&nbsp;<\/p>\n<p><a class=\"btn btn-style\" href=\"http:\/\/portalcatolico.net\/portal\/fieis-mineiros-celebram-jubileu-de-nossa-senhora-da-piedade\/\">Continue Reading<\/a><\/p>\n","protected":false},"author":2,"featured_media":65459,"comment_status":"open","ping_status":"open","sticky":false,"template":"","format":"standard","meta":{"footnotes":""},"categories":[3],"tags":[],"class_list":["post-65458","post","type-post","status-publish","format-standard","has-post-thumbnail","hentry","category-noticias_regionais"],"_links":{"self":[{"href":"http:\/\/portalcatolico.net\/portal\/wp-json\/wp\/v2\/posts\/65458","targetHints":{"allow":["GET"]}}],"collection":[{"href":"http:\/\/portalcatolico.net\/portal\/wp-json\/wp\/v2\/posts"}],"about":[{"href":"http:\/\/portalcatolico.net\/portal\/wp-json\/wp\/v2\/types\/post"}],"author":[{"embeddable":true,"href":"http:\/\/portalcatolico.net\/portal\/wp-json\/wp\/v2\/users\/2"}],"replies":[{"embeddable":true,"href":"http:\/\/portalcatolico.net\/portal\/wp-json\/wp\/v2\/comments?post=65458"}],"version-history":[{"count":1,"href":"http:\/\/portalcatolico.net\/portal\/wp-json\/wp\/v2\/posts\/65458\/revisions"}],"predecessor-version":[{"id":65460,"href":"http:\/\/portalcatolico.net\/portal\/wp-json\/wp\/v2\/posts\/65458\/revisions\/65460"}],"wp:featuredmedia":[{"embeddable":true,"href":"http:\/\/portalcatolico.net\/portal\/wp-json\/wp\/v2\/media\/65459"}],"wp:attachment":[{"href":"http:\/\/portalcatolico.net\/portal\/wp-json\/wp\/v2\/media?parent=65458"}],"wp:term":[{"taxonomy":"category","embeddable":true,"href":"http:\/\/portalcatolico.net\/portal\/wp-json\/wp\/v2\/categories?post=65458"},{"taxonomy":"post_tag","embeddable":true,"href":"http:\/\/portalcatolico.net\/portal\/wp-json\/wp\/v2\/tags?post=65458"}],"curies":[{"name":"wp","href":"https:\/\/api.w.org\/{rel}","templated":true}]}}