{"id":65454,"date":"2019-07-11T10:08:00","date_gmt":"2019-07-11T13:08:00","guid":{"rendered":"http:\/\/portalcatolico.net\/portal\/?p=65454"},"modified":"2019-07-11T06:09:17","modified_gmt":"2019-07-11T09:09:17","slug":"semear-2019-ja-tem-data-marcada-garanta-seu-ingresso","status":"publish","type":"post","link":"http:\/\/portalcatolico.net\/portal\/semear-2019-ja-tem-data-marcada-garanta-seu-ingresso\/","title":{"rendered":"Semear 2019 j\u00e1 tem data marcada. Garanta seu ingresso!"},"content":{"rendered":"<p>A Comunidade Rainha da paz (Compaz),da diocese de Itabuna, tem a alegria&nbsp;de convidar voc\u00ea e sua fam\u00edlia para participar do Semear 2019: o encontro do povo de Deus, que acontecer\u00e1 nos dias 14 e 15&nbsp;de setembro.<\/p>\n<p>O evento vai acontecer no Col\u00e9gio A\u00e7\u00e3o&nbsp;Fraternal de Itabuna &#8220;AFI&#8221;, situado na Avenida Am\u00e9lia Amado, no centro&nbsp;da cidade.<br \/>\nGaranta logo o seu passaporte para os dois dias. Local de vendas: Arte&nbsp;Cat\u00f3lica, na Catedral de S\u00e3o Jos\u00e9 e Clinica Dermanutri.<br \/>\nOs pregadores convidados especiais s\u00e3o: Alexnei Freitas (Presidente&nbsp;&nbsp;Arquidiocesano da RCC de Feira de Santana-Ba, Frederico Mastroangelo&nbsp;Sim\u00f5es Marques Presidente do Conselho Estadual da RCC Bahia, Eduardo Oliveira, Mission\u00e1rio da Comunidade Filhos de Jo\u00e3o Batista em Minas&nbsp;Gerais(MG).<\/p>\n<p>Edi\u00e7\u00e3o de texto:Reda\u00e7\u00e3o\/Portal Cat\u00f3lico.Net<\/p>\n","protected":false},"excerpt":{"rendered":"<p>A Comunidade Rainha da paz (Compaz),da diocese de Itabuna, tem a alegria&nbsp;de convidar voc\u00ea e sua fam\u00edlia para participar do Semear 2019: o encontro do povo de Deus, que acontecer\u00e1 nos dias 14 e 15&nbsp;de setembro. O evento vai acontecer no Col\u00e9gio A\u00e7\u00e3o&nbsp;Fraternal de Itabuna &#8220;AFI&#8221;, situado na Avenida Am\u00e9lia Amado, no centro&nbsp;da cidade. Garanta&nbsp;<\/p>\n<p><a class=\"btn btn-style\" href=\"http:\/\/portalcatolico.net\/portal\/semear-2019-ja-tem-data-marcada-garanta-seu-ingresso\/\">Continue Reading<\/a><\/p>\n","protected":false},"author":2,"featured_media":65455,"comment_status":"open","ping_status":"open","sticky":false,"template":"","format":"standard","meta":{"footnotes":""},"categories":[1],"tags":[],"class_list":["post-65454","post","type-post","status-publish","format-standard","has-post-thumbnail","hentry","category-agenda"],"_links":{"self":[{"href":"http:\/\/portalcatolico.net\/portal\/wp-json\/wp\/v2\/posts\/65454","targetHints":{"allow":["GET"]}}],"collection":[{"href":"http:\/\/portalcatolico.net\/portal\/wp-json\/wp\/v2\/posts"}],"about":[{"href":"http:\/\/portalcatolico.net\/portal\/wp-json\/wp\/v2\/types\/post"}],"author":[{"embeddable":true,"href":"http:\/\/portalcatolico.net\/portal\/wp-json\/wp\/v2\/users\/2"}],"replies":[{"embeddable":true,"href":"http:\/\/portalcatolico.net\/portal\/wp-json\/wp\/v2\/comments?post=65454"}],"version-history":[{"count":2,"href":"http:\/\/portalcatolico.net\/portal\/wp-json\/wp\/v2\/posts\/65454\/revisions"}],"predecessor-version":[{"id":65457,"href":"http:\/\/portalcatolico.net\/portal\/wp-json\/wp\/v2\/posts\/65454\/revisions\/65457"}],"wp:featuredmedia":[{"embeddable":true,"href":"http:\/\/portalcatolico.net\/portal\/wp-json\/wp\/v2\/media\/65455"}],"wp:attachment":[{"href":"http:\/\/portalcatolico.net\/portal\/wp-json\/wp\/v2\/media?parent=65454"}],"wp:term":[{"taxonomy":"category","embeddable":true,"href":"http:\/\/portalcatolico.net\/portal\/wp-json\/wp\/v2\/categories?post=65454"},{"taxonomy":"post_tag","embeddable":true,"href":"http:\/\/portalcatolico.net\/portal\/wp-json\/wp\/v2\/tags?post=65454"}],"curies":[{"name":"wp","href":"https:\/\/api.w.org\/{rel}","templated":true}]}}