{"id":65199,"date":"2019-06-27T18:39:15","date_gmt":"2019-06-27T21:39:15","guid":{"rendered":"http:\/\/portalcatolico.net\/portal\/?p=65199"},"modified":"2019-06-27T18:53:56","modified_gmt":"2019-06-27T21:53:56","slug":"ore-pelos-sacerdotes-no-dia-mundial-da-oracao","status":"publish","type":"post","link":"http:\/\/portalcatolico.net\/portal\/ore-pelos-sacerdotes-no-dia-mundial-da-oracao\/","title":{"rendered":"Ore pelos sacerdotes no Dia mundial de ora\u00e7\u00e3o!"},"content":{"rendered":"<div dir=\"auto\">Todos os anos, na&nbsp; Solenidade do Sagrado Cora\u00e7\u00e3o de Jesus, a Igreja celebra tamb\u00e9m, o Dia mundial de ora\u00e7\u00e3o pela santifica\u00e7\u00e3o dos&nbsp;Sacerdotes, que convida todo o clero a buscar a santidade em seu minist\u00e9rio. A iniciativa foi proposta pelo Papa Jo\u00e3o Paulo II, na Carta aos Sacerdotes por ocasi\u00e3o da Quinta-feira Santa de 1995, publicada no&nbsp;dia 25 de mar\u00e7o de 1995.<\/div>\n<div dir=\"auto\">\u00c9 um dia para que cada fiel deposite no cora\u00e7\u00e3o de Deus, uma prece fervorosa pela santifica\u00e7\u00e3o do sacerdote que cuida da&nbsp;sua comunidade.<\/div>\n<div dir=\"auto\">\n<p>Neste ano, o Dia mundial de ora\u00e7\u00e3o ser\u00e1 no dia 28, pr\u00f3xima sexta-feira.<\/p>\n<\/div>\n<div dir=\"auto\">\n<p><strong>A ora\u00e7\u00e3o:<\/strong><\/p>\n<\/div>\n<div dir=\"auto\">\u00d3 Jesus, Sumo e Eterno Sacerdote, conservai os vossos sacerdotes sob a&nbsp;prote\u00e7\u00e3o do Vosso Cora\u00e7\u00e3o Amabil\u00edssimo, onde nada de mal lhes possa&nbsp;suceder.<\/div>\n<div dir=\"auto\">Conservai puros e desapegados dos bens da terra os seus cora\u00e7\u00f5es, que&nbsp;foram selados com o car\u00e1ter sublime do Vosso Glorioso Sacerd\u00f3cio.<\/div>\n<div dir=\"auto\">Fazei-nos crer no seu amor e fidelidade para Convosco e preservai-os do&nbsp;cont\u00e1gio do mundo.<\/div>\n<div dir=\"auto\">Dai-lhes tamb\u00e9m, juntamente com o poder que t\u00eam de transubstanciar o p\u00e3o&nbsp;e o vinho em Vosso Corpo e Sangue, o poder de transformar os cora\u00e7\u00f5es&nbsp;dos homens.<\/div>\n<div dir=\"auto\">Aben\u00e7oai os seus trabalhos com copiosos frutos e concedei-lhes um dia a&nbsp;coroa da vida eterna.<\/div>\n<div dir=\"auto\">Am\u00e9m!<\/div>\n<div dir=\"auto\">Foto:Divulga\u00e7\u00e3o<\/div>\n","protected":false},"excerpt":{"rendered":"<p>Todos os anos, na&nbsp; Solenidade do Sagrado Cora\u00e7\u00e3o de Jesus, a Igreja celebra tamb\u00e9m, o Dia mundial de ora\u00e7\u00e3o pela santifica\u00e7\u00e3o dos&nbsp;Sacerdotes, que convida todo o clero a buscar a santidade em seu minist\u00e9rio. A iniciativa foi proposta pelo Papa Jo\u00e3o Paulo II, na Carta aos Sacerdotes por ocasi\u00e3o da Quinta-feira Santa de 1995, publicada&nbsp;<\/p>\n<p><a class=\"btn btn-style\" href=\"http:\/\/portalcatolico.net\/portal\/ore-pelos-sacerdotes-no-dia-mundial-da-oracao\/\">Continue Reading<\/a><\/p>\n","protected":false},"author":2,"featured_media":65204,"comment_status":"open","ping_status":"open","sticky":false,"template":"","format":"standard","meta":{"footnotes":""},"categories":[4],"tags":[],"class_list":["post-65199","post","type-post","status-publish","format-standard","has-post-thumbnail","hentry","category-destaques"],"_links":{"self":[{"href":"http:\/\/portalcatolico.net\/portal\/wp-json\/wp\/v2\/posts\/65199","targetHints":{"allow":["GET"]}}],"collection":[{"href":"http:\/\/portalcatolico.net\/portal\/wp-json\/wp\/v2\/posts"}],"about":[{"href":"http:\/\/portalcatolico.net\/portal\/wp-json\/wp\/v2\/types\/post"}],"author":[{"embeddable":true,"href":"http:\/\/portalcatolico.net\/portal\/wp-json\/wp\/v2\/users\/2"}],"replies":[{"embeddable":true,"href":"http:\/\/portalcatolico.net\/portal\/wp-json\/wp\/v2\/comments?post=65199"}],"version-history":[{"count":2,"href":"http:\/\/portalcatolico.net\/portal\/wp-json\/wp\/v2\/posts\/65199\/revisions"}],"predecessor-version":[{"id":65202,"href":"http:\/\/portalcatolico.net\/portal\/wp-json\/wp\/v2\/posts\/65199\/revisions\/65202"}],"wp:featuredmedia":[{"embeddable":true,"href":"http:\/\/portalcatolico.net\/portal\/wp-json\/wp\/v2\/media\/65204"}],"wp:attachment":[{"href":"http:\/\/portalcatolico.net\/portal\/wp-json\/wp\/v2\/media?parent=65199"}],"wp:term":[{"taxonomy":"category","embeddable":true,"href":"http:\/\/portalcatolico.net\/portal\/wp-json\/wp\/v2\/categories?post=65199"},{"taxonomy":"post_tag","embeddable":true,"href":"http:\/\/portalcatolico.net\/portal\/wp-json\/wp\/v2\/tags?post=65199"}],"curies":[{"name":"wp","href":"https:\/\/api.w.org\/{rel}","templated":true}]}}