{"id":65189,"date":"2019-06-26T19:23:21","date_gmt":"2019-06-26T22:23:21","guid":{"rendered":"http:\/\/portalcatolico.net\/portal\/?p=65189"},"modified":"2019-06-26T20:41:39","modified_gmt":"2019-06-26T23:41:39","slug":"papa-aceita-pedido-de-renuncia-e-nomeia-novo-bispo-para-a-diocese-de-caxias-do-sul-rs","status":"publish","type":"post","link":"http:\/\/portalcatolico.net\/portal\/papa-aceita-pedido-de-renuncia-e-nomeia-novo-bispo-para-a-diocese-de-caxias-do-sul-rs\/","title":{"rendered":"Papa aceita pedido de ren\u00fancia e nomeia novo bispo para a diocese de Caxias do Sul (RS)"},"content":{"rendered":"<blockquote><p>O Papa Francisco acolheu nesta quarta-feira, 26 de junho, o pedido de ren\u00fancia apresentado por dom Alessandro Ruffinoni ao governo pastoral da diocese de Caxias do Sul (RS) e nomeou como novo bispo dom Jos\u00e9 Gislon, at\u00e9 o momento \u00e0 frente da diocese de Erexim (RS).<\/p>\n<p><strong>Dom Jos\u00e9 Gislon<\/strong><br \/>\nCatarinense de Dona Emma, dom Jos\u00e9 Gislon nasceu em 23 de fevereiro de 1957. Frade capuchinho, foi nomeado bispo de Erexim pelo Papa Bento XVI, em 6 de junho de 2012. Sua ordena\u00e7\u00e3o foi em Curitiba (PR), em 3 de agosto daquele ano. A posse, no dia 19 de agosto, na catedral S\u00e3o Jos\u00e9, em Erechim (RS). Seu lema episcopal \u00e9 \u201c<em>In caritate diligere et servire<\/em>\u201d (Amar e servir na caridade). Leia abaixo a sauda\u00e7\u00e3o a dom Jos\u00e9 Gislon enviada pela Presid\u00eancia da CNBB:<\/p>\n<p>&nbsp;<\/p>\n<blockquote>\n<h4><strong>Sauda\u00e7\u00e3o da CNBB a Dom Jos\u00e9 Gislon<\/strong><\/h4>\n<p>Bras\u00edlia (DF), 26 de junho de 2019<\/p>\n<p>&nbsp;<\/p>\n<p>Estimado irm\u00e3o, Dom Jos\u00e9 Gislon<\/p>\n<p>A Confer\u00eancia Nacional dos Bispos do Brasil (CNBB) recebeu com alegria a sua nomea\u00e7\u00e3o como novo bispo da Diocese de Caxias do Sul (RS), nesta quarta-feira, dia 26 de junho. Desejamos que esta nova miss\u00e3o seja frutuosa junto ao clero, religiosos e o povo de Deus daquela Igreja Particular.<\/p>\n<p>Sob os olhares de Nossa Senhora de Caravaggio, aprendemos do Papa Francisco sobre a transmiss\u00e3o da f\u00e9 como inspira\u00e7\u00e3o para as fam\u00edlias:&nbsp;<em>\u201c[\u2026] n\u00e3o se trata de criar grandes programas ou projetos, mas deixar crescer a f\u00e9\u201d<\/em>, a qual&nbsp;<em>\u201cn\u00e3o se transmite apenas com as palavras, mas com gestos, olhares, car\u00edcias como as das nossas m\u00e3es, das nossas av\u00f3s; com o sabor das coisas que aprendemos em casa, de maneira simples e genu\u00edna\u201d<\/em>.<\/p>\n<p>Maria, a \u201cM\u00e3e que cultiva os sonhos dos filhos, que guarda as suas esperan\u00e7as, que irradia a alegria na casa\u201d, te acompanhe, inspire e fortale\u00e7a nesta nova miss\u00e3o.<\/p>\n<p>Em Cristo,<\/p>\n<p><strong>Dom Walmor Oliveira de Azevedo<\/strong><br \/>\nArcebispo de Belo Horizonte (MG)<br \/>\nPresidente da CNBB<\/p>\n<p><strong>Dom Jaime Spengler<\/strong><br \/>\nArcebispo de Porto Alegre (RS)<br \/>\nPrimeiro Vice-Presidente da CNBB<\/p>\n<p><strong>Dom M\u00e1rio Ant\u00f4nio da Silva<\/strong><br \/>\nBispo de Roraima (RR)<br \/>\nSegundo Vice-Presidente da CNBB<\/p>\n<p><strong>Dom Joel Portella Amado<\/strong><br \/>\nBispo auxiliar da arquidiocese de S\u00e3o Sebasti\u00e3o do Rio de Janeiro (RJ)<br \/>\nSecret\u00e1rio-geral da CNBB<\/p><\/blockquote>\n<p>&nbsp;<\/p>\n<p>&nbsp;<\/p>\n<p><strong><a href=\"http:\/\/www.cnbb.org.br\/papa-aceita-pedido-de-renuncia-e-nomeia-novo-bispo-para-a-diocese-de-caxias-do-sul-rs\/1-5\/\"><img loading=\"lazy\" decoding=\"async\" class=\"size-medium wp-image-221866 alignright\" src=\"http:\/\/www.cnbb.org.br\/wp-content\/uploads\/sites\/32\/2019\/06\/1-300x191.png\" srcset=\"http:\/\/www.cnbb.org.br\/wp-content\/uploads\/sites\/32\/2019\/06\/1-300x191.png 300w, http:\/\/www.cnbb.org.br\/wp-content\/uploads\/sites\/32\/2019\/06\/1-768x488.png 768w, http:\/\/www.cnbb.org.br\/wp-content\/uploads\/sites\/32\/2019\/06\/1-1024x650.png 1024w, http:\/\/www.cnbb.org.br\/wp-content\/uploads\/sites\/32\/2019\/06\/1.png 1200w\" alt=\"\" width=\"300\" height=\"191\"><\/a>Novo bispo em\u00e9rito<\/strong><br \/>\nDom Alessandro Ruffinoni soma 13 anos de episcopado, tendo sido auxiliar de Porto Alegre (RS), de 2006 a 2010, e desde ent\u00e3o, bispo coadjutor (2010 a 2011) e bispo titular de Caxias do Sul, de 2011 at\u00e9 o momento da acolhida da ren\u00fancia. Italiano de Bergamo, dom Alessandro \u00e9 mission\u00e1rio Scalabriniano.<\/p>\n<p>Desde 2007, dom Alessandro \u00e9 referencial da Pastoral dos Brasileiros no Exterior. No Regional Sul 3 da CNBB, foi respons\u00e1vel, entre 2007 e 2011, pelas Pastorais Sociais e referencial da Pastoral dos Migrantes.<\/p>\n<p>Dom Alessandro Ruffinoni completou 75 anos em agosto do ano passado. Esta \u00e9 a idade estabelecida no C\u00f3digo de Direito Can\u00f4nico para que o bispo apresente seu pedido de ren\u00fancia ao Papa. A Presid\u00eancia da Confer\u00eancia Nacional dos Bispos do Brasil (CNBB) enviou mensagem de agradecimento a dom Alessandro.<\/p>\n<p>&nbsp;<\/p>\n<blockquote>\n<h4>Agradecimento da CNBB a Dom Alessandro Ruffinoni<\/h4>\n<p>Bras\u00edlia (DF), 26 de junho de 2019<\/p>\n<p>&nbsp;<\/p>\n<p>Estimado irm\u00e3o, Dom Alessandro Ruffinoni,<\/p>\n<p>A Confer\u00eancia Nacional dos Bispos do Brasil (CNBB) manifesta gratid\u00e3o a Deus pela sua vida mission\u00e1ria e seu minist\u00e9rio episcopal, em particular pelos oito anos no governo pastoral da Diocese de Caxias do Sul (SC).<\/p>\n<p>Recordando seu lema episcopal, \u201cNa Igreja ningu\u00e9m \u00e9 estrangeiro\u201d, salientamos os quase 40 anos de miss\u00e3o no Brasil e todo o empenho por mais de uma d\u00e9cada no trabalho da Pastoral dos Brasileiros no Exterior.<\/p>\n<p>Que Deus nos permita a aprender de seu exemplo, como nos motiva o Papa Francisco na mensagem para o Dia Mundial das Miss\u00f5es deste ano:<em>&nbsp;\u201cA Igreja est\u00e1 em miss\u00e3o no mundo: a f\u00e9 em Jesus Cristo d\u00e1-nos a justa dimens\u00e3o de todas as coisas, fazendo-nos ver o mundo com os olhos e o cora\u00e7\u00e3o de Deus; a esperan\u00e7a abre-nos aos horizontes eternos da vida divina, de que verdadeiramente participamos; a caridade, que antegozamos nos sacramentos e no amor fraterno, impele-nos at\u00e9 aos confins da terra\u201d<\/em>.<\/p>\n<p>Rogamos pela intercess\u00e3o do beato Jo\u00e3o Batista Scalabrini, que o seu emeritato seja um tempo de paz e sa\u00fade.<\/p>\n<p>Em Cristo,<\/p>\n<p><strong>Dom Walmor Oliveira de Azevedo<\/strong><br \/>\nArcebispo de Belo Horizonte (MG)<br \/>\nPresidente da CNBB<\/p>\n<p><strong>Dom Jaime Spengler<\/strong><br \/>\nArcebispo de Porto Alegre (RS)<br \/>\nPrimeiro Vice-Presidente da CNBB<\/p>\n<p><strong>Dom M\u00e1rio Ant\u00f4nio da Silva<\/strong><br \/>\nBispo de Roraima (RR)<br \/>\nSegundo Vice-Presidente da CNBB<\/p>\n<p><strong>Dom Joel Portella Amado<\/strong><br \/>\nBispo auxiliar da arquidiocese de S\u00e3o Sebasti\u00e3o do Rio de Janeiro (RJ)<br \/>\nSecret\u00e1rio-geral da CNBB<\/p><\/blockquote>\n<p>Informa\u00e7\u00f5es e fotos do site oficial da CNBB<\/p><\/blockquote>\n","protected":false},"excerpt":{"rendered":"<p>O Papa Francisco acolheu nesta quarta-feira, 26 de junho, o pedido de ren\u00fancia apresentado por dom Alessandro Ruffinoni ao governo pastoral da diocese de Caxias do Sul (RS) e nomeou como novo bispo dom Jos\u00e9 Gislon, at\u00e9 o momento \u00e0 frente da diocese de Erexim (RS). Dom Jos\u00e9 Gislon Catarinense de Dona Emma, dom Jos\u00e9&nbsp;<\/p>\n<p><a class=\"btn btn-style\" href=\"http:\/\/portalcatolico.net\/portal\/papa-aceita-pedido-de-renuncia-e-nomeia-novo-bispo-para-a-diocese-de-caxias-do-sul-rs\/\">Continue Reading<\/a><\/p>\n","protected":false},"author":2,"featured_media":65190,"comment_status":"open","ping_status":"open","sticky":false,"template":"","format":"standard","meta":{"footnotes":""},"categories":[3],"tags":[],"class_list":["post-65189","post","type-post","status-publish","format-standard","has-post-thumbnail","hentry","category-noticias_regionais"],"_links":{"self":[{"href":"http:\/\/portalcatolico.net\/portal\/wp-json\/wp\/v2\/posts\/65189","targetHints":{"allow":["GET"]}}],"collection":[{"href":"http:\/\/portalcatolico.net\/portal\/wp-json\/wp\/v2\/posts"}],"about":[{"href":"http:\/\/portalcatolico.net\/portal\/wp-json\/wp\/v2\/types\/post"}],"author":[{"embeddable":true,"href":"http:\/\/portalcatolico.net\/portal\/wp-json\/wp\/v2\/users\/2"}],"replies":[{"embeddable":true,"href":"http:\/\/portalcatolico.net\/portal\/wp-json\/wp\/v2\/comments?post=65189"}],"version-history":[{"count":3,"href":"http:\/\/portalcatolico.net\/portal\/wp-json\/wp\/v2\/posts\/65189\/revisions"}],"predecessor-version":[{"id":65194,"href":"http:\/\/portalcatolico.net\/portal\/wp-json\/wp\/v2\/posts\/65189\/revisions\/65194"}],"wp:featuredmedia":[{"embeddable":true,"href":"http:\/\/portalcatolico.net\/portal\/wp-json\/wp\/v2\/media\/65190"}],"wp:attachment":[{"href":"http:\/\/portalcatolico.net\/portal\/wp-json\/wp\/v2\/media?parent=65189"}],"wp:term":[{"taxonomy":"category","embeddable":true,"href":"http:\/\/portalcatolico.net\/portal\/wp-json\/wp\/v2\/categories?post=65189"},{"taxonomy":"post_tag","embeddable":true,"href":"http:\/\/portalcatolico.net\/portal\/wp-json\/wp\/v2\/tags?post=65189"}],"curies":[{"name":"wp","href":"https:\/\/api.w.org\/{rel}","templated":true}]}}