{"id":65167,"date":"2019-06-25T18:37:14","date_gmt":"2019-06-25T21:37:14","guid":{"rendered":"http:\/\/portalcatolico.net\/portal\/?p=65167"},"modified":"2019-06-25T18:38:40","modified_gmt":"2019-06-25T21:38:40","slug":"novenario-em-honra-a-santa-maria-goretti-comeca-esta-semana-em-itabuna","status":"publish","type":"post","link":"http:\/\/portalcatolico.net\/portal\/novenario-em-honra-a-santa-maria-goretti-comeca-esta-semana-em-itabuna\/","title":{"rendered":"Noven\u00e1rio em honra a Santa Maria Goretti come\u00e7a esta semana em Itabuna!"},"content":{"rendered":"<p>\u00c9 um tempo especial&nbsp;de ora\u00e7\u00e3o, confraterniza\u00e7\u00e3o e espiritualidade, em que atra\u00eddos pelo&nbsp;testemunho de Santa Maria Goretti, ser\u00e3o renovados a f\u00e9 e o compromisso&nbsp;crist\u00e3o, durante o Noven\u00e1rio e a festa dedicada \u00e0 santa.<br \/>\nO tema central do evento \u00e9: &#8220;Com Santa Maria Goretti, aprendemos a viver a&nbsp;alegria da santidade no mundo atual&#8221;.&nbsp;&nbsp;Este tema \u00e9 baseado na exorta\u00e7\u00e3o&nbsp;Apost\u00f3lica do Papa Francisco, Gaudete et Exsultate (GE) sobre a&nbsp;santidade.<br \/>\nA par\u00f3quia&nbsp;de Santa Maria Goretti tem como p\u00e1roco, o Pe. Adilson Santana do&nbsp;Carmo, CP, e \u00e9&nbsp; administrada pelos padres Passionistas.<br \/>\nO Noven\u00e1rio come\u00e7a na sexta-feira (28), \u00e0s 18h30, com uma&nbsp;grande carreata pelas ruas da cidade. A carreata ter\u00e1 in\u00edcio do bairro Jardim Primavera, da sede do Corpo de Bombeiros, em dire\u00e7\u00e3o \u00e0 igreja matriz que leva o nome da santa e fica situada no bairro Mangabinha. A missa acontecer\u00e1 \u00e0s 19h.&nbsp;<\/p>\n<p>Confira abaixo a programa\u00e7\u00e3o completa:<\/p>\n<p><strong>1\u00aa NOITE 28\/06 (Sexta-Feira)<\/strong><\/p>\n<p>&nbsp;Santo Ter\u00e7o: 18h<\/p>\n<p>Santa Missa:&nbsp;19h<\/p>\n<p><strong>Subtema<\/strong>: &#8220;Ser pobre no cora\u00e7\u00e3o: isto \u00e9 santidade!&#8221;<br \/>\nHOMENAGEADOS: Corpo de Bombeiros, 15\u00b0 Batalh\u00e3o da Pol\u00edcia Militar, Poder&nbsp;Executivo (Prefeito, Vice-Prefeito, Secret\u00e1rios, Procurador), Poder&nbsp;Legislativo (Vereadores e servidores da C\u00e2mara de Vereadores), Poder&nbsp;Judici\u00e1rio, Minist\u00e9rio P\u00fablico, OAB, Defensoria P\u00fablica, PROCON, FICC,&nbsp;Tiro de Guerra, Entidades Filantr\u00f3picas (Rotary e Lions Clube),&nbsp;Comunidade Matriz de Santa Maria Goretti, Apostolado da Ora\u00e7\u00e3o e&nbsp;devotos.<\/p>\n<p><strong>2\u00aa NOITE 29\/06 \u2013 (S\u00e1bado)<\/strong><\/p>\n<p>Santo Ter\u00e7o: 18h<\/p>\n<p>Santa Missa:&nbsp;19h<br \/>\n<strong>Subtema<\/strong>: &#8220;Reagir com humildade e mansid\u00e3o: isto \u00e9 santidade!&#8221;<br \/>\nHOMENAGEADOS: Par\u00f3quia S\u00e3o Judas Tadeu, Par\u00f3quia Nossa Senhora de&nbsp;F\u00e1tima, Pastoral da Liturgia, Pastoral da Catequese, Pastoral do&nbsp;Batismo, Creche de Santa Maria Goretti, Escola S\u00e3o Paulo da Cruz, Escola&nbsp;Lua Nova, Col\u00e9gio e Curso Galileu, Escola Pequeno Polegar, Escola&nbsp;Criativa, AFI, Sistema, Divina Provid\u00eancia e devotos.<\/p>\n<p><strong>3\u00aa NOITE 30\/06 \u2013 (Domingo)<\/strong><\/p>\n<p>&nbsp;Santa Missa 06h, 10h, e 18h<br \/>\n<strong>Subtema<\/strong>: &#8220;Saber chorar com os outros: isto \u00e9 santidade!&#8221;<br \/>\nHOMENAGEADOS: Ac\u00f3litos e Coroinhas, MECE, todos os paroquianos e&nbsp;devotos.<\/p>\n<p><strong>4\u00aa NOITE 01\/07 (Segunda-Feira)<\/strong><\/p>\n<p>Santo Ter\u00e7o: 18h<\/p>\n<p>Santa Missa&nbsp;-19h<br \/>\n<strong>Subtema<\/strong>: &#8220;Buscar a justi\u00e7a com fome e sede: isto \u00e9 santidade!&#8221;<br \/>\nHOMENAGEADOS: Par\u00f3quia Nossa Senhora Aparecida, Par\u00f3quia Santa In\u00eas,&nbsp;RCC,&nbsp; Comunidade de Maria, Comunidade Maria Caminha Conosco Pastoral da&nbsp;Crian\u00e7a e devotos.<\/p>\n<p><strong>5\u00aa NOITE 02\/07 (Ter\u00e7a-Feira)<\/strong><\/p>\n<p>Santo Ter\u00e7o: 18h<\/p>\n<p>Santa Missa: 19h<br \/>\n<strong>Subtema:<\/strong> &#8220;Olhar e agir com miseric\u00f3rdia: isto \u00e9 santidade!&#8221;<br \/>\nHOMENAGEADOS: Par\u00f3quia Nossa Senhora da Concei\u00e7\u00e3o de Ferradas, Par\u00f3quia&nbsp;Santa Maria Madalena, Pastoral Presbiteral, Comunidades Senhor Menino,&nbsp;Santa Gema Galgani, Santa Catarina, S\u00e3o Vicente Maria Strambri e Santo&nbsp;Ant\u00f4nio, Nossa Senhora Guadalupe, Capela S\u00e3o Pedro e devotos.<br \/>\nLiturgia:<\/p>\n<p><strong>6\u00aa NOITE 03\/07 (Quarta-Feira)<\/strong><\/p>\n<p>Santo Ter\u00e7o: 18h<\/p>\n<p>Santa&nbsp;Missa19h<br \/>\n<strong>Subtema<\/strong>: &#8220;Manter o cora\u00e7\u00e3o limpo de tudo que mancha o amor: isto \u00e9&nbsp;santidade!&#8221;<br \/>\nHOMENAGEADOS: Par\u00f3quia Nossa Senhora da Concei\u00e7\u00e3o, Par\u00f3quia Santo&nbsp;Ant\u00f4nio, Pastoral do D\u00edzimo, CRB (N\u00facleo de Itabuna), Profissionais da&nbsp;Sa\u00fade, Pastoral da Sa\u00fade, SAMU, CEMEPI, Hospital Manoel Novaes, Hospital&nbsp;de Base, Hospital Calixto Midlej Filho, APAE, N\u00facleo Cuidar, GACC,&nbsp;COTEF, ONCOSUL, Abrigo S\u00e3o Francisco de Assis, Hospital de Olhos Beira&nbsp;Rio, Conselho Tutelar, Espa\u00e7o Aconchego e devotos.<\/p>\n<p><strong>7\u00aa NOITE 04\/07 (Quinta-Feira)&nbsp;<\/strong><\/p>\n<p>Santo Ter\u00e7o: 18h<\/p>\n<p>&nbsp;Santa Missa:&nbsp;19h<br \/>\n<strong>Subtema<\/strong>: &#8220;Semear a paz ao nosso redor: isto \u00e9 santidade!&#8221;<br \/>\nHOMENAGEADOS: Par\u00f3quia Santa Rita de Cassia (Frades Capuchinhos),&nbsp;Par\u00f3quia Senhor do Bonfim, Pastoral Familiar, PASCOM, <strong>Portal Cat\u00f3lico<\/strong>,&nbsp;Casais e Equipes de Nossa Senhora e devotos.<br \/>\nAdora\u00e7\u00e3o ao Sant\u00edssimo: 15h<\/p>\n<p><strong>8\u00aa NOITE 05\/07 (Sexta-Feira)<\/strong><\/p>\n<p>Santo Ter\u00e7o: 18h<\/p>\n<p>Santa Missa:&nbsp;19h<br \/>\n<strong>Subtema<\/strong>: &#8220;Abra\u00e7ar diariamente o caminho da cruz: isto \u00e9 santidade!&#8221;<br \/>\nHOMENAGEADOS: Nossa Senhora das Vit\u00f3rias, Comunidades de Vida e Alian\u00e7a&nbsp;(Santa Cec\u00edlia, Rainha da Paz, Filhos de Israel e MEFA) Ter\u00e7o dos&nbsp;Homens, Cursilho, Escola Diaconal, Di\u00e1conos Permanentes, Jo\u00e3o Paulo ll,&nbsp;Movimento M\u00e3e Rainha, Legi\u00e3o de Maria, Vicentinos e devotos.<br \/>\nMissa da Miseric\u00f3rdia: 12h<\/p>\n<p><strong>9\u00aa NOITE 06\/07 (S\u00e1bado)<\/strong><\/p>\n<p>Santo Of\u00edcio: 18h<\/p>\n<p>Santa Missa:&nbsp;19h<br \/>\n<strong>Subtema<\/strong>: &#8220;Os Santos nos encorajam e acompanham!&#8221;<br \/>\nHOMENAGEADOS: Par\u00f3quia Nossa Senhora da Piedade, Catedral de S\u00e3o Jos\u00e9,&nbsp;Setor Juventude, EJC Diocesana, Escalada, R\u00e1dios Am e FM, Difusora,&nbsp;Interativa, TV Santa Cruz e&nbsp; devotos. 1\u00aa Lavagem do Templo de Santa Maria Goretti: 08h3 (em seguida, caf\u00e9 da manh\u00e3)<br \/>\nMissa da Sa\u00fade: 16h<\/p>\n<p><strong>10\u00aa NOITE 07\/07 (Domingo)<\/strong><\/p>\n<p>Festa de Santa Maria Goretti<\/p>\n<p>Alvorada:&nbsp;5h<br \/>\nSanta Missa: 6h (Transmitida pela R\u00e1dio Difusora).<br \/>\nMissa Solene: 17h&nbsp;&nbsp;&nbsp;&nbsp;&nbsp;&nbsp;&nbsp;&nbsp;&nbsp;&nbsp;&nbsp;&nbsp;&nbsp;&nbsp;&nbsp;&nbsp;&nbsp;&nbsp;&nbsp;&nbsp;&nbsp;&nbsp;&nbsp;&nbsp;&nbsp;&nbsp;&nbsp;&nbsp;&nbsp;&nbsp;&nbsp;&nbsp;&nbsp;&nbsp;&nbsp;&nbsp;&nbsp;&nbsp;&nbsp;&nbsp;&nbsp;&nbsp;&nbsp;&nbsp;&nbsp;&nbsp;&nbsp;<\/p>\n<p>Prociss\u00e3o&nbsp;luminosa: 18h30.<br \/>\nHOMENAGEADOS: Par\u00f3quia de Santa Maria Goretti, devotos, e todo o povo de&nbsp;Deus.<\/p>\n<p>Edi\u00e7\u00e3o&nbsp; e adapta\u00e7\u00e3o de texto:Portal Cat\u00f3lico<\/p>\n","protected":false},"excerpt":{"rendered":"<p>\u00c9 um tempo especial&nbsp;de ora\u00e7\u00e3o, confraterniza\u00e7\u00e3o e espiritualidade, em que atra\u00eddos pelo&nbsp;testemunho de Santa Maria Goretti, ser\u00e3o renovados a f\u00e9 e o compromisso&nbsp;crist\u00e3o, durante o Noven\u00e1rio e a festa dedicada \u00e0 santa. O tema central do evento \u00e9: &#8220;Com Santa Maria Goretti, aprendemos a viver a&nbsp;alegria da santidade no mundo atual&#8221;.&nbsp;&nbsp;Este tema \u00e9 baseado na&nbsp;<\/p>\n<p><a class=\"btn btn-style\" href=\"http:\/\/portalcatolico.net\/portal\/novenario-em-honra-a-santa-maria-goretti-comeca-esta-semana-em-itabuna\/\">Continue Reading<\/a><\/p>\n","protected":false},"author":2,"featured_media":65168,"comment_status":"open","ping_status":"open","sticky":false,"template":"","format":"standard","meta":{"footnotes":""},"categories":[4],"tags":[],"class_list":["post-65167","post","type-post","status-publish","format-standard","has-post-thumbnail","hentry","category-destaques"],"_links":{"self":[{"href":"http:\/\/portalcatolico.net\/portal\/wp-json\/wp\/v2\/posts\/65167","targetHints":{"allow":["GET"]}}],"collection":[{"href":"http:\/\/portalcatolico.net\/portal\/wp-json\/wp\/v2\/posts"}],"about":[{"href":"http:\/\/portalcatolico.net\/portal\/wp-json\/wp\/v2\/types\/post"}],"author":[{"embeddable":true,"href":"http:\/\/portalcatolico.net\/portal\/wp-json\/wp\/v2\/users\/2"}],"replies":[{"embeddable":true,"href":"http:\/\/portalcatolico.net\/portal\/wp-json\/wp\/v2\/comments?post=65167"}],"version-history":[{"count":1,"href":"http:\/\/portalcatolico.net\/portal\/wp-json\/wp\/v2\/posts\/65167\/revisions"}],"predecessor-version":[{"id":65169,"href":"http:\/\/portalcatolico.net\/portal\/wp-json\/wp\/v2\/posts\/65167\/revisions\/65169"}],"wp:featuredmedia":[{"embeddable":true,"href":"http:\/\/portalcatolico.net\/portal\/wp-json\/wp\/v2\/media\/65168"}],"wp:attachment":[{"href":"http:\/\/portalcatolico.net\/portal\/wp-json\/wp\/v2\/media?parent=65167"}],"wp:term":[{"taxonomy":"category","embeddable":true,"href":"http:\/\/portalcatolico.net\/portal\/wp-json\/wp\/v2\/categories?post=65167"},{"taxonomy":"post_tag","embeddable":true,"href":"http:\/\/portalcatolico.net\/portal\/wp-json\/wp\/v2\/tags?post=65167"}],"curies":[{"name":"wp","href":"https:\/\/api.w.org\/{rel}","templated":true}]}}