{"id":65163,"date":"2019-06-25T18:24:58","date_gmt":"2019-06-25T21:24:58","guid":{"rendered":"http:\/\/portalcatolico.net\/portal\/?p=65163"},"modified":"2019-06-25T18:24:58","modified_gmt":"2019-06-25T21:24:58","slug":"triduo-em-homenagem-a-sao-pedro-acontece-esta-semana-em-itabuna","status":"publish","type":"post","link":"http:\/\/portalcatolico.net\/portal\/triduo-em-homenagem-a-sao-pedro-acontece-esta-semana-em-itabuna\/","title":{"rendered":"Tr\u00edduo em homenagem a S\u00e3o Pedro acontece esta semana em Itabuna"},"content":{"rendered":"<p>Nos dias 27, 28, 29 e 30&nbsp;de junho, a comunidade no bairro S\u00e3o Pedro, em Itabuna (BA), organizou&nbsp;o tr\u00edduo em homenagem a S\u00e3o Pedro, padroeiro do bairro.<\/p>\n<p>O tema escolhido&nbsp;como motiva\u00e7\u00e3o para a festa deste ano \u00e9: &#8220;Batizados e enviados: A Igreja&nbsp;de Cristo emiss\u00e3o no mundo&#8221;.<br \/>\nA comunidade do S\u00e3o Pedro comp\u00f5e a Par\u00f3quia Nossa Senhora da Concei\u00e7\u00e3o&nbsp;do bairro Concei\u00e7\u00e3o, que tem como padre respons\u00e1vel, o&nbsp;&nbsp;Pe. Adriano&nbsp;Fernandes.<\/p>\n<p>\u00c0s 18h,&nbsp; vai acontecer a reza do ter\u00e7o e \u00e0s 19h, a Celebra\u00e7\u00e3o&nbsp;Eucar\u00edstica.&nbsp;<br \/>\nNo dia 30 (domingo), acontecer\u00e1 o tradicional Caruru de S\u00e3o Pedro, \u00e0s&nbsp;12h, na Escola Pe. Carlos Sal\u00e9rio.<br \/>\nConfira a programa\u00e7\u00e3o completa no cartaz.<\/p>\n<p>Texto:Portal Cat\u00f3lico<\/p>\n<p>Participe!<\/p>\n<p><img loading=\"lazy\" decoding=\"async\" class=\"wp-image-65164 aligncenter\" src=\"http:\/\/portalcatolico.net\/portal\/wp-content\/uploads\/2019\/06\/65038589_1433150393490973_3978573698301952000_n-274x300.jpg\" alt=\"\" width=\"738\" height=\"808\" srcset=\"http:\/\/portalcatolico.net\/portal\/wp-content\/uploads\/2019\/06\/65038589_1433150393490973_3978573698301952000_n-274x300.jpg 274w, http:\/\/portalcatolico.net\/portal\/wp-content\/uploads\/2019\/06\/65038589_1433150393490973_3978573698301952000_n.jpg 653w\" sizes=\"auto, (max-width: 738px) 100vw, 738px\" \/><\/p>\n","protected":false},"excerpt":{"rendered":"<p>Nos dias 27, 28, 29 e 30&nbsp;de junho, a comunidade no bairro S\u00e3o Pedro, em Itabuna (BA), organizou&nbsp;o tr\u00edduo em homenagem a S\u00e3o Pedro, padroeiro do bairro. O tema escolhido&nbsp;como motiva\u00e7\u00e3o para a festa deste ano \u00e9: &#8220;Batizados e enviados: A Igreja&nbsp;de Cristo emiss\u00e3o no mundo&#8221;. A comunidade do S\u00e3o Pedro comp\u00f5e a Par\u00f3quia Nossa&nbsp;<\/p>\n<p><a class=\"btn btn-style\" href=\"http:\/\/portalcatolico.net\/portal\/triduo-em-homenagem-a-sao-pedro-acontece-esta-semana-em-itabuna\/\">Continue Reading<\/a><\/p>\n","protected":false},"author":2,"featured_media":65165,"comment_status":"open","ping_status":"open","sticky":false,"template":"","format":"standard","meta":{"footnotes":""},"categories":[1],"tags":[],"class_list":["post-65163","post","type-post","status-publish","format-standard","has-post-thumbnail","hentry","category-agenda"],"_links":{"self":[{"href":"http:\/\/portalcatolico.net\/portal\/wp-json\/wp\/v2\/posts\/65163","targetHints":{"allow":["GET"]}}],"collection":[{"href":"http:\/\/portalcatolico.net\/portal\/wp-json\/wp\/v2\/posts"}],"about":[{"href":"http:\/\/portalcatolico.net\/portal\/wp-json\/wp\/v2\/types\/post"}],"author":[{"embeddable":true,"href":"http:\/\/portalcatolico.net\/portal\/wp-json\/wp\/v2\/users\/2"}],"replies":[{"embeddable":true,"href":"http:\/\/portalcatolico.net\/portal\/wp-json\/wp\/v2\/comments?post=65163"}],"version-history":[{"count":1,"href":"http:\/\/portalcatolico.net\/portal\/wp-json\/wp\/v2\/posts\/65163\/revisions"}],"predecessor-version":[{"id":65166,"href":"http:\/\/portalcatolico.net\/portal\/wp-json\/wp\/v2\/posts\/65163\/revisions\/65166"}],"wp:featuredmedia":[{"embeddable":true,"href":"http:\/\/portalcatolico.net\/portal\/wp-json\/wp\/v2\/media\/65165"}],"wp:attachment":[{"href":"http:\/\/portalcatolico.net\/portal\/wp-json\/wp\/v2\/media?parent=65163"}],"wp:term":[{"taxonomy":"category","embeddable":true,"href":"http:\/\/portalcatolico.net\/portal\/wp-json\/wp\/v2\/categories?post=65163"},{"taxonomy":"post_tag","embeddable":true,"href":"http:\/\/portalcatolico.net\/portal\/wp-json\/wp\/v2\/tags?post=65163"}],"curies":[{"name":"wp","href":"https:\/\/api.w.org\/{rel}","templated":true}]}}