{"id":65157,"date":"2019-06-25T18:17:32","date_gmt":"2019-06-25T21:17:32","guid":{"rendered":"http:\/\/portalcatolico.net\/portal\/?p=65157"},"modified":"2019-06-26T18:46:35","modified_gmt":"2019-06-26T21:46:35","slug":"rito-da-investidura-dos-novos-ministros-extraordinarios-vai-acontecer-em-itabuna-confira","status":"publish","type":"post","link":"http:\/\/portalcatolico.net\/portal\/rito-da-investidura-dos-novos-ministros-extraordinarios-vai-acontecer-em-itabuna-confira\/","title":{"rendered":"Padre far\u00e1 investidura de novos Ministros da Sagrada Comunh\u00e3o em Itabuna. Confira!"},"content":{"rendered":"<p>A Par\u00f3quia Nossa Senhora da Piedade situada no bairro Maria Pinheiro&nbsp;em Itabuna (BA), junto com a sua comunidade, tem a alegria de&nbsp;convidar a todos para a Celebra\u00e7\u00e3o Eucar\u00edstica que ser\u00e1&nbsp;&nbsp;presidida pelo&nbsp;reverend\u00edssimo p\u00e1roco, o Pe. Frei Ivanilton Oliveira dos Santos, MsS,&nbsp;para o Rito&nbsp; da Investidura dos novos Ministros Extraordin\u00e1rios da&nbsp;Sagrada Comunh\u00e3o e da palavra.<\/p>\n<p>O evento vai acontecer na pr\u00f3xima sexta-feira, 28 de junho, \u00e0s 19h,na Igreja Matriz de&nbsp;Nossa Senhora da Piedade. Participe!<\/p>\n<p>Foto:Divulga\u00e7\u00e3o&nbsp;<\/p>\n<p>Edi\u00e7\u00e3o de texto:Portal Cat\u00f3lico<\/p>\n<p>&nbsp;<\/p>\n","protected":false},"excerpt":{"rendered":"<p>A Par\u00f3quia Nossa Senhora da Piedade situada no bairro Maria Pinheiro&nbsp;em Itabuna (BA), junto com a sua comunidade, tem a alegria de&nbsp;convidar a todos para a Celebra\u00e7\u00e3o Eucar\u00edstica que ser\u00e1&nbsp;&nbsp;presidida pelo&nbsp;reverend\u00edssimo p\u00e1roco, o Pe. Frei Ivanilton Oliveira dos Santos, MsS,&nbsp;para o Rito&nbsp; da Investidura dos novos Ministros Extraordin\u00e1rios da&nbsp;Sagrada Comunh\u00e3o e da palavra. O evento&nbsp;<\/p>\n<p><a class=\"btn btn-style\" href=\"http:\/\/portalcatolico.net\/portal\/rito-da-investidura-dos-novos-ministros-extraordinarios-vai-acontecer-em-itabuna-confira\/\">Continue Reading<\/a><\/p>\n","protected":false},"author":2,"featured_media":65181,"comment_status":"open","ping_status":"open","sticky":false,"template":"","format":"standard","meta":{"footnotes":""},"categories":[1],"tags":[],"class_list":["post-65157","post","type-post","status-publish","format-standard","has-post-thumbnail","hentry","category-agenda"],"_links":{"self":[{"href":"http:\/\/portalcatolico.net\/portal\/wp-json\/wp\/v2\/posts\/65157","targetHints":{"allow":["GET"]}}],"collection":[{"href":"http:\/\/portalcatolico.net\/portal\/wp-json\/wp\/v2\/posts"}],"about":[{"href":"http:\/\/portalcatolico.net\/portal\/wp-json\/wp\/v2\/types\/post"}],"author":[{"embeddable":true,"href":"http:\/\/portalcatolico.net\/portal\/wp-json\/wp\/v2\/users\/2"}],"replies":[{"embeddable":true,"href":"http:\/\/portalcatolico.net\/portal\/wp-json\/wp\/v2\/comments?post=65157"}],"version-history":[{"count":8,"href":"http:\/\/portalcatolico.net\/portal\/wp-json\/wp\/v2\/posts\/65157\/revisions"}],"predecessor-version":[{"id":65185,"href":"http:\/\/portalcatolico.net\/portal\/wp-json\/wp\/v2\/posts\/65157\/revisions\/65185"}],"wp:featuredmedia":[{"embeddable":true,"href":"http:\/\/portalcatolico.net\/portal\/wp-json\/wp\/v2\/media\/65181"}],"wp:attachment":[{"href":"http:\/\/portalcatolico.net\/portal\/wp-json\/wp\/v2\/media?parent=65157"}],"wp:term":[{"taxonomy":"category","embeddable":true,"href":"http:\/\/portalcatolico.net\/portal\/wp-json\/wp\/v2\/categories?post=65157"},{"taxonomy":"post_tag","embeddable":true,"href":"http:\/\/portalcatolico.net\/portal\/wp-json\/wp\/v2\/tags?post=65157"}],"curies":[{"name":"wp","href":"https:\/\/api.w.org\/{rel}","templated":true}]}}