{"id":65154,"date":"2019-06-25T18:12:47","date_gmt":"2019-06-25T21:12:47","guid":{"rendered":"http:\/\/portalcatolico.net\/portal\/?p=65154"},"modified":"2019-06-25T18:12:47","modified_gmt":"2019-06-25T21:12:47","slug":"paroquia-sao-pedro-celebra-padroeiro-com-programacao-festiva","status":"publish","type":"post","link":"http:\/\/portalcatolico.net\/portal\/paroquia-sao-pedro-celebra-padroeiro-com-programacao-festiva\/","title":{"rendered":"Par\u00f3quia S\u00e3o Pedro celebra padroeiro com programa\u00e7\u00e3o festiva"},"content":{"rendered":"<p>Com o tema \u2018Pedro, o mission\u00e1rio\u2019, a Par\u00f3quia S\u00e3o Pedro (Pra\u00e7a da Piedade, 11, Centro de Salvador) promover\u00e1, dos dias 26 a 29 de junho, programa\u00e7\u00e3o festiva em louvor ao padroeiro. Nos dias 26, 27 e 28 ser\u00e1 realizado o tr\u00edduo preparat\u00f3rio. No dia 29 \u2013 dia consagrado aos ap\u00f3stolos S\u00e3o Pedro e S\u00e3o Paulo, fundadores da Igreja Primitiva e colunas do Cristianismo \u2013, ser\u00e3o celebradas cinco missas na Igreja Matriz e a missa solene campal em frente ao templo, presidida pelo Arcebispo de Salvador e Primaz do Brasil, Dom Murilo Krieger. A programa\u00e7\u00e3o incluir\u00e1 uma prociss\u00e3o que percorrer\u00e1 as ruas Direita da Piedade, Politeama de Baixo e Forte de S\u00e3o Pedro, Avenida Sete de Setembro, retornando \u00e0 Igreja de S\u00e3o Pedro.<\/p>\n<p>\u201cA Igreja Cat\u00f3lica \u00e9 a \u00fanica Institui\u00e7\u00e3o que se declara de origem divina. Tudo tem in\u00edcio quando, ao escolher Pedro, Jesus declara: \u2018Tu \u00e9s Pedro e sobre esta pedra edificarei a minha Igreja\u2019 (Mt 16,18). Pedro \u00e9, por excel\u00eancia, o mission\u00e1rio, aquele a quem Jesus confia a miss\u00e3o de edificar e conduzir a Sua Igreja, de dar continuidade \u00e0 miss\u00e3o do pr\u00f3prio Jesus\u201d, explica o p\u00e1roco de S\u00e3o Pedro, padre Aderbal Galv\u00e3o de Sousa. \u201cDessa forma, Pedro assume a posi\u00e7\u00e3o de primeiro Papa, de chefe supremo da Igreja. O pontificado sobrevive h\u00e1 mais de dois mil anos, mantendo-se fiel \u00e0 miss\u00e3o que foi inicialmente confiada a Pedro e que hoje cabe ao Papa Francisco: o an\u00fancio do Evangelho\u201d, destaca padre Aderbal.&nbsp;&nbsp;&nbsp;&nbsp;&nbsp;<\/p>\n<p>Durante o tr\u00edduo preparat\u00f3rio, nos dias 26, 27 e 28 (quarta, quinta e sexta-feira), em todas as celebra\u00e7\u00f5es, na Igreja Matriz de S\u00e3o Pedro, ser\u00e1 evidenciada a pessoa de Pedro e sua miss\u00e3o. Haver\u00e1 dois momentos especiais \u2013 \u00e0s 11h e \u00e0s 16h \u2013, nos quais ser\u00e3o rezadas a Ora\u00e7\u00e3o do Of\u00edcio e a Ladainha de S\u00e3o Pedro, bem como entoados c\u00e2nticos em seu louvor.&nbsp; &nbsp;<\/p>\n<p>O p\u00e1roco de S\u00e3o Pedro informa que, este ano, a programa\u00e7\u00e3o do dia festivo (29) sofreu altera\u00e7\u00e3o: \u201cComo a Igreja Matriz de S\u00e3o Pedro est\u00e1 localizada em pleno centro comercial de Salvador, e, no s\u00e1bado, o com\u00e9rcio fecha \u00e0s 13 horas, quando as ruas ficam com pouco movimento, achamos melhor antecipar a prociss\u00e3o e a missa solene campal para o fim da manh\u00e3, dando maior oportunidade de participa\u00e7\u00e3o do povo de Deus\u201d. A programa\u00e7\u00e3o do dia 29 \u00e9 a seguinte: a primeira missa ser\u00e1 \u00e0s 7h na inten\u00e7\u00e3o do Papa. A segunda missa ser\u00e1 \u00e0s 8h pelos comerciantes, comerci\u00e1rios e vendedores ambulantes do centro de Salvador e pelos aniversariantes do dia. A celebra\u00e7\u00e3o das 10h ser\u00e1 pelos vi\u00favos e vi\u00favas e pelas pessoas com o nome Pedro. \u00c0s 11h sair\u00e1 a prociss\u00e3o da porta da Igreja Matriz, que percorrer\u00e1 algumas ruas do centro. Em seguida, \u00e0s 12h, ser\u00e1 celebrada a missa solene campal, em frente \u00e0 Igreja Matriz, presidida por Dom Murilo. Na parte da tarde, a missa das 14h30 ser\u00e1 na inten\u00e7\u00e3o dos idosos e doentes; e a missa das 16h, pelos minist\u00e9rios, pastorais e movimentos religiosos que atuam na par\u00f3quia, encerrando-se com a b\u00ean\u00e7\u00e3o do Sant\u00edssimo Sacramento.&nbsp;<\/p>\n<p>A Festa de S\u00e3o Pedro \u00e9 uma tradi\u00e7\u00e3o do calend\u00e1rio religioso de Salvador. O santo \u00e9 padroeiro dos pescadores, porque era pescador; dos vi\u00favos e vi\u00favas, porque era vi\u00favo; dos porteiros, porque Jesus Cristo lhe confiou as chaves do Reino dos c\u00e9us; dos comerciantes e comerci\u00e1rios, porque a par\u00f3quia est\u00e1 localizada no centro da cidade, em \u00e1rea tradicionalmente comercial. A Festa de S\u00e3o Pedro e S\u00e3o Paulo \u00e9 uma das celebra\u00e7\u00f5es mais importantes e antigas do calend\u00e1rio lit\u00fargico, introduzida na liturgia no s\u00e9culo II para lembrar o mart\u00edrio dos dois santos. Foi colocada pela Igreja em 29 de junho para ocupar o lugar de uma antiga celebra\u00e7\u00e3o pag\u00e3 que exaltava as figuras de R\u00f4mulo e Remo, os mitos considerados fundadores da cidade de Roma. S\u00e3o Pedro e S\u00e3o Paulo foram os fundadores da Roma crist\u00e3. Pedro morreu provavelmente no ano de 64, crucificado de cabe\u00e7a para baixo. Paulo morreu decapitado no ano de 67.<\/p>\n<p>Texto: Sara Gomes\/Arquidiocese de Salvador (BA)<\/p>\n","protected":false},"excerpt":{"rendered":"<p>Com o tema \u2018Pedro, o mission\u00e1rio\u2019, a Par\u00f3quia S\u00e3o Pedro (Pra\u00e7a da Piedade, 11, Centro de Salvador) promover\u00e1, dos dias 26 a 29 de junho, programa\u00e7\u00e3o festiva em louvor ao padroeiro. Nos dias 26, 27 e 28 ser\u00e1 realizado o tr\u00edduo preparat\u00f3rio. No dia 29 \u2013 dia consagrado aos ap\u00f3stolos S\u00e3o Pedro e S\u00e3o Paulo,&nbsp;<\/p>\n<p><a class=\"btn btn-style\" href=\"http:\/\/portalcatolico.net\/portal\/paroquia-sao-pedro-celebra-padroeiro-com-programacao-festiva\/\">Continue Reading<\/a><\/p>\n","protected":false},"author":2,"featured_media":65155,"comment_status":"open","ping_status":"open","sticky":false,"template":"","format":"standard","meta":{"footnotes":""},"categories":[1],"tags":[],"class_list":["post-65154","post","type-post","status-publish","format-standard","has-post-thumbnail","hentry","category-agenda"],"_links":{"self":[{"href":"http:\/\/portalcatolico.net\/portal\/wp-json\/wp\/v2\/posts\/65154","targetHints":{"allow":["GET"]}}],"collection":[{"href":"http:\/\/portalcatolico.net\/portal\/wp-json\/wp\/v2\/posts"}],"about":[{"href":"http:\/\/portalcatolico.net\/portal\/wp-json\/wp\/v2\/types\/post"}],"author":[{"embeddable":true,"href":"http:\/\/portalcatolico.net\/portal\/wp-json\/wp\/v2\/users\/2"}],"replies":[{"embeddable":true,"href":"http:\/\/portalcatolico.net\/portal\/wp-json\/wp\/v2\/comments?post=65154"}],"version-history":[{"count":1,"href":"http:\/\/portalcatolico.net\/portal\/wp-json\/wp\/v2\/posts\/65154\/revisions"}],"predecessor-version":[{"id":65156,"href":"http:\/\/portalcatolico.net\/portal\/wp-json\/wp\/v2\/posts\/65154\/revisions\/65156"}],"wp:featuredmedia":[{"embeddable":true,"href":"http:\/\/portalcatolico.net\/portal\/wp-json\/wp\/v2\/media\/65155"}],"wp:attachment":[{"href":"http:\/\/portalcatolico.net\/portal\/wp-json\/wp\/v2\/media?parent=65154"}],"wp:term":[{"taxonomy":"category","embeddable":true,"href":"http:\/\/portalcatolico.net\/portal\/wp-json\/wp\/v2\/categories?post=65154"},{"taxonomy":"post_tag","embeddable":true,"href":"http:\/\/portalcatolico.net\/portal\/wp-json\/wp\/v2\/tags?post=65154"}],"curies":[{"name":"wp","href":"https:\/\/api.w.org\/{rel}","templated":true}]}}