{"id":64372,"date":"2019-05-05T15:36:25","date_gmt":"2019-05-05T18:36:25","guid":{"rendered":"http:\/\/portalcatolico.net\/portal\/?p=64372"},"modified":"2019-05-05T15:48:32","modified_gmt":"2019-05-05T18:48:32","slug":"criancas-recebem-pela-primeira-vez-o-corpo-e-sangue-de-jesus-cristo-em-itabuna","status":"publish","type":"post","link":"http:\/\/portalcatolico.net\/portal\/criancas-recebem-pela-primeira-vez-o-corpo-e-sangue-de-jesus-cristo-em-itabuna\/","title":{"rendered":"Crian\u00e7as recebem pela primeira vez, o Corpo e Sangue de Jesus Cristo em Itabuna"},"content":{"rendered":"<div dir=\"auto\"><img loading=\"lazy\" decoding=\"async\" class=\"alignnone wp-image-64374\" src=\"http:\/\/portalcatolico.net\/portal\/wp-content\/uploads\/2019\/05\/sem-t\u00edtulo-20-300x225.jpg\" alt=\"\" width=\"743\" height=\"557\" srcset=\"http:\/\/portalcatolico.net\/portal\/wp-content\/uploads\/2019\/05\/sem-t\u00edtulo-20-300x225.jpg 300w, http:\/\/portalcatolico.net\/portal\/wp-content\/uploads\/2019\/05\/sem-t\u00edtulo-20-768x576.jpg 768w, http:\/\/portalcatolico.net\/portal\/wp-content\/uploads\/2019\/05\/sem-t\u00edtulo-20-1024x768.jpg 1024w, http:\/\/portalcatolico.net\/portal\/wp-content\/uploads\/2019\/05\/sem-t\u00edtulo-20.jpg 2000w\" sizes=\"auto, (max-width: 743px) 100vw, 743px\" \/><\/div>\n<div dir=\"auto\">A celebra\u00e7\u00e3o da primeira Eucaristia aconteceu hoje (5)&nbsp; pela manh\u00e3 e foi presidida pelo p\u00e1roco, o Pe. Frei Jos\u00e9 Gen\u00edlton, que na oportunidade, ressaltou a import\u00e2ncia dos pais na vida espiritual das crian\u00e7as, dando continuidade \u00e0 catequese em fam\u00edlia.<\/div>\n<div dir=\"auto\">Para todos, foi um dia festivo e de muita emo\u00e7\u00e3o, ap\u00f3s dois anos de prepara\u00e7\u00e3o, participando de encontros e retiros.&nbsp;<\/div>\n<div dir=\"auto\">Quarenta e tr\u00eas crian\u00e7as e adolescentes&nbsp; das comunidades e da Igreja matriz de Santa Rita de C\u00e1ssia em Itabuna, no sul da Bahia, foram apresentadas ao Altar do&nbsp;Senhor no seu primeiro encontro com Jesus Cristo para a sua Primeira Eucaristia \u2013 ou Primeira Comunh\u00e3o.<\/div>\n<div dir=\"auto\">Durante a catequese, as crian\u00e7as&nbsp; e os adolescentes foram conhecendo e se aprofundando na experi\u00eancia crist\u00e3 e,&nbsp;principalmente na viv\u00eancia comunit\u00e1ria, descobrindo o que significa a comunh\u00e3o, o Corpo e Sangue de Jesus Cristo.<\/div>\n<div dir=\"auto\">Para as catequistas, foi muito compensador ver as crian\u00e7as acompanhadas por seus&nbsp;pais e parentes, depois da ansiedade, derramarem seus pequeninos cora\u00e7\u00f5es em l\u00e1grimas de contentamento. Um momento \u00fanico para todas elas.&nbsp;<img loading=\"lazy\" decoding=\"async\" class=\"size-medium wp-image-64382 alignleft\" src=\"http:\/\/portalcatolico.net\/portal\/wp-content\/uploads\/2019\/05\/sem-t\u00edtulo-15-300x225.jpg\" alt=\"\" width=\"300\" height=\"225\" srcset=\"http:\/\/portalcatolico.net\/portal\/wp-content\/uploads\/2019\/05\/sem-t\u00edtulo-15-300x225.jpg 300w, http:\/\/portalcatolico.net\/portal\/wp-content\/uploads\/2019\/05\/sem-t\u00edtulo-15-768x576.jpg 768w, http:\/\/portalcatolico.net\/portal\/wp-content\/uploads\/2019\/05\/sem-t\u00edtulo-15-1024x768.jpg 1024w, http:\/\/portalcatolico.net\/portal\/wp-content\/uploads\/2019\/05\/sem-t\u00edtulo-15.jpg 2000w\" sizes=\"auto, (max-width: 300px) 100vw, 300px\" \/><\/div>\n<div dir=\"auto\">Ao final, para coroar o evento, elas fizeram uma linda homenagem \u00e0 Nossa Senhora.<\/div>\n<div dir=\"auto\">Eucaristia significa reconhecimento, a\u00e7\u00e3o de gra\u00e7as, em grego, \u00e9 uma celebra\u00e7\u00e3o da Igreja Cat\u00f3lica Apost\u00f3lica Romana, para lembrar da morte e ressurrei\u00e7\u00e3o de Jesus Cristo, \u00e9 tamb\u00e9m chamada de comunh\u00e3o.<\/div>\n<div dir=\"auto\">Para receber a eucaristia, \u00e9 necess\u00e1rio fazer a catequese, que s\u00e3o encontros onde as pessoas aprendem sobre Deus, a B\u00edblia, uma reflex\u00e3o sobre o catolicismo. Ap\u00f3s a catequese, a\u00ed sim o indiv\u00edduo est\u00e1 preparado&nbsp;para fazer a primeira comunh\u00e3o, que geralmente \u00e9 feita com 7 anos de&nbsp;idade, o que n\u00e3o impede que outras pessoas se convertam ao catolicismo, e fa\u00e7am depois. A eucaristia \u00e9 um dos sete sacramentos, que \u00e9 quando as&nbsp;pessoas recebem a h\u00f3stia, o s\u00edmbolo do corpo de Cristo em cada um que&nbsp;faz a comunh\u00e3o.<\/div>\n<div dir=\"auto\">A eucaristia \u00e9 o pr\u00f3prio sacrif\u00edcio do corpo e do sangue de Jesus, \u00e9 o banquete de Deus, onde ele reparte o p\u00e3o e o vinho, representado pela h\u00f3stia, e relembrando o momento que Jesus o fez, com seus ap\u00f3stolos, e cada indiv\u00edduo tem o direito de fazer a comunh\u00e3o. Antes da comunh\u00e3o, as&nbsp;pessoas t\u00eam que estar livres dos seus pecados, fazendo a confiss\u00e3o para&nbsp;um padre.<\/div>\n<div dir=\"auto\"><img loading=\"lazy\" decoding=\"async\" class=\"alignnone size-medium wp-image-64376\" src=\"http:\/\/portalcatolico.net\/portal\/wp-content\/uploads\/2019\/05\/sem-t\u00edtulo-5-300x225.jpg\" alt=\"\" width=\"300\" height=\"225\" srcset=\"http:\/\/portalcatolico.net\/portal\/wp-content\/uploads\/2019\/05\/sem-t\u00edtulo-5-300x225.jpg 300w, http:\/\/portalcatolico.net\/portal\/wp-content\/uploads\/2019\/05\/sem-t\u00edtulo-5-768x576.jpg 768w, http:\/\/portalcatolico.net\/portal\/wp-content\/uploads\/2019\/05\/sem-t\u00edtulo-5-1024x768.jpg 1024w, http:\/\/portalcatolico.net\/portal\/wp-content\/uploads\/2019\/05\/sem-t\u00edtulo-5.jpg 2000w\" sizes=\"auto, (max-width: 300px) 100vw, 300px\" \/> <img loading=\"lazy\" decoding=\"async\" class=\"alignnone size-medium wp-image-64379\" src=\"http:\/\/portalcatolico.net\/portal\/wp-content\/uploads\/2019\/05\/sem-t\u00edtulo-8-300x225.jpg\" alt=\"\" width=\"300\" height=\"225\" srcset=\"http:\/\/portalcatolico.net\/portal\/wp-content\/uploads\/2019\/05\/sem-t\u00edtulo-8-300x225.jpg 300w, http:\/\/portalcatolico.net\/portal\/wp-content\/uploads\/2019\/05\/sem-t\u00edtulo-8-768x576.jpg 768w, http:\/\/portalcatolico.net\/portal\/wp-content\/uploads\/2019\/05\/sem-t\u00edtulo-8-1024x768.jpg 1024w, http:\/\/portalcatolico.net\/portal\/wp-content\/uploads\/2019\/05\/sem-t\u00edtulo-8.jpg 2000w\" sizes=\"auto, (max-width: 300px) 100vw, 300px\" \/> <img loading=\"lazy\" decoding=\"async\" class=\"alignnone size-medium wp-image-64380\" src=\"http:\/\/portalcatolico.net\/portal\/wp-content\/uploads\/2019\/05\/sem-t\u00edtulo-9-300x225.jpg\" alt=\"\" width=\"300\" height=\"225\" srcset=\"http:\/\/portalcatolico.net\/portal\/wp-content\/uploads\/2019\/05\/sem-t\u00edtulo-9-300x225.jpg 300w, http:\/\/portalcatolico.net\/portal\/wp-content\/uploads\/2019\/05\/sem-t\u00edtulo-9-768x576.jpg 768w, http:\/\/portalcatolico.net\/portal\/wp-content\/uploads\/2019\/05\/sem-t\u00edtulo-9-1024x768.jpg 1024w, http:\/\/portalcatolico.net\/portal\/wp-content\/uploads\/2019\/05\/sem-t\u00edtulo-9.jpg 2000w\" sizes=\"auto, (max-width: 300px) 100vw, 300px\" \/> <img loading=\"lazy\" decoding=\"async\" class=\"alignnone size-medium wp-image-64381\" src=\"http:\/\/portalcatolico.net\/portal\/wp-content\/uploads\/2019\/05\/sem-t\u00edtulo-10-300x225.jpg\" alt=\"\" width=\"300\" height=\"225\" srcset=\"http:\/\/portalcatolico.net\/portal\/wp-content\/uploads\/2019\/05\/sem-t\u00edtulo-10-300x225.jpg 300w, http:\/\/portalcatolico.net\/portal\/wp-content\/uploads\/2019\/05\/sem-t\u00edtulo-10-768x576.jpg 768w, http:\/\/portalcatolico.net\/portal\/wp-content\/uploads\/2019\/05\/sem-t\u00edtulo-10-1024x768.jpg 1024w, http:\/\/portalcatolico.net\/portal\/wp-content\/uploads\/2019\/05\/sem-t\u00edtulo-10.jpg 2000w\" sizes=\"auto, (max-width: 300px) 100vw, 300px\" \/><\/div>\n<div dir=\"auto\"><strong>Assista o v\u00eddeo dos melhores momentos: <\/strong><\/div>\n<div dir=\"auto\"><a href=\"https:\/\/www.youtube.com\/watch?v=C6gVe0dwsjE\"><strong>https:\/\/www.youtube.com\/watch?v=C6gVe0dwsjE<\/strong><\/a><\/div>\n<div dir=\"auto\">&nbsp;<\/div>\n<div dir=\"auto\">&nbsp;<\/div>\n<div dir=\"auto\">&nbsp;<\/div>\n<div dir=\"auto\">&nbsp;<\/div>\n<div dir=\"auto\">&nbsp;<\/div>\n","protected":false},"excerpt":{"rendered":"<p>A celebra\u00e7\u00e3o da primeira Eucaristia aconteceu hoje (5)&nbsp; pela manh\u00e3 e foi presidida pelo p\u00e1roco, o Pe. Frei Jos\u00e9 Gen\u00edlton, que na oportunidade, ressaltou a import\u00e2ncia dos pais na vida espiritual das crian\u00e7as, dando continuidade \u00e0 catequese em fam\u00edlia. Para todos, foi um dia festivo e de muita emo\u00e7\u00e3o, ap\u00f3s dois anos de prepara\u00e7\u00e3o, participando&nbsp;<\/p>\n<p><a class=\"btn btn-style\" href=\"http:\/\/portalcatolico.net\/portal\/criancas-recebem-pela-primeira-vez-o-corpo-e-sangue-de-jesus-cristo-em-itabuna\/\">Continue Reading<\/a><\/p>\n","protected":false},"author":2,"featured_media":64373,"comment_status":"open","ping_status":"open","sticky":false,"template":"","format":"standard","meta":{"footnotes":""},"categories":[68],"tags":[],"class_list":["post-64372","post","type-post","status-publish","format-standard","has-post-thumbnail","hentry","category-homilias"],"_links":{"self":[{"href":"http:\/\/portalcatolico.net\/portal\/wp-json\/wp\/v2\/posts\/64372","targetHints":{"allow":["GET"]}}],"collection":[{"href":"http:\/\/portalcatolico.net\/portal\/wp-json\/wp\/v2\/posts"}],"about":[{"href":"http:\/\/portalcatolico.net\/portal\/wp-json\/wp\/v2\/types\/post"}],"author":[{"embeddable":true,"href":"http:\/\/portalcatolico.net\/portal\/wp-json\/wp\/v2\/users\/2"}],"replies":[{"embeddable":true,"href":"http:\/\/portalcatolico.net\/portal\/wp-json\/wp\/v2\/comments?post=64372"}],"version-history":[{"count":4,"href":"http:\/\/portalcatolico.net\/portal\/wp-json\/wp\/v2\/posts\/64372\/revisions"}],"predecessor-version":[{"id":64384,"href":"http:\/\/portalcatolico.net\/portal\/wp-json\/wp\/v2\/posts\/64372\/revisions\/64384"}],"wp:featuredmedia":[{"embeddable":true,"href":"http:\/\/portalcatolico.net\/portal\/wp-json\/wp\/v2\/media\/64373"}],"wp:attachment":[{"href":"http:\/\/portalcatolico.net\/portal\/wp-json\/wp\/v2\/media?parent=64372"}],"wp:term":[{"taxonomy":"category","embeddable":true,"href":"http:\/\/portalcatolico.net\/portal\/wp-json\/wp\/v2\/categories?post=64372"},{"taxonomy":"post_tag","embeddable":true,"href":"http:\/\/portalcatolico.net\/portal\/wp-json\/wp\/v2\/tags?post=64372"}],"curies":[{"name":"wp","href":"https:\/\/api.w.org\/{rel}","templated":true}]}}