{"id":64359,"date":"2019-05-04T23:19:45","date_gmt":"2019-05-05T02:19:45","guid":{"rendered":"http:\/\/portalcatolico.net\/portal\/?p=64359"},"modified":"2019-05-05T15:26:44","modified_gmt":"2019-05-05T18:26:44","slug":"v-encontro-nacional-maes-que-oram-pelos-filhos-acontece-em-sao-paulo","status":"publish","type":"post","link":"http:\/\/portalcatolico.net\/portal\/v-encontro-nacional-maes-que-oram-pelos-filhos-acontece-em-sao-paulo\/","title":{"rendered":"V Encontro Nacional &#8220;M\u00e3es que oram pelos filhos&#8221;  acontece em S\u00e3o Paulo"},"content":{"rendered":"<div dir=\"auto\"><img loading=\"lazy\" decoding=\"async\" class=\"size-medium wp-image-64362 alignleft\" src=\"http:\/\/portalcatolico.net\/portal\/wp-content\/uploads\/2019\/05\/d411baf0-8d13-4af7-9b5a-0925214d970a-225x300.jpg\" alt=\"\" width=\"225\" height=\"300\" srcset=\"http:\/\/portalcatolico.net\/portal\/wp-content\/uploads\/2019\/05\/d411baf0-8d13-4af7-9b5a-0925214d970a-225x300.jpg 225w, http:\/\/portalcatolico.net\/portal\/wp-content\/uploads\/2019\/05\/d411baf0-8d13-4af7-9b5a-0925214d970a-768x1024.jpg 768w, http:\/\/portalcatolico.net\/portal\/wp-content\/uploads\/2019\/05\/d411baf0-8d13-4af7-9b5a-0925214d970a.jpg 774w\" sizes=\"auto, (max-width: 225px) 100vw, 225px\" \/>O Movimento&nbsp; das M\u00e3es que oram pelos filhos est\u00e1&nbsp; acontecendo na sede da&nbsp;Can\u00e7\u00e3o Nova em Cachoeira Paulista (SP). O evento teve in\u00edcio nesta&nbsp;sexta-feira, 03 de maio, e finaliza neste domingo com a santa missa.&nbsp;<\/div>\n<div dir=\"auto\">Milhares de m\u00e3es e at\u00e9 homens de todo o Brasil est\u00e3o participando.<\/div>\n<div dir=\"auto\">O V Encontro Nacional &#8220;M\u00e3es que oram pelos Filhos&#8221;&nbsp; est\u00e1 refletindo o&nbsp;tema: &#8220;Face a face com Jesus&#8221;.&nbsp;<\/div>\n<div dir=\"auto\">Participaram do evento: a&nbsp; coordenadora nacional,&nbsp;internacional e fundadora do Movimento M\u00e3es que Oram pelos Filhos no&nbsp;Brasil , \u00c2ngela Abdo, al\u00e9m&nbsp;&nbsp;do palestrante Dunga e Salette Ferreira, ministra de m\u00fasica e consagrada na Comunidade&nbsp;Can\u00e7\u00e3o Nova.&nbsp;<\/div>\n<div dir=\"auto\">\n<p>Em sua prega\u00e7\u00e3o. Dunga mandou um recado para os filhos e&nbsp;maridos das m\u00e3es que oram pelos filhos, que est\u00e3o no V Encontro&nbsp;&nbsp;Nacional, em S\u00e3o Paulo e de Dunga tamb\u00e9m&nbsp; deu um testemunho. &#8220;Deixa a gra\u00e7a de Deus entrar na sua vida. A palavra de Deus quer dizer pra voc\u00ea o que eu vou falar nesse finalzinho&#8230; eu tive uma m\u00e3e que chamava dona Dita. Era uma das m\u00e3es que pescam pelos filhos aqui na Terra, hoje ela ora l\u00e1 no c\u00e9u. O movimento ainda n\u00e3o existia. Minha m\u00e3e tamb\u00e9m n\u00e3o conhecia. Eu era um drogado, fumava maconha, cheirava coca\u00edna e frequentava prest\u00edgios. Chegava em casa b\u00eabado, drogado. A minha m\u00e3e abria a porta da sala pra eu entrar. Me colocava pra deitar e quando eu tava quase dormindo, ela dizia: &#8216;Pai do c\u00e9u, tira o meu filho desta vida!&#8217;. Eu fingindo que estava dormindo, pensava comigo: &#8216;essa velha devia h\u00e1 dormindo. Pra qu\u00ea ficar rezando pra mim?&#8217;. Um ano, dois anos, tr\u00eas anos se passaram, at\u00e9 que ora\u00e7\u00f5es de minha m\u00e3e, funcionaram! Eu entrei numa igreja drogado e sa\u00ed de l\u00e1 batizado no Esp\u00edrito Santo.&#8221;<\/p>\n<\/div>\n<div dir=\"auto\">\n<p>O movimento &#8216;M\u00e3es que oram pelos Filhos&#8217;, cuja sede est\u00e1 em Vit\u00f3ria&nbsp;(ES), tem como objetivo orientar, formar e direcionar a cria\u00e7\u00e3o e o&nbsp;funcionamento de outros grupos de m\u00e3es que querem orar pelos filhos em&nbsp;um movimento espec\u00edfico.<\/p>\n<\/div>\n<div dir=\"auto\">O Movimento se tornou reconhecido pela Arquidiocese de Vit\u00f3ria (ES), em&nbsp;dezembro de 2014, tendo como orientador espiritual padre Anderson Gomes.<\/div>\n<div dir=\"auto\">A diocese de Itabuna, no sul da Bahia tem mais de 40 m\u00e3es neste encontro&nbsp;representando a diocese. No percurso da viagem, os participantes visitaram alguns locais&nbsp;tur\u00edsticos, como Campos do Jord\u00e3o e o Santu\u00e1rio Nacional de Aparecida, entre&nbsp;outros.&nbsp;<\/div>\n<div dir=\"auto\">\n<p>No Santu\u00e1rio Nacional de Aparecida&nbsp; estavam os bispos da&nbsp;diocese como Dom Carlos Alberto dos Santos e Dom Ceslau Stanula, (bispo em\u00e9rito) que estavam participando do Retiro dos bispo e da 57\u00aa Assembleia&nbsp; dos Bispo do Brasil (CNBB), que segue at\u00e9 o&nbsp;dia 10 de maio.&nbsp;<\/p>\n<\/div>\n<div dir=\"auto\">Foto destaque:Captura do Youtube\/Can\u00e7\u00e3o Nova<\/div>\n<div dir=\"auto\">&nbsp;<\/div>\n<div dir=\"auto\">Texto:Reda\u00e7\u00e3o\/Portal Cat\u00f3lico.Net<\/div>\n<div dir=\"auto\"><img loading=\"lazy\" decoding=\"async\" class=\"alignnone size-medium wp-image-64366\" src=\"http:\/\/portalcatolico.net\/portal\/wp-content\/uploads\/2019\/05\/1bb0662f-0ff0-4bff-89da-9373c98b70ff-300x169.jpg\" alt=\"\" width=\"300\" height=\"169\" srcset=\"http:\/\/portalcatolico.net\/portal\/wp-content\/uploads\/2019\/05\/1bb0662f-0ff0-4bff-89da-9373c98b70ff-300x169.jpg 300w, http:\/\/portalcatolico.net\/portal\/wp-content\/uploads\/2019\/05\/1bb0662f-0ff0-4bff-89da-9373c98b70ff-768x432.jpg 768w, http:\/\/portalcatolico.net\/portal\/wp-content\/uploads\/2019\/05\/1bb0662f-0ff0-4bff-89da-9373c98b70ff-1024x576.jpg 1024w, http:\/\/portalcatolico.net\/portal\/wp-content\/uploads\/2019\/05\/1bb0662f-0ff0-4bff-89da-9373c98b70ff.jpg 1280w\" sizes=\"auto, (max-width: 300px) 100vw, 300px\" \/> <img loading=\"lazy\" decoding=\"async\" class=\"alignnone size-medium wp-image-64367\" src=\"http:\/\/portalcatolico.net\/portal\/wp-content\/uploads\/2019\/05\/6c02e456-1fcf-481b-876d-03fa25ddff91-300x225.jpg\" alt=\"\" width=\"300\" height=\"225\" srcset=\"http:\/\/portalcatolico.net\/portal\/wp-content\/uploads\/2019\/05\/6c02e456-1fcf-481b-876d-03fa25ddff91-300x225.jpg 300w, http:\/\/portalcatolico.net\/portal\/wp-content\/uploads\/2019\/05\/6c02e456-1fcf-481b-876d-03fa25ddff91-768x576.jpg 768w, http:\/\/portalcatolico.net\/portal\/wp-content\/uploads\/2019\/05\/6c02e456-1fcf-481b-876d-03fa25ddff91-1024x768.jpg 1024w, http:\/\/portalcatolico.net\/portal\/wp-content\/uploads\/2019\/05\/6c02e456-1fcf-481b-876d-03fa25ddff91.jpg 1280w\" sizes=\"auto, (max-width: 300px) 100vw, 300px\" \/> <img loading=\"lazy\" decoding=\"async\" class=\"alignnone size-medium wp-image-64368\" src=\"http:\/\/portalcatolico.net\/portal\/wp-content\/uploads\/2019\/05\/7a3f7db2-e4d1-4615-b863-cc7e54be3253-1-300x225.jpg\" alt=\"\" width=\"300\" height=\"225\" srcset=\"http:\/\/portalcatolico.net\/portal\/wp-content\/uploads\/2019\/05\/7a3f7db2-e4d1-4615-b863-cc7e54be3253-1-300x225.jpg 300w, http:\/\/portalcatolico.net\/portal\/wp-content\/uploads\/2019\/05\/7a3f7db2-e4d1-4615-b863-cc7e54be3253-1-768x576.jpg 768w, http:\/\/portalcatolico.net\/portal\/wp-content\/uploads\/2019\/05\/7a3f7db2-e4d1-4615-b863-cc7e54be3253-1-1024x768.jpg 1024w, http:\/\/portalcatolico.net\/portal\/wp-content\/uploads\/2019\/05\/7a3f7db2-e4d1-4615-b863-cc7e54be3253-1.jpg 1280w\" sizes=\"auto, (max-width: 300px) 100vw, 300px\" \/> <img loading=\"lazy\" decoding=\"async\" class=\"alignnone size-medium wp-image-64369\" src=\"http:\/\/portalcatolico.net\/portal\/wp-content\/uploads\/2019\/05\/49084ad5-a6af-4285-b661-4e10fe08cf28-300x169.jpg\" alt=\"\" width=\"300\" height=\"169\" srcset=\"http:\/\/portalcatolico.net\/portal\/wp-content\/uploads\/2019\/05\/49084ad5-a6af-4285-b661-4e10fe08cf28-300x169.jpg 300w, http:\/\/portalcatolico.net\/portal\/wp-content\/uploads\/2019\/05\/49084ad5-a6af-4285-b661-4e10fe08cf28-768x432.jpg 768w, http:\/\/portalcatolico.net\/portal\/wp-content\/uploads\/2019\/05\/49084ad5-a6af-4285-b661-4e10fe08cf28-1024x576.jpg 1024w, http:\/\/portalcatolico.net\/portal\/wp-content\/uploads\/2019\/05\/49084ad5-a6af-4285-b661-4e10fe08cf28.jpg 1280w\" sizes=\"auto, (max-width: 300px) 100vw, 300px\" \/><\/div>\n<div dir=\"auto\">&nbsp;<\/div>\n","protected":false},"excerpt":{"rendered":"<p>O Movimento&nbsp; das M\u00e3es que oram pelos filhos est\u00e1&nbsp; acontecendo na sede da&nbsp;Can\u00e7\u00e3o Nova em Cachoeira Paulista (SP). O evento teve in\u00edcio nesta&nbsp;sexta-feira, 03 de maio, e finaliza neste domingo com a santa missa.&nbsp; Milhares de m\u00e3es e at\u00e9 homens de todo o Brasil est\u00e3o participando. O V Encontro Nacional &#8220;M\u00e3es que oram pelos Filhos&#8221;&nbsp;&nbsp;<\/p>\n<p><a class=\"btn btn-style\" href=\"http:\/\/portalcatolico.net\/portal\/v-encontro-nacional-maes-que-oram-pelos-filhos-acontece-em-sao-paulo\/\">Continue Reading<\/a><\/p>\n","protected":false},"author":2,"featured_media":64364,"comment_status":"open","ping_status":"open","sticky":false,"template":"","format":"standard","meta":{"footnotes":""},"categories":[70],"tags":[],"class_list":["post-64359","post","type-post","status-publish","format-standard","has-post-thumbnail","hentry","category-testemunhos"],"_links":{"self":[{"href":"http:\/\/portalcatolico.net\/portal\/wp-json\/wp\/v2\/posts\/64359","targetHints":{"allow":["GET"]}}],"collection":[{"href":"http:\/\/portalcatolico.net\/portal\/wp-json\/wp\/v2\/posts"}],"about":[{"href":"http:\/\/portalcatolico.net\/portal\/wp-json\/wp\/v2\/types\/post"}],"author":[{"embeddable":true,"href":"http:\/\/portalcatolico.net\/portal\/wp-json\/wp\/v2\/users\/2"}],"replies":[{"embeddable":true,"href":"http:\/\/portalcatolico.net\/portal\/wp-json\/wp\/v2\/comments?post=64359"}],"version-history":[{"count":5,"href":"http:\/\/portalcatolico.net\/portal\/wp-json\/wp\/v2\/posts\/64359\/revisions"}],"predecessor-version":[{"id":64371,"href":"http:\/\/portalcatolico.net\/portal\/wp-json\/wp\/v2\/posts\/64359\/revisions\/64371"}],"wp:featuredmedia":[{"embeddable":true,"href":"http:\/\/portalcatolico.net\/portal\/wp-json\/wp\/v2\/media\/64364"}],"wp:attachment":[{"href":"http:\/\/portalcatolico.net\/portal\/wp-json\/wp\/v2\/media?parent=64359"}],"wp:term":[{"taxonomy":"category","embeddable":true,"href":"http:\/\/portalcatolico.net\/portal\/wp-json\/wp\/v2\/categories?post=64359"},{"taxonomy":"post_tag","embeddable":true,"href":"http:\/\/portalcatolico.net\/portal\/wp-json\/wp\/v2\/tags?post=64359"}],"curies":[{"name":"wp","href":"https:\/\/api.w.org\/{rel}","templated":true}]}}