{"id":64356,"date":"2019-05-05T07:05:27","date_gmt":"2019-05-05T10:05:27","guid":{"rendered":"http:\/\/portalcatolico.net\/portal\/?p=64356"},"modified":"2019-05-05T21:16:53","modified_gmt":"2019-05-06T00:16:53","slug":"missa-pelo-dia-mundial-das-comunicacoes-sociais-acontece-em-sao-paulo","status":"publish","type":"post","link":"http:\/\/portalcatolico.net\/portal\/missa-pelo-dia-mundial-das-comunicacoes-sociais-acontece-em-sao-paulo\/","title":{"rendered":"Missa pelo Dia Mundial das Comunica\u00e7\u00f5es Sociais acontece em S\u00e3o Paulo"},"content":{"rendered":"<div dir=\"auto\"><img loading=\"lazy\" decoding=\"async\" class=\"size-medium wp-image-64387 alignleft\" src=\"http:\/\/portalcatolico.net\/portal\/wp-content\/uploads\/2019\/05\/724-483-0-0-2-300x200.jpg\" alt=\"\" width=\"300\" height=\"200\" srcset=\"http:\/\/portalcatolico.net\/portal\/wp-content\/uploads\/2019\/05\/724-483-0-0-2-300x200.jpg 300w, http:\/\/portalcatolico.net\/portal\/wp-content\/uploads\/2019\/05\/724-483-0-0-2.jpg 724w\" sizes=\"auto, (max-width: 300px) 100vw, 300px\" \/>Foi no Santu\u00e1rio Nacional da M\u00e3e Aparecida (SP), neste s\u00e1bado, (04\/05), onde os bispos est\u00e3o reunidos na 57\u00aa edi\u00e7\u00e3o da Assembl\u00e9ia Geral dos bispos do Brasil.<\/div>\n<div dir=\"auto\">A&nbsp; Celebra\u00e7\u00e3o Eucar\u00edstica teve in\u00edcio \u00e0s 18h, no Santu\u00e1rio Nacional, e teve a presid\u00eancia do&nbsp; arcebispo de Diamantina (MG), Dom Darci Jos\u00e9 Nicioli e presidente da Comiss\u00e3o Episcopal Pastoral para a Comunica\u00e7\u00e3o da CNBB. A concelebra\u00e7\u00e3o ficou por conta dos bispos referenciais dos regionais de todo o Brasil, al\u00e9m de padres e di\u00e1conos.<\/div>\n<div dir=\"auto\">Na oportunidade, Dom Darci disse: &#8220;Estamos aqui tentando responder o chamado de Deus. Assim, como Ele faz com todos os batizados, mas em particular aos pastores.<\/div>\n<div dir=\"auto\">A missa no Santu\u00e1rio Nacional antecipa as comemora\u00e7\u00f5es pelo 53\u00aa Dia Mundial das Comunica\u00e7\u00f5es Sociais, celebrado no Dia da Ascens\u00e3o do Senhor, que \u00e9 em 2 de junho.<\/div>\n<div dir=\"auto\">Para esta data,&nbsp; o Papa Francisco escreveu uma mensagem, como nos anos anteriores, \u00e0 luz do tema:&#8221;Somos membros uns dos outros&#8221; (Ef 4, 25): das comunidades de redes sociais \u00e0 comunidade humana&#8221;.<\/div>\n<div dir=\"auto\">&nbsp;<\/div>\n<div dir=\"auto\">Fotos: Thiago Leon<\/div>\n<div dir=\"auto\">&nbsp;<\/div>\n<div dir=\"auto\">Texto:Reda\u00e7\u00e3o\/Portal Cat\u00f3lico.Net<\/div>\n","protected":false},"excerpt":{"rendered":"<p>Foi no Santu\u00e1rio Nacional da M\u00e3e Aparecida (SP), neste s\u00e1bado, (04\/05), onde os bispos est\u00e3o reunidos na 57\u00aa edi\u00e7\u00e3o da Assembl\u00e9ia Geral dos bispos do Brasil. A&nbsp; Celebra\u00e7\u00e3o Eucar\u00edstica teve in\u00edcio \u00e0s 18h, no Santu\u00e1rio Nacional, e teve a presid\u00eancia do&nbsp; arcebispo de Diamantina (MG), Dom Darci Jos\u00e9 Nicioli e presidente da Comiss\u00e3o Episcopal Pastoral&nbsp;<\/p>\n<p><a class=\"btn btn-style\" href=\"http:\/\/portalcatolico.net\/portal\/missa-pelo-dia-mundial-das-comunicacoes-sociais-acontece-em-sao-paulo\/\">Continue Reading<\/a><\/p>\n","protected":false},"author":2,"featured_media":64386,"comment_status":"open","ping_status":"open","sticky":false,"template":"","format":"standard","meta":{"footnotes":""},"categories":[68],"tags":[],"class_list":["post-64356","post","type-post","status-publish","format-standard","has-post-thumbnail","hentry","category-homilias"],"_links":{"self":[{"href":"http:\/\/portalcatolico.net\/portal\/wp-json\/wp\/v2\/posts\/64356","targetHints":{"allow":["GET"]}}],"collection":[{"href":"http:\/\/portalcatolico.net\/portal\/wp-json\/wp\/v2\/posts"}],"about":[{"href":"http:\/\/portalcatolico.net\/portal\/wp-json\/wp\/v2\/types\/post"}],"author":[{"embeddable":true,"href":"http:\/\/portalcatolico.net\/portal\/wp-json\/wp\/v2\/users\/2"}],"replies":[{"embeddable":true,"href":"http:\/\/portalcatolico.net\/portal\/wp-json\/wp\/v2\/comments?post=64356"}],"version-history":[{"count":4,"href":"http:\/\/portalcatolico.net\/portal\/wp-json\/wp\/v2\/posts\/64356\/revisions"}],"predecessor-version":[{"id":64389,"href":"http:\/\/portalcatolico.net\/portal\/wp-json\/wp\/v2\/posts\/64356\/revisions\/64389"}],"wp:featuredmedia":[{"embeddable":true,"href":"http:\/\/portalcatolico.net\/portal\/wp-json\/wp\/v2\/media\/64386"}],"wp:attachment":[{"href":"http:\/\/portalcatolico.net\/portal\/wp-json\/wp\/v2\/media?parent=64356"}],"wp:term":[{"taxonomy":"category","embeddable":true,"href":"http:\/\/portalcatolico.net\/portal\/wp-json\/wp\/v2\/categories?post=64356"},{"taxonomy":"post_tag","embeddable":true,"href":"http:\/\/portalcatolico.net\/portal\/wp-json\/wp\/v2\/tags?post=64356"}],"curies":[{"name":"wp","href":"https:\/\/api.w.org\/{rel}","templated":true}]}}