{"id":64353,"date":"2019-05-05T06:53:38","date_gmt":"2019-05-05T09:53:38","guid":{"rendered":"http:\/\/portalcatolico.net\/portal\/?p=64353"},"modified":"2019-05-05T06:54:05","modified_gmt":"2019-05-05T09:54:05","slug":"o-rosario-e-a-arma-dos-ultimos-tempos-assegurou-irma-lucia","status":"publish","type":"post","link":"http:\/\/portalcatolico.net\/portal\/o-rosario-e-a-arma-dos-ultimos-tempos-assegurou-irma-lucia\/","title":{"rendered":"O Ros\u00e1rio \u00e9 a arma dos \u00faltimos tempos, assegurou Irm\u00e3 L\u00facia"},"content":{"rendered":"<p>L\u00facia dos Santos foi uma pequena pastora portuguesa que, juntamente com seus dois primos Francisco e Jacinta Marto, viu Nossa Senhora em F\u00e1tima, no ano de 1917.<\/p>\n<p>Francisco e Jacinta morreram muito crian\u00e7a.<\/p>\n<p>L\u00facia continuou viva por muitos anos mais e tornou-se religiosa.<\/p>\n<p>Em uma entrevista que ela concedeu ao Padre Agostinho Fuentes, ent\u00e3o postulador da causa de beatifica\u00e7\u00e3o de Francisco e Jacinta, em 26 de dezembro de 1957, a vidente das apari\u00e7\u00f5es de F\u00e1tima, agora Irm\u00e3 L\u00facia de Jesus, assegurou que &#8220;o Ros\u00e1rio \u00e9 a arma de combate das batalhas espirituais dos \u00faltimos tempos&#8221;.<\/p>\n<p>Padre Agostinho entrevistou Irm\u00e3 L\u00facia no Convento das Religiosas Carmelitas Descal\u00e7as de Santa Teresa, em Coimbra, Portugal. A entrevista foi assistida por alguns membros do alto clero.<\/p>\n<p>Na ocasi\u00e3o, Irm\u00e3 L\u00facia afirmou que a Sant\u00edssima Virgem disse que iria dar a ela e aos seus pequenos primos &#8220;os dois \u00faltimos que rem\u00e9dios Deus dava ao mundo: o Santo Ros\u00e1rio e o Imaculado Cora\u00e7\u00e3o de Maria&#8221;.<\/p>\n<p>Irm\u00e3 L\u00facia, que faleceu em 2005, disse com seguran\u00e7a ao Pare Agostinho Fuentes: &#8220;com o Santo Ros\u00e1rio nos salvaremos, nos santificaremos, consolaremos Nosso Senhor e obteremos a salva\u00e7\u00e3o de muitas almas. E advertiu ainda que &#8220;Por isso, o dem\u00f4nio far\u00e1 todo o poss\u00edvel para nos distrair desta devo\u00e7\u00e3o; nos colocar\u00e1 muitos pretextos: cansa\u00e7o, ocupa\u00e7\u00f5es etc., para que n\u00e3o rezemos o Santo Ros\u00e1rio&#8221;.<\/p>\n<p>A ent\u00e3o \u00faltima das videntes vivas ressaltou que o programa de salva\u00e7\u00e3o transmitido por Nossa Senhora era &#8220;brev\u00edssimo e f\u00e1cil&#8221;, porque com o Santo Ros\u00e1rio &#8220;praticaremos os Santos Mandamentos, aproveitaremos a frequ\u00eancia dos Sacramentos, procuraremos cumprir perfeitamente nossos deveres de estado e fazer o que Deus quer de cada um de n\u00f3s&#8221;.<\/p>\n<p>E Irm\u00e3 L\u00facia n\u00e3o se deteve. Ela continuou falando com seguran\u00e7a sobre as recomenda\u00e7\u00f5es de Nossa Senhora:<\/p>\n<p>&#8220;N\u00e3o h\u00e1 problema por mais dif\u00edcil que pare\u00e7a: seja temporal e, sobretudo, espiritual; seja referente \u00e0 vida pessoal de cada um de n\u00f3s ou \u00e0 vida de nossas fam\u00edlias, do mundo ou comunidades religiosas, ou \u00e0 vida dos povos e na\u00e7\u00f5es; n\u00e3o h\u00e1 problema, repito, por mais dif\u00edcil que seja, que n\u00e3o possamos resolver agora com a ora\u00e7\u00e3o do Santo Ros\u00e1rio&#8221;.<\/p>\n<p><img loading=\"lazy\" decoding=\"async\" class=\"alignleft\" title=\"O Ros\u00e1rio \u00e9 a arma dos \u00faltimos tempos, assegurou Irm\u00e3 L\u00facia Foto Gaudium Press.jpg\" src=\"https:\/\/www.gaudiumpress.org\/resource\/view?id=165630&amp;size=2\" alt=\"O Ros\u00e1rio \u00e9 a arma dos \u00faltimos tempos, assegurou Irm\u00e3 L\u00facia Foto Gaudium Press.jpg\" width=\"240\" height=\"318\"><\/p>\n<p>N\u00e3o \u00e9 s\u00f3 pela \u00eanfase com que L\u00facia colocou em suas afirma\u00e7\u00f5es que estas recomenda\u00e7\u00f5es continuam atuais.<\/p>\n<p>Nossa Senhora n\u00e3o falava s\u00f3 para eles, falava atrav\u00e9s deles. N\u00e3o falava s\u00f3 para aqueles dias, falava para os tempos futuros.<\/p>\n<p>Estes &#8216;tempos futuros&#8217; n\u00e3o se extinguiram porque uma das promessas da Virgem de F\u00e1tima est\u00e1 ainda para acontecer:&nbsp;<br \/>\n&#8220;Por fim, meu Imaculado Cora\u00e7\u00e3o triunfar\u00e1! &#8221;<\/p>\n<p>At\u00e9 l\u00e1, pela bondade da M\u00e3e de F\u00e1tima, ainda temos oportunidade e tempo para rezarmos muitos Santos Ros\u00e1rios e aumentarmos em quantidade e qualidade nossa devo\u00e7\u00e3o ao Imaculado Cora\u00e7\u00e3o de Maria.(Gaudiumpress)<\/p>\n","protected":false},"excerpt":{"rendered":"<p>L\u00facia dos Santos foi uma pequena pastora portuguesa que, juntamente com seus dois primos Francisco e Jacinta Marto, viu Nossa Senhora em F\u00e1tima, no ano de 1917. Francisco e Jacinta morreram muito crian\u00e7a. L\u00facia continuou viva por muitos anos mais e tornou-se religiosa. Em uma entrevista que ela concedeu ao Padre Agostinho Fuentes, ent\u00e3o postulador&nbsp;<\/p>\n<p><a class=\"btn btn-style\" href=\"http:\/\/portalcatolico.net\/portal\/o-rosario-e-a-arma-dos-ultimos-tempos-assegurou-irma-lucia\/\">Continue Reading<\/a><\/p>\n","protected":false},"author":2,"featured_media":64354,"comment_status":"open","ping_status":"open","sticky":false,"template":"","format":"standard","meta":{"footnotes":""},"categories":[69],"tags":[],"class_list":["post-64353","post","type-post","status-publish","format-standard","has-post-thumbnail","hentry","category-artigos"],"_links":{"self":[{"href":"http:\/\/portalcatolico.net\/portal\/wp-json\/wp\/v2\/posts\/64353","targetHints":{"allow":["GET"]}}],"collection":[{"href":"http:\/\/portalcatolico.net\/portal\/wp-json\/wp\/v2\/posts"}],"about":[{"href":"http:\/\/portalcatolico.net\/portal\/wp-json\/wp\/v2\/types\/post"}],"author":[{"embeddable":true,"href":"http:\/\/portalcatolico.net\/portal\/wp-json\/wp\/v2\/users\/2"}],"replies":[{"embeddable":true,"href":"http:\/\/portalcatolico.net\/portal\/wp-json\/wp\/v2\/comments?post=64353"}],"version-history":[{"count":1,"href":"http:\/\/portalcatolico.net\/portal\/wp-json\/wp\/v2\/posts\/64353\/revisions"}],"predecessor-version":[{"id":64355,"href":"http:\/\/portalcatolico.net\/portal\/wp-json\/wp\/v2\/posts\/64353\/revisions\/64355"}],"wp:featuredmedia":[{"embeddable":true,"href":"http:\/\/portalcatolico.net\/portal\/wp-json\/wp\/v2\/media\/64354"}],"wp:attachment":[{"href":"http:\/\/portalcatolico.net\/portal\/wp-json\/wp\/v2\/media?parent=64353"}],"wp:term":[{"taxonomy":"category","embeddable":true,"href":"http:\/\/portalcatolico.net\/portal\/wp-json\/wp\/v2\/categories?post=64353"},{"taxonomy":"post_tag","embeddable":true,"href":"http:\/\/portalcatolico.net\/portal\/wp-json\/wp\/v2\/tags?post=64353"}],"curies":[{"name":"wp","href":"https:\/\/api.w.org\/{rel}","templated":true}]}}