{"id":64342,"date":"2019-05-04T11:49:24","date_gmt":"2019-05-04T14:49:24","guid":{"rendered":"http:\/\/portalcatolico.net\/portal\/?p=64342"},"modified":"2019-05-04T11:50:34","modified_gmt":"2019-05-04T14:50:34","slug":"receita-do-padre-paroquia-ascensao-do-senhor-realiza-evento-beneficente","status":"publish","type":"post","link":"http:\/\/portalcatolico.net\/portal\/receita-do-padre-paroquia-ascensao-do-senhor-realiza-evento-beneficente\/","title":{"rendered":"Receita do Padre: Par\u00f3quia Ascens\u00e3o do Senhor realiza evento beneficente"},"content":{"rendered":"<p><em>Evento conta com o Feij\u00e3o Vip de Dad\u00e1, uma das quituteiras mais famosas da Bahia<\/em><\/p>\n<p>A Par\u00f3quia Ascens\u00e3o do Senhor realizar\u00e1 no dia 5 de maio, a terceira edi\u00e7\u00e3o da <em>Receita do Padre<\/em>. O almo\u00e7o beneficente conta com Dad\u00e1, uma das mais famosas quituteiras da Bahia, e o seu <em>Feij\u00e3o Vip<\/em>. O estacionamento S\u00e3o Pedro, na Igreja, abrigar\u00e1 o evento que ter\u00e1 buffet livre ao custo de R$ 40 (crian\u00e7as menores de 10 anos n\u00e3o pagam) e a capacidade programada para 600 pessoas.<\/p>\n<p>Se a feijoada \u00e9 famosa, a salada ser\u00e1 uma del\u00edcia. Toda a salada que ser\u00e1 servida durante o evento \u00e9 uma oferta da Bonni Alimentos e o restaurante Il P\u00f3llo Grill. O evento tamb\u00e9m conta com o apoio da Totti Engenharia e a atra\u00e7\u00e3o musical \u00e9 um oferecimento das lojas \u00d3ticas Carol do Vit\u00f3ria Center e Wall Street. Quem vai animar o p\u00fablico \u00e9 o sambista Juan Santiago.<\/p>\n<p>Para o padre Manoel Filho, p\u00e1roco da Ascens\u00e3o do Senhor, a marca dos eventos promovidos pela par\u00f3quia \u00e9 a solidariedade. \u201cA bondade de Dad\u00e1 e a colabora\u00e7\u00e3o dos nossos apoiadores e volunt\u00e1rios far\u00e1 com que a caridade dos que compraram e comprar\u00e3o ingressos ajude na realiza\u00e7\u00e3o de uma obra social que \u00e9 o Centro Comunit\u00e1rio Monsenhor Jos\u00e9 Hamilton\u201d, afirmou.<\/p>\n<p>O evento <em>Receita do Padre<\/em> integra uma s\u00e9rie de atividades promovidas pela par\u00f3quia Ascens\u00e3o do Senhor com o objetivo de arrecadar fundos para as obras sociais do Centro Comunit\u00e1rio Monsenhor Jos\u00e9 Hamilton e para a constru\u00e7\u00e3o da sua sede. A par\u00f3quia adquiriu um terreno no bairro de Sussuarana e com a sede que ser\u00e1 constru\u00edda ampliar\u00e1 a atua\u00e7\u00e3o do Centro.<\/p>\n<p>A coordenadora do Programa de Economia Social do Centro Comunit\u00e1rio explica a import\u00e2ncia da ades\u00e3o das pessoas ao evento. \u201cA constru\u00e7\u00e3o do Centro Comunit\u00e1rio vai movimentar a vida de muita gente. As atividades que vamos desenvolver no futuro s\u00e3o uma forma de dar alguma dignidade as pessoas que n\u00e3o tem profiss\u00e3o ou precisam de algum aprendizado para se desenvolverem pessoal e profissionalmente. \u00c9 uma verdadeira e concreta pastoral social\u201d, comentou.<\/p>\n<p><strong>Obras sociais<\/strong><\/p>\n<p>O Centro Comunit\u00e1rio Monsenhor Jos\u00e9 Hamilton surgiu do desejo de amplia\u00e7\u00e3o da a\u00e7\u00e3o pastoral da comunidade, com a implanta\u00e7\u00e3o de um centro comunit\u00e1rio, onde possa ser promovida a inser\u00e7\u00e3o de crian\u00e7as, jovens e adultos, promovendo atividades que gerem emprego, renda e maior integra\u00e7\u00e3o social. \u201cO centro \u00e9 um lugar para objetivar sonhos de solidariedade e fraternidade, um local que carrega a chama da caridade que moveu e move os crist\u00e3os h\u00e1 dois mil anos\u201d, afirma o p\u00e1roco, padre Manoel de Oliveira Filho.<\/p>\n<p>Apesar do Centro Comunit\u00e1rio ainda n\u00e3o existir fisicamente, a comunidade j\u00e1 desenvolve uma parceria com o col\u00e9gio estadual Bol\u00edvar Santana, vizinho \u00e0 igreja, promovendo a\u00e7\u00f5es sociais com os jovens e suas fam\u00edlias atrav\u00e9s do coral Aponte, sob a reg\u00eancia de Fernando Teixeira. Outro trabalho desenvolvido pela comunidade \u00e9 a Pastoral do Migrante, \u00fanica pastoral do estado que acolhe os estrangeiros que v\u00eam para Salvador em busca de uma vida melhor. Al\u00e9m dessas iniciativas, a comunidade realiza com a Feira Solid\u00e1ria que acontece todo 1\u00ba domingo do m\u00eas.<\/p>\n<p><em><strong><u>&nbsp;<\/u><\/strong><\/em>Texto: Sara Gomes\/Arquidiocese de Salvador<\/p>\n","protected":false},"excerpt":{"rendered":"<p>Evento conta com o Feij\u00e3o Vip de Dad\u00e1, uma das quituteiras mais famosas da Bahia A Par\u00f3quia Ascens\u00e3o do Senhor realizar\u00e1 no dia 5 de maio, a terceira edi\u00e7\u00e3o da Receita do Padre. O almo\u00e7o beneficente conta com Dad\u00e1, uma das mais famosas quituteiras da Bahia, e o seu Feij\u00e3o Vip. O estacionamento S\u00e3o Pedro,&nbsp;<\/p>\n<p><a class=\"btn btn-style\" href=\"http:\/\/portalcatolico.net\/portal\/receita-do-padre-paroquia-ascensao-do-senhor-realiza-evento-beneficente\/\">Continue Reading<\/a><\/p>\n","protected":false},"author":2,"featured_media":64343,"comment_status":"open","ping_status":"open","sticky":false,"template":"","format":"standard","meta":{"footnotes":""},"categories":[4],"tags":[],"class_list":["post-64342","post","type-post","status-publish","format-standard","has-post-thumbnail","hentry","category-destaques"],"_links":{"self":[{"href":"http:\/\/portalcatolico.net\/portal\/wp-json\/wp\/v2\/posts\/64342","targetHints":{"allow":["GET"]}}],"collection":[{"href":"http:\/\/portalcatolico.net\/portal\/wp-json\/wp\/v2\/posts"}],"about":[{"href":"http:\/\/portalcatolico.net\/portal\/wp-json\/wp\/v2\/types\/post"}],"author":[{"embeddable":true,"href":"http:\/\/portalcatolico.net\/portal\/wp-json\/wp\/v2\/users\/2"}],"replies":[{"embeddable":true,"href":"http:\/\/portalcatolico.net\/portal\/wp-json\/wp\/v2\/comments?post=64342"}],"version-history":[{"count":1,"href":"http:\/\/portalcatolico.net\/portal\/wp-json\/wp\/v2\/posts\/64342\/revisions"}],"predecessor-version":[{"id":64344,"href":"http:\/\/portalcatolico.net\/portal\/wp-json\/wp\/v2\/posts\/64342\/revisions\/64344"}],"wp:featuredmedia":[{"embeddable":true,"href":"http:\/\/portalcatolico.net\/portal\/wp-json\/wp\/v2\/media\/64343"}],"wp:attachment":[{"href":"http:\/\/portalcatolico.net\/portal\/wp-json\/wp\/v2\/media?parent=64342"}],"wp:term":[{"taxonomy":"category","embeddable":true,"href":"http:\/\/portalcatolico.net\/portal\/wp-json\/wp\/v2\/categories?post=64342"},{"taxonomy":"post_tag","embeddable":true,"href":"http:\/\/portalcatolico.net\/portal\/wp-json\/wp\/v2\/tags?post=64342"}],"curies":[{"name":"wp","href":"https:\/\/api.w.org\/{rel}","templated":true}]}}