{"id":64335,"date":"2019-05-04T07:27:05","date_gmt":"2019-05-04T10:27:05","guid":{"rendered":"http:\/\/portalcatolico.net\/portal\/?p=64335"},"modified":"2019-05-04T07:50:09","modified_gmt":"2019-05-04T10:50:09","slug":"inicia-hoje04-05-a-novena-a-nossa-senhora-de-fatima","status":"publish","type":"post","link":"http:\/\/portalcatolico.net\/portal\/inicia-hoje04-05-a-novena-a-nossa-senhora-de-fatima\/","title":{"rendered":"Inicia hoje  Novena a Nossa Senhora de F\u00e1tima"},"content":{"rendered":"<p><em>Neste m\u00eas &nbsp;vamos pedir a intercess\u00e3o de Maria rezando a Novena de Nossa Senhora de F\u00e1tima, cuja a festa celebramos &nbsp;no dia 13 de maio.<\/em><\/p>\n<p>\u201cRezem, rezem muito e fa\u00e7am sacrif\u00edcios pelos pecadores, porque muitas almas v\u00e3o ao inferno por n\u00e3o ter quem se sacrifique e reze por elas\u201d, disse Nossa Senhora de F\u00e1tima em uma de suas apari\u00e7\u00f5es.<\/p>\n<p>A Festa da Virgem de F\u00e1tima \u00e9 uma das celebra\u00e7\u00f5es marianas mais conhecidas no mundo inteiro e celebra-se em 13 de maio, em mem\u00f3ria \u00e0 primeira apari\u00e7\u00e3o de Nossa Senhora em 1917 nas colinas da Cova da Iria (Portugal), a tr\u00eas pastorinhos, L\u00facia dos Santos e seus primos Francisco e Jacinta Marto.<\/p>\n<p>Como \u00e9 costume na&nbsp;Igreja, milhares de fi\u00e9is se preparam nove dias antes para esta grande celebra\u00e7\u00e3o e, por isso, apresentamos uma Novena a Nossa Senhora de F\u00e1tima que pode ser rezada em fam\u00edlia, comunidade ou de modo pessoal:<\/p>\n<p><strong>Ora\u00e7\u00e3o inicial para todos os dias<\/strong><\/p>\n<p>Sant\u00edssima Virgem, que nos montes de F\u00e1tima vos dignastes revelar aos tr\u00eas pastorinhos os tesouros das gra\u00e7as que podemos alcan\u00e7ar, rezando o Santo Ros\u00e1rio, ajudai-nos a apreciar sempre mais essa santa ora\u00e7\u00e3o, a fim de que, meditando os mist\u00e9rios da nossa reden\u00e7\u00e3o, alcancemos as gra\u00e7as que insistentemente vos pedimos (pedir a gra\u00e7a).<\/p>\n<p>\u00d3 meu Jesus, perdoai-nos, livrai-nos do fogo do inferno, levai as almas todas para o c\u00e9u e socorrei principalmente as que mais precisarem.<\/p>\n<p>Nossa Senhora de F\u00e1tima, rogai por n\u00f3s.<\/p>\n<p>(Reza-se uma dezena de Ave-Marias em sauda\u00e7\u00e3o a Nossa Senhora de F\u00e1tima)<\/p>\n<p><strong>Ora\u00e7\u00e3o preparat\u00f3ria<\/strong><\/p>\n<p>\u00d3 Sant\u00edssima&nbsp;Virgem Maria, Rainha do Ros\u00e1rio e M\u00e3e de miseric\u00f3rdia, que vos dignastes manifestar em F\u00e1tima a ternura de vosso Imaculado Cora\u00e7\u00e3o trazendo-nos mensagens de salva\u00e7\u00e3o e de paz, confiados em vossa miseric\u00f3rdia maternal e agradecidos das bondades de vosso amant\u00edssimo cora\u00e7\u00e3o, viemos a vossos p\u00e9s para render-vos o tributo de nossa venera\u00e7\u00e3o e amor.<\/p>\n<p>Concedei-nos as gra\u00e7as de que necessitamos para cumprir fielmente vossa mensagem de amor, e a que vos pedimos nessa novena, se forem elas para maior gl\u00f3ria de Deus, honra vossa e proveito de nossas almas.<\/p>\n<p>Assim seja.<\/p>\n<p><strong>Ora\u00e7\u00e3o final<\/strong><\/p>\n<p>\u00d3 Deus, cujo Unig\u00eanito, com Sua&nbsp;vida, Morte e Ressurrei\u00e7\u00e3o mereceu-nos o pr\u00eamio da salva\u00e7\u00e3o eterna, suplicamo-Vos: concedas-nos que, meditando os mist\u00e9rios do Sant\u00edssimo Ros\u00e1rio da bem-aventurada Virgem Maria, imitemos os exemplos que nos ensinam e alcancemos o pr\u00eamio que prometem. Pelo mesmo Jesus Cristo, nosso Senhor. Am\u00e9m.<\/p>\n<p><strong>Primeiro dia \u2013 Penit\u00eancia e repara\u00e7\u00e3o<\/strong><\/p>\n<p>\u00d3 Sant\u00edssima Virgem Maria, M\u00e3e dos pobres pecadores, que aparecendo em F\u00e1tima deixastes transparecer em vosso rosto celestial uma leve sombra de tristeza para indicar a dor que causam os pecados dos homens, os quais, com maternal compaix\u00e3o, exortastes a n\u00e3o afligir mais a vosso Filho com a culpa e a reparar os pecados com a mortifica\u00e7\u00e3o e a penit\u00eancia, dai-nos a gra\u00e7a de uma sincera dor dos pecados cometidos e a resolu\u00e7\u00e3o generosa de reparar com obras de penit\u00eancia e mortifica\u00e7\u00e3o todas as ofensas que se inferem a vosso Divino Filho e o vosso Cora\u00e7\u00e3o Imaculado.<\/p>\n<p><strong>Segundo dia \u2013 Santidade de vida<\/strong><\/p>\n<p>\u00d3 Sant\u00edssima Virgem Maria, M\u00e3e da divina gra\u00e7a, que vestida de n\u00edvea brancura vos aparecestes aos pastorinhos singelos e inocentes, ensinando-os assim o quanto devemos amar e procurar a inoc\u00eancia da alma, e que pedistes por meio deles a emenda dos costumes e a santidade de uma vida crist\u00e3 perfeita, concedei-nos misericordiosamente a gra\u00e7a de saber apreciar a dignidade de nossa condi\u00e7\u00e3o de crist\u00e3os e levar uma vida conforme as promessas batismais.<\/p>\n<p><strong>Terceiro dia \u2013 Amor \u00e0 ora\u00e7\u00e3o<\/strong><\/p>\n<p>\u00d3 Sant\u00edssima Virgem Maria, vaso insigne de devo\u00e7\u00e3o, que aparecestes em F\u00e1tima tendo pendente de vossas m\u00e3os o Santo Ros\u00e1rio, e que insistentemente repetias:&nbsp; \u201cOrai, orai muito\u201d para conseguir findar, por meio da ora\u00e7\u00e3o, os males que nos amea\u00e7am. Concedei-nos o dom e o esp\u00edrito de ora\u00e7\u00e3o, a gra\u00e7a de sermos fi\u00e9is no cumprimento do grande preceito de orar, fazendo-o todos os dias, para assim observar bem os santos mandamentos, vencer as tenta\u00e7\u00f5es e chegar ao conhecimento e amor de Jesus Cristo, nesta vida, e \u00e0 uni\u00e3o feliz com Ele na outra.<\/p>\n<p><strong>Quarto dia \u2013 Amor \u00e0 igreja<\/strong><\/p>\n<p>\u00d3 Sant\u00edssima Virgem Maria, rainha da Igreja, que exortastes aos pastorinhos de F\u00e1tima a rogar pelo Papa e infundistes em suas almas sinceras uma grande venera\u00e7\u00e3o e amor por ele, como vig\u00e1rio de vosso Filho e Seu representante na Terra, infunde tamb\u00e9m a n\u00f3s o esp\u00edrito de venera\u00e7\u00e3o e docilidade \u00e0 autoridade do Romano Pont\u00edfice, de ades\u00e3o inquebrant\u00e1vel a seus ensinamentos, e nele e com ele um grande amor e respeito a todos os ministros da santa Igreja, por meio dos quais participamos da vida da gra\u00e7a nos&nbsp;sacramentos.<\/p>\n<p><strong>Quinto dia \u2013 Maria, sa\u00fade dos enfermos<\/strong><\/p>\n<p>\u00d3 Sant\u00edssima Virgem Maria, sa\u00fade dos enfermos e amparo dos aflitos, que movida pelo rogo dos pastorinhos, fizestes j\u00e1 curas em vossas apari\u00e7\u00f5es em F\u00e1tima, e haveis convertido este lugar, santificado por vossa presen\u00e7a, em oficina de vossas miseric\u00f3rdias maternais em favor de todos os aflitos; ao vosso cora\u00e7\u00e3o maternal acudimos cheios de filial confian\u00e7a, mostrando as enfermidades de nossas almas e as afli\u00e7\u00f5es e doen\u00e7as todas de nossa vida.<\/p>\n<p>Deixai sobre elas um olhar de compaix\u00e3o e as remed\u00edeis com a ternura de vossas m\u00e3os, para que assim possamos servir-vos e amar-vos com todo nosso cora\u00e7\u00e3o e com todo nosso ser.<\/p>\n<p><strong>Sexto dia \u2013 Maria, ref\u00fagio dos pecadores<\/strong><\/p>\n<p>\u00d3 Sant\u00edssima Virgem Maria, ref\u00fagio dos pecadores, que ensinastes aos pastorinhos de F\u00e1tima a rogar incessantemente ao Senhor para que os desgra\u00e7ados n\u00e3o caiam nas penas eternas do inferno, e que manifestastes a um dos tr\u00eas que os pecados da carne s\u00e3o os que mais almas arrastam \u00e0quelas terr\u00edveis chamas, colocai em nossas almas um grande horror ao pecado e o temor santo da justi\u00e7a divina, e ao mesmo tempo despertai nelas a compaix\u00e3o pelos pobres pecadores e um santo zelo para trabalhar com nossas ora\u00e7\u00f5es, exemplos e palavras por sua convers\u00e3o.<\/p>\n<p><strong>S\u00e9timo dia \u2013 Maria, al\u00edvio das almas do purgat\u00f3rio<\/strong><\/p>\n<p>\u00d3 Sant\u00edssima Virgem Maria, rainha do Purgat\u00f3rio, que ensinastes aos pastorinhos de F\u00e1tima a rogar a Deus pelas almas do Purgat\u00f3rio, especialmente pelas mais abandonadas, encomendamos \u00e0 inesgot\u00e1vel ternura de vosso maternal cora\u00e7\u00e3o todas as almas que padecem naquele lugar de purifica\u00e7\u00e3o, em particular as de todos os nossos chegados e familiares e as mais abandonadas e necessitadas; aliviais suas penas e levai-as prontas \u00e0 regi\u00e3o da luz e da paz, para ali cantar perpetuamente vossas miseric\u00f3rdias.<\/p>\n<p><strong>Oitavo dia \u2013 Maria, rainha do ros\u00e1rio<\/strong><\/p>\n<p>\u00d3 Sant\u00edssima Virgem Maria, que em vossa \u00faltima apari\u00e7\u00e3o vos destes a conhecer como a Rainha do Sant\u00edssimo Ros\u00e1rio, e em todas as apari\u00e7\u00f5es recomendastes a reza dessa devo\u00e7\u00e3o como o rem\u00e9dio mais seguro e eficaz para todos os males e calamidades que nos afligem, tanto da alma quanto do corpo, tanto p\u00fablicas quanto privadas, colocai em nossas almas uma profunda estima pelos mist\u00e9rios de nossa Reden\u00e7\u00e3o que se comemoram na reza do Ros\u00e1rio, para assim viverem sempre de seus frutos.<\/p>\n<p>Concedei-nos a gra\u00e7a de ser sempre fi\u00e9is \u00e0 pr\u00e1tica de rez\u00e1-lo diariamente para honrarmos a v\u00f3s, acompanhando vossas alegrias, dores e gl\u00f3rias, e assim merecer vossa maternal prote\u00e7\u00e3o e assist\u00eancia em todos os momentos da vida, mas especialmente na hora da morte.<\/p>\n<p><strong>Nono dia \u2013 Imaculado Cora\u00e7\u00e3o de Maria<\/strong><\/p>\n<p>\u00d3 Sant\u00edssima Virgem Maria, M\u00e3e nossa dulc\u00edssima, que escolhestes aos pastorinhos de F\u00e1tima para mostrar ao mundo as ternuras de vosso cora\u00e7\u00e3o misericordioso e lhes propusestes a devo\u00e7\u00e3o ao mesmo como o meio com o qual Deus quer dar a paz ao mundo, como o caminho para levar as almas a Ele, e como uma prenda suprema de salva\u00e7\u00e3o, fazei, \u00f3 cora\u00e7\u00e3o da mais terna das m\u00e3es, que possamos compreender vossa mensagem de amor e de miseric\u00f3rdia, que a abracemos com filial ades\u00e3o e que a pratiquemos sempre com fervor.<\/p>\n<p>E assim seja vosso cora\u00e7\u00e3o nosso ref\u00fagio, nossa esperan\u00e7a e o caminho que nos conduz ao amor e \u00e0 uni\u00e3o com vosso Filho Jesus.(ACI)<\/p>\n<p>Foto:Divulga\u00e7\u00e3o<\/p>\n","protected":false},"excerpt":{"rendered":"<p>Neste m\u00eas &nbsp;vamos pedir a intercess\u00e3o de Maria rezando a Novena de Nossa Senhora de F\u00e1tima, cuja a festa celebramos &nbsp;no dia 13 de maio. \u201cRezem, rezem muito e fa\u00e7am sacrif\u00edcios pelos pecadores, porque muitas almas v\u00e3o ao inferno por n\u00e3o ter quem se sacrifique e reze por elas\u201d, disse Nossa Senhora de F\u00e1tima em&nbsp;<\/p>\n<p><a class=\"btn btn-style\" href=\"http:\/\/portalcatolico.net\/portal\/inicia-hoje04-05-a-novena-a-nossa-senhora-de-fatima\/\">Continue Reading<\/a><\/p>\n","protected":false},"author":2,"featured_media":64340,"comment_status":"open","ping_status":"open","sticky":false,"template":"","format":"standard","meta":{"footnotes":""},"categories":[69],"tags":[],"class_list":["post-64335","post","type-post","status-publish","format-standard","has-post-thumbnail","hentry","category-artigos"],"_links":{"self":[{"href":"http:\/\/portalcatolico.net\/portal\/wp-json\/wp\/v2\/posts\/64335","targetHints":{"allow":["GET"]}}],"collection":[{"href":"http:\/\/portalcatolico.net\/portal\/wp-json\/wp\/v2\/posts"}],"about":[{"href":"http:\/\/portalcatolico.net\/portal\/wp-json\/wp\/v2\/types\/post"}],"author":[{"embeddable":true,"href":"http:\/\/portalcatolico.net\/portal\/wp-json\/wp\/v2\/users\/2"}],"replies":[{"embeddable":true,"href":"http:\/\/portalcatolico.net\/portal\/wp-json\/wp\/v2\/comments?post=64335"}],"version-history":[{"count":3,"href":"http:\/\/portalcatolico.net\/portal\/wp-json\/wp\/v2\/posts\/64335\/revisions"}],"predecessor-version":[{"id":64341,"href":"http:\/\/portalcatolico.net\/portal\/wp-json\/wp\/v2\/posts\/64335\/revisions\/64341"}],"wp:featuredmedia":[{"embeddable":true,"href":"http:\/\/portalcatolico.net\/portal\/wp-json\/wp\/v2\/media\/64340"}],"wp:attachment":[{"href":"http:\/\/portalcatolico.net\/portal\/wp-json\/wp\/v2\/media?parent=64335"}],"wp:term":[{"taxonomy":"category","embeddable":true,"href":"http:\/\/portalcatolico.net\/portal\/wp-json\/wp\/v2\/categories?post=64335"},{"taxonomy":"post_tag","embeddable":true,"href":"http:\/\/portalcatolico.net\/portal\/wp-json\/wp\/v2\/tags?post=64335"}],"curies":[{"name":"wp","href":"https:\/\/api.w.org\/{rel}","templated":true}]}}