{"id":64332,"date":"2019-05-04T00:17:17","date_gmt":"2019-05-04T03:17:17","guid":{"rendered":"http:\/\/portalcatolico.net\/portal\/?p=64332"},"modified":"2019-05-02T22:17:43","modified_gmt":"2019-05-03T01:17:43","slug":"vem-ai-a-tradicional-festa-em-honra-a-santa-rita-de-cassia-em-itabuna","status":"publish","type":"post","link":"http:\/\/portalcatolico.net\/portal\/vem-ai-a-tradicional-festa-em-honra-a-santa-rita-de-cassia-em-itabuna\/","title":{"rendered":"Vem ai a tradicional festa em honra a Santa Rita de C\u00e1ssia em Itabuna"},"content":{"rendered":"<p><em>Celebrar a novena de um padroeiro (a) \u00e9 um tempo forte de ora\u00e7\u00e3o e&nbsp;devo\u00e7\u00e3o! \u00c9 o que os paroquianos da Par\u00f3quia Santa Rita de C\u00e1ssia, em&nbsp;Itabuna, no sul da Bahia, est\u00e3o esperando nesses dias em que vai&nbsp;acontecer o noven\u00e1rio em prepara\u00e7\u00e3o para&nbsp; festa da padroeira do bairro S\u00e3o Caetano.&nbsp;<\/em><\/p>\n<p><em>O&nbsp; tema central para este ano ser\u00e1: \u201cCom Santa Rita resgatamos a fraternidade e as pol\u00edticas p\u00fablicas\u201d.&nbsp;<\/em><\/p>\n<p><em>O noven\u00e1rio tem in\u00edcio dia 12 e&nbsp;segue at\u00e9 22 de maio, sempre \u00e0s 19h.<\/em><\/p>\n<p><em>Segundo um dos organizadores, \u00e9 esperado um p\u00fablico de aproximadamente de vinte mil pessoas.<\/em><\/p>\n<p><em>Vale ressaltar que todas as noites, ap\u00f3s a santa missa, acontecer\u00e3o shows com bandas cat\u00f3licas e n\u00e3o cat\u00f3licas, al\u00e9m de quermesse com alimentos variados.<\/em><\/p>\n<p><em>No dia 12\/05 acontecer\u00e1 uma&nbsp; grande carreata percorrendo as&nbsp; principais ruas do bairro, anunciando a festa, e ao chegar no santu\u00e1rio Santa Rita de C\u00e1ssia, os motoristas, ciclistas e motociclistas v\u00e3o&nbsp;receber a b\u00ean\u00e7\u00e3o com a \u00e1gua benta.<\/em><\/p>\n<p><em>As camisas do evento j\u00e1 est\u00e3o dispon\u00edveis na&nbsp;secretaria da par\u00f3quia, no valor de 25 reais.<\/em><\/p>\n<p><em>Em breve, voc\u00ea confere aqui, a programa\u00e7\u00e3o completa dessa festa. Santa Rita de C\u00e1ssia \u00e9 a santa das&nbsp;causas imposs\u00edveis.<\/em><\/p>\n<p><em>A Par\u00f3quia Santa Rita de C\u00e1ssia \u00e9 administrada pelos&nbsp; frades capuchinos&nbsp;e tem com p\u00e1roco o Pe. Frei Jos\u00e9 Gen\u00edlton&nbsp;al\u00e9m dos confrades: o&nbsp; Frei&nbsp;Carlos In\u00e1cio, Frei&nbsp; Anailton Brito e Frei Manoel Gama.<\/em><\/p>\n<p><em>&nbsp;<\/em><em>Foto: Acervo\/Portal Cat\u00f3lico<\/em><\/p>\n<p><em>&nbsp;<\/em><em>Mat\u00e9ria e edi\u00e7\u00e3o de texto: Portal Cat\u00f3lico.Net<\/em><\/p>\n<p><em>&nbsp;<\/em><\/p>\n","protected":false},"excerpt":{"rendered":"<p>Celebrar a novena de um padroeiro (a) \u00e9 um tempo forte de ora\u00e7\u00e3o e&nbsp;devo\u00e7\u00e3o! \u00c9 o que os paroquianos da Par\u00f3quia Santa Rita de C\u00e1ssia, em&nbsp;Itabuna, no sul da Bahia, est\u00e3o esperando nesses dias em que vai&nbsp;acontecer o noven\u00e1rio em prepara\u00e7\u00e3o para&nbsp; festa da padroeira do bairro S\u00e3o Caetano.&nbsp; O&nbsp; tema central para este ano&nbsp;<\/p>\n<p><a class=\"btn btn-style\" href=\"http:\/\/portalcatolico.net\/portal\/vem-ai-a-tradicional-festa-em-honra-a-santa-rita-de-cassia-em-itabuna\/\">Continue Reading<\/a><\/p>\n","protected":false},"author":2,"featured_media":64333,"comment_status":"open","ping_status":"open","sticky":false,"template":"","format":"standard","meta":{"footnotes":""},"categories":[1],"tags":[],"class_list":["post-64332","post","type-post","status-publish","format-standard","has-post-thumbnail","hentry","category-agenda"],"_links":{"self":[{"href":"http:\/\/portalcatolico.net\/portal\/wp-json\/wp\/v2\/posts\/64332","targetHints":{"allow":["GET"]}}],"collection":[{"href":"http:\/\/portalcatolico.net\/portal\/wp-json\/wp\/v2\/posts"}],"about":[{"href":"http:\/\/portalcatolico.net\/portal\/wp-json\/wp\/v2\/types\/post"}],"author":[{"embeddable":true,"href":"http:\/\/portalcatolico.net\/portal\/wp-json\/wp\/v2\/users\/2"}],"replies":[{"embeddable":true,"href":"http:\/\/portalcatolico.net\/portal\/wp-json\/wp\/v2\/comments?post=64332"}],"version-history":[{"count":1,"href":"http:\/\/portalcatolico.net\/portal\/wp-json\/wp\/v2\/posts\/64332\/revisions"}],"predecessor-version":[{"id":64334,"href":"http:\/\/portalcatolico.net\/portal\/wp-json\/wp\/v2\/posts\/64332\/revisions\/64334"}],"wp:featuredmedia":[{"embeddable":true,"href":"http:\/\/portalcatolico.net\/portal\/wp-json\/wp\/v2\/media\/64333"}],"wp:attachment":[{"href":"http:\/\/portalcatolico.net\/portal\/wp-json\/wp\/v2\/media?parent=64332"}],"wp:term":[{"taxonomy":"category","embeddable":true,"href":"http:\/\/portalcatolico.net\/portal\/wp-json\/wp\/v2\/categories?post=64332"},{"taxonomy":"post_tag","embeddable":true,"href":"http:\/\/portalcatolico.net\/portal\/wp-json\/wp\/v2\/tags?post=64332"}],"curies":[{"name":"wp","href":"https:\/\/api.w.org\/{rel}","templated":true}]}}