{"id":64325,"date":"2019-05-02T21:31:19","date_gmt":"2019-05-03T00:31:19","guid":{"rendered":"http:\/\/portalcatolico.net\/portal\/?p=64325"},"modified":"2019-05-02T21:32:14","modified_gmt":"2019-05-03T00:32:14","slug":"feijoada-beneficente-da-creche-irma-margarida-acontece-sabado-em-itabuna","status":"publish","type":"post","link":"http:\/\/portalcatolico.net\/portal\/feijoada-beneficente-da-creche-irma-margarida-acontece-sabado-em-itabuna\/","title":{"rendered":"Feijoada beneficente da Creche Irm\u00e3 Margarida acontece s\u00e1bado em Itabuna!"},"content":{"rendered":"<p>A continuidade da obra de assist\u00eancia social as crian\u00e7as e jovens&nbsp;carentes da Creche Irm\u00e3 Margarida, situada no bairro Maria Pinheiro, em&nbsp;Itabuna, continua.&nbsp;&nbsp;Atualmente, a creche atende mais de 200 crian\u00e7as e&nbsp;adolescentes, em dois turnos. Neste pr\u00f3ximo s\u00e1bado, 04 de maio, a partir&nbsp;das 12h30, ser\u00e1 realizada a 17\u00aa Feijoada em prol da Creche Irm\u00e3&nbsp;Margarida com atra\u00e7\u00f5es musicais.<\/p>\n<p>Segundo os organizadores, ser\u00e3o vendidos&nbsp;ingressos na portaria da AABB de Itabuna (BA). O clube da AABB fica&nbsp;situado no bairro S\u00e3o Judas Tadeu em Itabuna.<br \/>\nO valor do ingresso \u00e9 de 30 reais por pessoa.<br \/>\nCom mais 30 anos de exist\u00eancia, a creche foi fundada pela Irm\u00e3&nbsp;Margarida, da Congrega\u00e7\u00e3o Santa Catarina de Sena, que residia na igreja matriz de Santa Rita de C\u00e1ssia em Itabuna (BA). A religiosa se inquietou com as condi\u00e7\u00f5es de vida da popula\u00e7\u00e3o e fundou a creche. Pouco antes de morrer, deixou o seguinte escrito: &#8220;Sonhei com um mundo melhor para os pobres, mas o meu tempo aqui na terra&nbsp; foi curto. Espero que voc\u00eas possam continuar&#8221;.<\/p>\n<p>Quem quiser contribuir com a Creche, basta ir at\u00e9 a sede, que fica&nbsp;localizada na rua Liberdade, n\u00famero 114, bairro Maria Pinheiro, em Itabuna, pr\u00f3ximo \u00e0 Par\u00f3quia Nossa Senhora da Piedade, no mesmo bairro.<\/p>\n<p>Foto:Divulga\u00e7\u00e3o<\/p>\n<p>Texto:Portal Cat\u00f3lico.Net<\/p>\n","protected":false},"excerpt":{"rendered":"<p>A continuidade da obra de assist\u00eancia social as crian\u00e7as e jovens&nbsp;carentes da Creche Irm\u00e3 Margarida, situada no bairro Maria Pinheiro, em&nbsp;Itabuna, continua.&nbsp;&nbsp;Atualmente, a creche atende mais de 200 crian\u00e7as e&nbsp;adolescentes, em dois turnos. Neste pr\u00f3ximo s\u00e1bado, 04 de maio, a partir&nbsp;das 12h30, ser\u00e1 realizada a 17\u00aa Feijoada em prol da Creche Irm\u00e3&nbsp;Margarida com atra\u00e7\u00f5es musicais.&nbsp;<\/p>\n<p><a class=\"btn btn-style\" href=\"http:\/\/portalcatolico.net\/portal\/feijoada-beneficente-da-creche-irma-margarida-acontece-sabado-em-itabuna\/\">Continue Reading<\/a><\/p>\n","protected":false},"author":2,"featured_media":64326,"comment_status":"open","ping_status":"open","sticky":false,"template":"","format":"standard","meta":{"footnotes":""},"categories":[1],"tags":[],"class_list":["post-64325","post","type-post","status-publish","format-standard","has-post-thumbnail","hentry","category-agenda"],"_links":{"self":[{"href":"http:\/\/portalcatolico.net\/portal\/wp-json\/wp\/v2\/posts\/64325","targetHints":{"allow":["GET"]}}],"collection":[{"href":"http:\/\/portalcatolico.net\/portal\/wp-json\/wp\/v2\/posts"}],"about":[{"href":"http:\/\/portalcatolico.net\/portal\/wp-json\/wp\/v2\/types\/post"}],"author":[{"embeddable":true,"href":"http:\/\/portalcatolico.net\/portal\/wp-json\/wp\/v2\/users\/2"}],"replies":[{"embeddable":true,"href":"http:\/\/portalcatolico.net\/portal\/wp-json\/wp\/v2\/comments?post=64325"}],"version-history":[{"count":2,"href":"http:\/\/portalcatolico.net\/portal\/wp-json\/wp\/v2\/posts\/64325\/revisions"}],"predecessor-version":[{"id":64328,"href":"http:\/\/portalcatolico.net\/portal\/wp-json\/wp\/v2\/posts\/64325\/revisions\/64328"}],"wp:featuredmedia":[{"embeddable":true,"href":"http:\/\/portalcatolico.net\/portal\/wp-json\/wp\/v2\/media\/64326"}],"wp:attachment":[{"href":"http:\/\/portalcatolico.net\/portal\/wp-json\/wp\/v2\/media?parent=64325"}],"wp:term":[{"taxonomy":"category","embeddable":true,"href":"http:\/\/portalcatolico.net\/portal\/wp-json\/wp\/v2\/categories?post=64325"},{"taxonomy":"post_tag","embeddable":true,"href":"http:\/\/portalcatolico.net\/portal\/wp-json\/wp\/v2\/tags?post=64325"}],"curies":[{"name":"wp","href":"https:\/\/api.w.org\/{rel}","templated":true}]}}