{"id":64322,"date":"2019-05-02T21:26:23","date_gmt":"2019-05-03T00:26:23","guid":{"rendered":"http:\/\/portalcatolico.net\/portal\/?p=64322"},"modified":"2019-05-02T21:27:59","modified_gmt":"2019-05-03T00:27:59","slug":"dom-darci-nicioli-fala-de-documento-que-apresenta-orientacoes-pastorais-as-midias-catolicas","status":"publish","type":"post","link":"http:\/\/portalcatolico.net\/portal\/dom-darci-nicioli-fala-de-documento-que-apresenta-orientacoes-pastorais-as-midias-catolicas\/","title":{"rendered":"Dom Darci Nicioli fala de documento que apresenta orienta\u00e7\u00f5es pastorais \u00e0s m\u00eddias cat\u00f3licas"},"content":{"rendered":"<p>Em coletiva de imprensa realizada hoje, 2, durante a 57\u00aa Assembleia Geral da CNBB, dom Darci Jos\u00e9 Nicioli, arcebispo de Diamantina (MG) e presidente da Comiss\u00e3o Episcopal Pastoral para a Comunica\u00e7\u00e3o, discorreu a respeito de um documento que ser\u00e1 apresentado a todos os bispos do Brasil e encaminhado \u00e0 nova presid\u00eancia para aprova\u00e7\u00e3o, intitulado \u201cOrienta\u00e7\u00f5es pastorais para as m\u00eddias de inspira\u00e7\u00e3o cat\u00f3lica\u201d.<\/p>\n<p>Segundo ele, sua elabora\u00e7\u00e3o deveu-se a excessos cometidos por profissionais que atuam em m\u00eddias de inspira\u00e7\u00e3o cat\u00f3lica em rela\u00e7\u00e3o ao di\u00e1logo inter-religioso. Tal assunto vem sendo estudado h\u00e1 anos e as conclus\u00f5es a que chegaram os estudiosos para sanar tal problema foram publicadas em 2018, por\u00e9m, dadas a magnitude e recorr\u00eancia da situa\u00e7\u00e3o, continuou a ser objeto de estudos at\u00e9 hoje.<\/p>\n<p><strong>Coopera\u00e7\u00e3o \u2013&nbsp;<\/strong>A elabora\u00e7\u00e3o desse documento contou com a ajuda de muitos colaboradores, em especial de tr\u00eas equipes: a de professores da PUC de Minas Gerais, encabe\u00e7ada pelo professor Mozair Salom\u00e3o, a de professores da Universidade Federal do Amap\u00e1, coordenada pelo professor Paulo Giraldi, e tamb\u00e9m de todos os coordenadores regionais da Pastoral da Comunica\u00e7\u00e3o Nacional (Pascom) de todo o Brasil, demonstrando o car\u00e1ter colegiado que norteou tal trabalho.<\/p>\n<p>Segundo dom Darci, a abordagem do assunto partiu do princ\u00edpio de que seria necess\u00e1rio estabelecer, em primeiro lugar, as condi\u00e7\u00f5es m\u00ednimas para se considerar uma m\u00eddia como cat\u00f3lica. Em seguida, levou-se em considera\u00e7\u00e3o que o material elaborado venha a servir como base de estudo permanente e, por fim, \u201cque sejam instru\u00e7\u00f5es pastorais e n\u00e3o normativas\u201d, possibilitando que \u201ca atua\u00e7\u00e3o dos meios de comunica\u00e7\u00e3o cat\u00f3licos promovam uma cultura de fidelidade \u00e0 Igreja, a partir das linhas estabelecidas pelo Conc\u00edlio Vaticano II\u201d.<\/p>\n<p>Destinado a todas as dioceses, congrega\u00e7\u00f5es religiosas, associa\u00e7\u00f5es de fi\u00e9is que mant\u00eam concess\u00e3o p\u00fablica de r\u00e1dio difus\u00e3o, profissionais, colaboradores, pesquisadores da \u00e1rea de ci\u00eancia da religi\u00e3o, agentes de pastoral e todos aqueles vinculados \u00e0 ambi\u00eancia digital, o documento tem um objetivo claro: auxiliar na comunica\u00e7\u00e3o da verdade e \u201ctornar a comunica\u00e7\u00e3o a mais inclusiva poss\u00edvel, fazendo com que as prega\u00e7\u00f5es e celebra\u00e7\u00f5es reflitam as eclesiologias, ou seja, o modo como produtores [de conte\u00fado] concebem e vivenciam o minist\u00e9rio da Igreja\u201d, explicou o arcebispo de Diamantina.<\/p>\n<p>Por padre Jos\u00e9 Ferreira<\/p>\n<p>Fonte: CNBB&nbsp;<\/p>\n","protected":false},"excerpt":{"rendered":"<p>Em coletiva de imprensa realizada hoje, 2, durante a 57\u00aa Assembleia Geral da CNBB, dom Darci Jos\u00e9 Nicioli, arcebispo de Diamantina (MG) e presidente da Comiss\u00e3o Episcopal Pastoral para a Comunica\u00e7\u00e3o, discorreu a respeito de um documento que ser\u00e1 apresentado a todos os bispos do Brasil e encaminhado \u00e0 nova presid\u00eancia para aprova\u00e7\u00e3o, intitulado \u201cOrienta\u00e7\u00f5es&nbsp;<\/p>\n<p><a class=\"btn btn-style\" href=\"http:\/\/portalcatolico.net\/portal\/dom-darci-nicioli-fala-de-documento-que-apresenta-orientacoes-pastorais-as-midias-catolicas\/\">Continue Reading<\/a><\/p>\n","protected":false},"author":2,"featured_media":64323,"comment_status":"open","ping_status":"open","sticky":false,"template":"","format":"standard","meta":{"footnotes":""},"categories":[3],"tags":[],"class_list":["post-64322","post","type-post","status-publish","format-standard","has-post-thumbnail","hentry","category-noticias_regionais"],"_links":{"self":[{"href":"http:\/\/portalcatolico.net\/portal\/wp-json\/wp\/v2\/posts\/64322","targetHints":{"allow":["GET"]}}],"collection":[{"href":"http:\/\/portalcatolico.net\/portal\/wp-json\/wp\/v2\/posts"}],"about":[{"href":"http:\/\/portalcatolico.net\/portal\/wp-json\/wp\/v2\/types\/post"}],"author":[{"embeddable":true,"href":"http:\/\/portalcatolico.net\/portal\/wp-json\/wp\/v2\/users\/2"}],"replies":[{"embeddable":true,"href":"http:\/\/portalcatolico.net\/portal\/wp-json\/wp\/v2\/comments?post=64322"}],"version-history":[{"count":1,"href":"http:\/\/portalcatolico.net\/portal\/wp-json\/wp\/v2\/posts\/64322\/revisions"}],"predecessor-version":[{"id":64324,"href":"http:\/\/portalcatolico.net\/portal\/wp-json\/wp\/v2\/posts\/64322\/revisions\/64324"}],"wp:featuredmedia":[{"embeddable":true,"href":"http:\/\/portalcatolico.net\/portal\/wp-json\/wp\/v2\/media\/64323"}],"wp:attachment":[{"href":"http:\/\/portalcatolico.net\/portal\/wp-json\/wp\/v2\/media?parent=64322"}],"wp:term":[{"taxonomy":"category","embeddable":true,"href":"http:\/\/portalcatolico.net\/portal\/wp-json\/wp\/v2\/categories?post=64322"},{"taxonomy":"post_tag","embeddable":true,"href":"http:\/\/portalcatolico.net\/portal\/wp-json\/wp\/v2\/tags?post=64322"}],"curies":[{"name":"wp","href":"https:\/\/api.w.org\/{rel}","templated":true}]}}