{"id":64319,"date":"2019-05-02T18:43:09","date_gmt":"2019-05-02T21:43:09","guid":{"rendered":"http:\/\/portalcatolico.net\/portal\/?p=64319"},"modified":"2019-05-02T18:43:09","modified_gmt":"2019-05-02T21:43:09","slug":"igreja-dedicada-a-santo-antonio-e-elevada-a-santuario-nas-filipinas","status":"publish","type":"post","link":"http:\/\/portalcatolico.net\/portal\/igreja-dedicada-a-santo-antonio-e-elevada-a-santuario-nas-filipinas\/","title":{"rendered":"Igreja dedicada a Santo Ant\u00f4nio \u00e9 elevada a Santu\u00e1rio nas Filipinas"},"content":{"rendered":"<p>Atrav\u00e9s de uma Santa Missa, presidida pelo Arcebispo de Davao e presidente da Confer\u00eancia Episcopal das Filipinas (CBCP), Dom R\u00f3mulo Geolina Valles, a antiga igreja de Santo Ant\u00f4nio de P\u00e1dua em Pila, Filipinas, foi elevada \u00e0 Santu\u00e1rio Nacional.<\/p>\n<p>O templo se tornou o primeiro Santu\u00e1rio da Diocese e o 25\u00ba das Filipinas. A cerim\u00f4nia foi concelebrada por Dom Gabriele Giordano Caccia, N\u00fancio apost\u00f3lico nas Filipinas e Dom Malayo Famadico, Bispo local. A celebra\u00e7\u00e3o contou tamb\u00e9m com a presen\u00e7a de mais de 2 mil devotos, entre os quais se encontravam sacerdotes, religiosas, funcion\u00e1rios do governo e fi\u00e9is.<\/p>\n<p>Durante a homilia, Dom Valles leu a mensagem enviada pelo Papa Francisco, na qual o Pont\u00edfice manifesta seu desejo de que os devotos &#8220;possam ser todos renovados em seu amor por Cristo&#8221; e que o Santu\u00e1rio seja &#8220;realmente um lugar sagrado, onde o sedento venha beber em meio de sua viagem e seja centro de uma constante presen\u00e7a mission\u00e1ria&#8221;.<\/p>\n<p>A eleva\u00e7\u00e3o da igreja de Santo Ant\u00f4nio \u00e0 Santu\u00e1rio Nacional atende ao pedido aprovado de forma un\u00e2nime pelos Bispos filipinos. De acordo com o Padre Edwin Lusterio, sacerdote da Diocese, este reconhecimento \u00e9 &#8220;antes de tudo uma honra, mas ao mesmo tempo uma grande responsabilidade para os devotos&#8221;.<\/p>\n<table border=\"0\" align=\"center\">\n<tbody>\n<tr>\n<td><img loading=\"lazy\" decoding=\"async\" title=\"Igreja dedicada a Santo Ant\u00f4nio \u00e9 elevada a Santu\u00e1rio nas Filipinas 2.jpg\" src=\"https:\/\/www.gaudiumpress.org\/resource\/view?id=165598&amp;size=2\" alt=\"Igreja dedicada a Santo Ant\u00f4nio \u00e9 elevada a Santu\u00e1rio nas Filipinas 2.jpg\" width=\"500\" height=\"334\"><\/td>\n<\/tr>\n<\/tbody>\n<\/table>\n<p>&#8220;Os fi\u00e9is est\u00e3o muito felizes e consciente que de agora em diante deveremos fazer muito mais para promover a devo\u00e7\u00e3o, o catecismo e a aten\u00e7\u00e3o pastoral dos pobres. Esta deve ser nossa contribui\u00e7\u00e3o \u00e0 miss\u00e3o da Igreja. O compromisso n\u00e3o deve se limitar \u00e0 prov\u00edncia de Laguna, mas se estende \u00e0 todas as par\u00f3quias das Filipinas&#8221;, ressaltou o Padre Lusterio.<\/p>\n<p>Iniciada em Pila, a devo\u00e7\u00e3o dos filipinos ao Santo portugu\u00eas cresceu com o tempo, sendo alimentada por muitas gra\u00e7as e milagres obtidos por sua intercess\u00e3o. O novo santu\u00e1rio recebe semanalmente entre 500 a 1 mil devotos, que se unem aos cerca de 3 mil fi\u00e9is que participam das Missas das primeiras ter\u00e7as-feiras de cada m\u00eas. Por ano, o templo recebe quase 100 mil visitas.<\/p>\n<table border=\"0\" align=\"center\">\n<tbody>\n<tr>\n<td><img loading=\"lazy\" decoding=\"async\" title=\"Igreja dedicada a Santo Ant\u00f4nio \u00e9 elevada a Santu\u00e1rio nas Filipinas 3.jpg\" src=\"https:\/\/www.gaudiumpress.org\/resource\/view?id=165599&amp;size=2\" alt=\"Igreja dedicada a Santo Ant\u00f4nio \u00e9 elevada a Santu\u00e1rio nas Filipinas 3.jpg\" width=\"500\" height=\"334\"><\/td>\n<\/tr>\n<\/tbody>\n<\/table>\n<p>A igreja de Santo Ant\u00f4nio em Pila foi inaugurada no ano de 1581, sendo a primeira da \u00c1sia a ser dedicada ao santo portugu\u00eas. No novo santu\u00e1rio, os fi\u00e9is podem, al\u00e9m de receber in\u00fameras gra\u00e7as espirituais, participar de diversos programas sociais. (Gaudiumpress)&nbsp;<\/p>\n","protected":false},"excerpt":{"rendered":"<p>Atrav\u00e9s de uma Santa Missa, presidida pelo Arcebispo de Davao e presidente da Confer\u00eancia Episcopal das Filipinas (CBCP), Dom R\u00f3mulo Geolina Valles, a antiga igreja de Santo Ant\u00f4nio de P\u00e1dua em Pila, Filipinas, foi elevada \u00e0 Santu\u00e1rio Nacional. O templo se tornou o primeiro Santu\u00e1rio da Diocese e o 25\u00ba das Filipinas. A cerim\u00f4nia foi&nbsp;<\/p>\n<p><a class=\"btn btn-style\" href=\"http:\/\/portalcatolico.net\/portal\/igreja-dedicada-a-santo-antonio-e-elevada-a-santuario-nas-filipinas\/\">Continue Reading<\/a><\/p>\n","protected":false},"author":2,"featured_media":64320,"comment_status":"open","ping_status":"open","sticky":false,"template":"","format":"standard","meta":{"footnotes":""},"categories":[5],"tags":[],"class_list":["post-64319","post","type-post","status-publish","format-standard","has-post-thumbnail","hentry","category-igreja_no_mundo"],"_links":{"self":[{"href":"http:\/\/portalcatolico.net\/portal\/wp-json\/wp\/v2\/posts\/64319","targetHints":{"allow":["GET"]}}],"collection":[{"href":"http:\/\/portalcatolico.net\/portal\/wp-json\/wp\/v2\/posts"}],"about":[{"href":"http:\/\/portalcatolico.net\/portal\/wp-json\/wp\/v2\/types\/post"}],"author":[{"embeddable":true,"href":"http:\/\/portalcatolico.net\/portal\/wp-json\/wp\/v2\/users\/2"}],"replies":[{"embeddable":true,"href":"http:\/\/portalcatolico.net\/portal\/wp-json\/wp\/v2\/comments?post=64319"}],"version-history":[{"count":1,"href":"http:\/\/portalcatolico.net\/portal\/wp-json\/wp\/v2\/posts\/64319\/revisions"}],"predecessor-version":[{"id":64321,"href":"http:\/\/portalcatolico.net\/portal\/wp-json\/wp\/v2\/posts\/64319\/revisions\/64321"}],"wp:featuredmedia":[{"embeddable":true,"href":"http:\/\/portalcatolico.net\/portal\/wp-json\/wp\/v2\/media\/64320"}],"wp:attachment":[{"href":"http:\/\/portalcatolico.net\/portal\/wp-json\/wp\/v2\/media?parent=64319"}],"wp:term":[{"taxonomy":"category","embeddable":true,"href":"http:\/\/portalcatolico.net\/portal\/wp-json\/wp\/v2\/categories?post=64319"},{"taxonomy":"post_tag","embeddable":true,"href":"http:\/\/portalcatolico.net\/portal\/wp-json\/wp\/v2\/tags?post=64319"}],"curies":[{"name":"wp","href":"https:\/\/api.w.org\/{rel}","templated":true}]}}