{"id":63764,"date":"2019-03-28T21:15:45","date_gmt":"2019-03-29T00:15:45","guid":{"rendered":"http:\/\/portalcatolico.net\/portal\/?p=63764"},"modified":"2019-03-28T21:15:45","modified_gmt":"2019-03-29T00:15:45","slug":"predio-sede-da-cnbb-apos-reforma-e-abencoado-pelos-bispos-do-conselho-permanente","status":"publish","type":"post","link":"http:\/\/portalcatolico.net\/portal\/predio-sede-da-cnbb-apos-reforma-e-abencoado-pelos-bispos-do-conselho-permanente\/","title":{"rendered":"Pr\u00e9dio sede da CNBB, ap\u00f3s reforma, \u00e9 aben\u00e7oado pelos bispos do Conselho Permanente"},"content":{"rendered":"<p>\u201c\u00c1gua santa! \u00d3 agua pura, vem! Purifica este povo! D\u00e1-nos da neve a brancura, e um cora\u00e7\u00e3o sincero, forte, grande, novo\u2026\u201d. Enquanto um coro formado pelos bispos que integram o Conselho Permanente, assessores, membros dos organismos, colaboradores da Confer\u00eancia Nacional dos Bispos do Brasil (CNBB) e convidados entoavam os versos desta can\u00e7\u00e3o, um grupo de dez bispos aspergiam com a \u00e1gua benta aben\u00e7oando todos os c\u00f4modos do pr\u00e9dio sede da CNBB na tarde desta quarta-feira, 27 de mar\u00e7o. O ritual fez parte da b\u00ean\u00e7\u00e3o do edif\u00edcio ap\u00f3s passar por um processo de reforma iniciado em outubro de 2017.<\/p>\n<p>Depois da aspers\u00e3o, houve celebra\u00e7\u00e3o eucar\u00edstica presidida pelo cardeal Sergio da Rocha, presidente da entidade. Entre os concelebrantes, estavam o representante do papa no Brasil, o n\u00fancio apost\u00f3lico, dom Giovanni D\u00b4aniello, o arcebispo em\u00e9rito de Aparecida (SP), cardeal Raymundo Damasceno Assis, que j\u00e1 foi secret\u00e1rio-geral por tr\u00eas mandatos e presidente da entidade; o arcebispo de S\u00e3o Luiz (MA) e presidente do regional Nordeste 5, dom Jos\u00e9 Belis\u00e1rio da Silva, que foi vice-presidente; e o arcebispo de Salvador e atual vice-presidente, dom Murilo Krieger.<\/p>\n<p><a href=\"http:\/\/www.cnbb.org.br\/predio-sede-da-cnbb-apos-reforma-e-abencoado-pelos-bispos-do-conselho-permanente\/dsc01497\/\"><img loading=\"lazy\" decoding=\"async\" class=\"size-medium wp-image-217454 alignleft\" src=\"http:\/\/www.cnbb.org.br\/wp-content\/uploads\/sites\/32\/2019\/03\/DSC01497-300x169.jpg\" srcset=\"http:\/\/www.cnbb.org.br\/wp-content\/uploads\/sites\/32\/2019\/03\/DSC01497-300x169.jpg 300w, http:\/\/www.cnbb.org.br\/wp-content\/uploads\/sites\/32\/2019\/03\/DSC01497-768x432.jpg 768w, http:\/\/www.cnbb.org.br\/wp-content\/uploads\/sites\/32\/2019\/03\/DSC01497-1024x576.jpg 1024w\" alt=\"\" width=\"300\" height=\"169\"><\/a>Em refer\u00eancia ao pr\u00e9dio, o presidente da CNBB, na acolhida, lembrou que a a\u00e7\u00e3o pastoral da Igreja no Brasil precisa de organiza\u00e7\u00e3o e instrumentos que facilitem a comunh\u00e3o eclesial. \u201cDesejamos e suplicamos a Deus que o pr\u00e9dio reformado seja local de testemunho da f\u00e9. Bendigamos a Deus por tantos benef\u00edcios \u00e0 CNBB e \u00e0 sua nova sede readaptada \u00e0s novas exig\u00eancias da evangeliza\u00e7\u00e3o\u201d, disse.<\/p>\n<p>Em sua hom\u00edlia, o cardeal Sergio da Rocha, agradeceu a presen\u00e7a de todos, lembrando que n\u00e3o se trata de uma \u201creinaugura\u00e7\u00e3o\u201d mas de uma a\u00e7\u00e3o de gra\u00e7as porque a CNBB \u00e9 dom de Deus, fruto e sinal de seu amor. \u201cPor isto, o fazemos por meio da Eucaristia. Expressamos gratid\u00e3o sincera a tanta gente que faz parte da hist\u00f3ria desta sede\u201d, disse. Para o presidente da CNBB, cuidar da casa \u00e9 tamb\u00e9m cuidar da fam\u00edlia que a habita. \u201cQueremos que esta casa seja espa\u00e7o de vida fraterna e testemunho de f\u00e9\u201d.<\/p>\n<p>\u201cPorque precisamos de tanta estrutura?\u201d, perguntou o cardeal. Em sua avalia\u00e7\u00e3o, para evangelizar e ajudar a ser uma Igreja disc\u00edpula, mission\u00e1ria prof\u00e9tica e misericordiosa, conforme o desejo do papa Francisco. O cardeal Sergio disse que a CNBB \u00e9 chamada a ser uma organiza\u00e7\u00e3o n\u00e3o meramente burocr\u00e1tica mas em vista de sua miss\u00e3o que \u00e9 ser um centro motivador da A\u00e7\u00e3o Evangelizadora.<\/p>\n<p><a href=\"http:\/\/www.cnbb.org.br\/predio-sede-da-cnbb-apos-reforma-e-abencoado-pelos-bispos-do-conselho-permanente\/domleo-4\/\"><img loading=\"lazy\" decoding=\"async\" class=\"size-medium wp-image-217464 alignright\" src=\"http:\/\/www.cnbb.org.br\/wp-content\/uploads\/sites\/32\/2019\/03\/domLeo-300x168.jpg\" srcset=\"http:\/\/www.cnbb.org.br\/wp-content\/uploads\/sites\/32\/2019\/03\/domLeo-300x168.jpg 300w, http:\/\/www.cnbb.org.br\/wp-content\/uploads\/sites\/32\/2019\/03\/domLeo.jpg 700w\" alt=\"\" width=\"300\" height=\"168\"><\/a><strong>Agradecimentos<\/strong>&nbsp;\u2013 Ao final da celebra\u00e7\u00e3o, o presidente da CNBB agradeceu \u00e0s dioceses que contribu\u00edram com a coleta para levantar fundos para a reforma, ao regional Leste 2, aos membros do Conselho Permanente, aos presidentes e secret\u00e1rios-gerais que precederam a atual gest\u00e3o, a Comiss\u00e3o de Reforma, a empresa e aos oper\u00e1rios da obra, aos assessores e colaboradores da CNBB e ao padre Ant\u00f4nio da S. da Paix\u00e3o, subsecret\u00e1rio adjunto geral da entidade.<\/p>\n<p>Tamb\u00e9m agradeceu as doa\u00e7\u00f5es dos santu\u00e1rios de Aparecida (SP) e do Pai Eterno (GO), do Banco Santander e da Adveniat, organiza\u00e7\u00e3o da Igreja na Alemanha.<\/p>\n<p>De forma especial, o presidente da CNBB agradeceu ao bispo-auxiliar de Bras\u00edlia (DF) e secret\u00e1rio-geral da entidade, dom Leonardo Steiner. \u201cEle n\u00e3o gosta de agradecimentos, mas n\u00e3o poderia deixar de reconhecer porque testemunhei a dedica\u00e7\u00e3o generosa e competente de seu trabalho\u201d, disse.<\/p>\n<div id=\"attachment_217435\" class=\"wp-caption alignleft\" style=\"width: 575px;\"><a href=\"http:\/\/www.cnbb.org.br\/predio-sede-da-cnbb-apos-reforma-e-abencoado-pelos-bispos-do-conselho-permanente\/predio\/\"><img loading=\"lazy\" decoding=\"async\" class=\"wp-image-217435 \" src=\"http:\/\/www.cnbb.org.br\/wp-content\/uploads\/sites\/32\/2019\/03\/pr%C3%A9dio-300x168.jpg\" srcset=\"http:\/\/www.cnbb.org.br\/wp-content\/uploads\/sites\/32\/2019\/03\/pr\u00e9dio-300x168.jpg 300w, http:\/\/www.cnbb.org.br\/wp-content\/uploads\/sites\/32\/2019\/03\/pr\u00e9dio.jpg 700w\" alt=\"\" width=\"575\" height=\"322\" aria-describedby=\"caption-attachment-217435\"><\/a><\/p>\n<p id=\"caption-attachment-217435\" class=\"wp-caption-text\"><em>P\u00e1tio interno do pr\u00e9dio reformado. Foto: Assessoria de Imprensa da CNBB\/Daniel Flores<\/em><\/p>\n<\/div>\n<p><strong>Impress\u00f5es sobre o espa\u00e7o<br \/>\n<\/strong><\/p>\n<p>&nbsp;<\/p>\n<p>&nbsp;<\/p>\n<p>&nbsp;<\/p>\n<p>&nbsp;<\/p>\n<p>&nbsp;<\/p>\n<p>&nbsp;<\/p>\n<p>&nbsp;<\/p>\n<p>&nbsp;<\/p>\n<p>&nbsp;<\/p>\n<p>Ap\u00f3s a celebra\u00e7\u00e3o, todos puderam conhecer mais detalhadamente os espa\u00e7os reformados. O bispo de Luzi\u00e2nia (GO) e presidente do regional Centro-Oeste da CNBB, dom Waldemar Passini Dalbello, integrou a Comiss\u00e3o de Reforma. Em sua avalia\u00e7\u00e3o, o projeto foi bem executado. \u201cOs espa\u00e7os est\u00e3o bem harmoniosos e o pr\u00e9dio mant\u00e9m uma identidade com a modernidade de Bras\u00edlia\u201d, disse. Al\u00e9m deste aspecto, para ele o novo espa\u00e7o d\u00e1 objetividade para as rela\u00e7\u00f5es de trabalho no cotidiano.<\/p>\n<p>Para o arcebispo de Campo Grande (MS) e presidente do regional Oeste 1, dom Dimas Lara Barbosa, que exerceu a fun\u00e7\u00e3o de secret\u00e1rio-geral da entidade de 2007 a 2011, a reforma preservou o esp\u00edrito do pr\u00e9dio antigo, enfrentou problemas em estruturas que precisavam ser renovadas, como a cobertura do p\u00e1tio interno, e ao mesmo tempo deu uma modernizada nas instala\u00e7\u00f5es.<\/p>\n<p>O arcebispo de Olinda e Recife (PE) e presidente do regional Nordeste 2 da CNBB, dom Ant\u00f4nio Fernando Saburido, disse ter ficado surpreso com a beleza e a funcionalidade dos novos espa\u00e7os. \u201cTemos um pr\u00e9dio \u00e0 altura da CNBB. Valeu \u00e0 pena o esfor\u00e7o das dioceses. Este pr\u00e9dio ser\u00e1 um bem para a Igreja no Brasil\u2019, disse.<\/p>\n<p>A presidente do Conselho Nacional do Laicato no Brasil (CNLB), Marilza Lopes Schuina, disse que quem trabalha com evangeliza\u00e7\u00e3o precisa de um espa\u00e7o adequado e boas condi\u00e7\u00f5es de trabalho. Ela ressaltou a beleza do pr\u00e9dio e deseja que esta beleza se traduza numa evangeliza\u00e7\u00e3o mais efetiva para o povo brasileiro.<\/p>\n<p><strong>Hist\u00f3rias do pr\u00e9dio sede<br \/>\n<\/strong><\/p>\n<div id=\"attachment_217469\" class=\"wp-caption alignright\" style=\"width: 556px;\"><a href=\"http:\/\/www.cnbb.org.br\/predio-sede-da-cnbb-apos-reforma-e-abencoado-pelos-bispos-do-conselho-permanente\/predio2-2\/\"><img loading=\"lazy\" decoding=\"async\" class=\" wp-image-217469\" src=\"http:\/\/www.cnbb.org.br\/wp-content\/uploads\/sites\/32\/2019\/03\/pr%C3%A9dio2-1-300x169.jpg\" srcset=\"http:\/\/www.cnbb.org.br\/wp-content\/uploads\/sites\/32\/2019\/03\/pr\u00e9dio2-1-300x169.jpg 300w, http:\/\/www.cnbb.org.br\/wp-content\/uploads\/sites\/32\/2019\/03\/pr\u00e9dio2-1-768x432.jpg 768w, http:\/\/www.cnbb.org.br\/wp-content\/uploads\/sites\/32\/2019\/03\/pr\u00e9dio2-1-1024x576.jpg 1024w\" alt=\"\" width=\"556\" height=\"313\" aria-describedby=\"caption-attachment-217469\"><\/a><\/p>\n<p id=\"caption-attachment-217469\" class=\"wp-caption-text\"><em>Fachada do pr\u00e9dio ap\u00f3s revitaliza\u00e7\u00e3o. Foto: Assessoria de Imprensa CNBB\/Daniel Flores<\/em><\/p>\n<\/div>\n<p>No momento que antecedeu a ben\u00e7\u00e3o a todos os c\u00f4modos do pr\u00e9dio reformado, o assessor da Comiss\u00e3o para a Liturgia, padre Leonardo Pinheiro, retomou fatos da hist\u00f3ria do pr\u00e9dio sede da matriz. Consta de 1958, quando a capital do Brasil era um canteiro de obra, uma correspond\u00eancia do ent\u00e3o presidente da CNBB, cardeal Carlos Carmelo de Vasconcelos Motta, a dom Helder C\u00e2mara, ent\u00e3o secret\u00e1rio-geral da entidade, comunicando que o presidente da Companhia Urbanizadora da Nova Capital (Novacap), Israel Pinheiro, estava doando terras para organiza\u00e7\u00f5es religiosas e se n\u00e3o seria o caso de transferir a sede da entidade para Bras\u00edlia (DF), uma localiza\u00e7\u00e3o mais equidistante de todas realidades do pa\u00eds.<\/p>\n<p>Fato que se consumou mais tarde, com a doa\u00e7\u00e3o de um terreno \u00e0 Igreja Cat\u00f3lica no Brasil, desmembrado do terreno cedido \u00e0 Nunciatura Apost\u00f3lica, representa\u00e7\u00e3o diplom\u00e1tica do Vaticano no Brasil. Em um primeiro momento, funcionou no espa\u00e7o a sede do regional Centro-Oeste, mais tarde transferida para Goi\u00e2nia. Em 1972 foi instalada uma Procuradoria da CNBB na capital federal. No ano de 1976 iniciaram os estudos arquitet\u00f4nicos e o levantamento de recursos para constru\u00e7\u00e3o do pr\u00e9dio. Em 15\/11\/1977 foi inaugurada a nova sede em Bras\u00edlia. O ent\u00e3o papa Jo\u00e3o Paulo II, hoje santo da Igreja Cat\u00f3lica, visitou o pr\u00e9dio em outubro de 1991.<\/p>\n<p>Informa\u00e7\u00f5es e fotos: CNBB<\/p>\n","protected":false},"excerpt":{"rendered":"<p>\u201c\u00c1gua santa! \u00d3 agua pura, vem! Purifica este povo! D\u00e1-nos da neve a brancura, e um cora\u00e7\u00e3o sincero, forte, grande, novo\u2026\u201d. Enquanto um coro formado pelos bispos que integram o Conselho Permanente, assessores, membros dos organismos, colaboradores da Confer\u00eancia Nacional dos Bispos do Brasil (CNBB) e convidados entoavam os versos desta can\u00e7\u00e3o, um grupo de&nbsp;<\/p>\n<p><a class=\"btn btn-style\" href=\"http:\/\/portalcatolico.net\/portal\/predio-sede-da-cnbb-apos-reforma-e-abencoado-pelos-bispos-do-conselho-permanente\/\">Continue Reading<\/a><\/p>\n","protected":false},"author":2,"featured_media":63765,"comment_status":"open","ping_status":"open","sticky":false,"template":"","format":"standard","meta":{"footnotes":""},"categories":[2],"tags":[],"class_list":["post-63764","post","type-post","status-publish","format-standard","has-post-thumbnail","hentry","category-eventos"],"_links":{"self":[{"href":"http:\/\/portalcatolico.net\/portal\/wp-json\/wp\/v2\/posts\/63764","targetHints":{"allow":["GET"]}}],"collection":[{"href":"http:\/\/portalcatolico.net\/portal\/wp-json\/wp\/v2\/posts"}],"about":[{"href":"http:\/\/portalcatolico.net\/portal\/wp-json\/wp\/v2\/types\/post"}],"author":[{"embeddable":true,"href":"http:\/\/portalcatolico.net\/portal\/wp-json\/wp\/v2\/users\/2"}],"replies":[{"embeddable":true,"href":"http:\/\/portalcatolico.net\/portal\/wp-json\/wp\/v2\/comments?post=63764"}],"version-history":[{"count":1,"href":"http:\/\/portalcatolico.net\/portal\/wp-json\/wp\/v2\/posts\/63764\/revisions"}],"predecessor-version":[{"id":63766,"href":"http:\/\/portalcatolico.net\/portal\/wp-json\/wp\/v2\/posts\/63764\/revisions\/63766"}],"wp:featuredmedia":[{"embeddable":true,"href":"http:\/\/portalcatolico.net\/portal\/wp-json\/wp\/v2\/media\/63765"}],"wp:attachment":[{"href":"http:\/\/portalcatolico.net\/portal\/wp-json\/wp\/v2\/media?parent=63764"}],"wp:term":[{"taxonomy":"category","embeddable":true,"href":"http:\/\/portalcatolico.net\/portal\/wp-json\/wp\/v2\/categories?post=63764"},{"taxonomy":"post_tag","embeddable":true,"href":"http:\/\/portalcatolico.net\/portal\/wp-json\/wp\/v2\/tags?post=63764"}],"curies":[{"name":"wp","href":"https:\/\/api.w.org\/{rel}","templated":true}]}}