{"id":63761,"date":"2019-03-28T12:25:48","date_gmt":"2019-03-28T15:25:48","guid":{"rendered":"http:\/\/portalcatolico.net\/portal\/?p=63761"},"modified":"2019-03-28T19:26:07","modified_gmt":"2019-03-28T22:26:07","slug":"nota-de-pesar-pelo-falecimento-do-monsenhor-manuel-alves-feitosa","status":"publish","type":"post","link":"http:\/\/portalcatolico.net\/portal\/nota-de-pesar-pelo-falecimento-do-monsenhor-manuel-alves-feitosa\/","title":{"rendered":"Nota de pesar pelo falecimento do Monsenhor Manuel Alves Feitosa"},"content":{"rendered":"<div class=\"col-lg-12 col-md-12 col-sm-12\">\n<div class=\"entry-content herald-entry-content\">\n<p>O bispo da Diocese de Crato, Dom Gilberto Pastana, emitiu uma Nota de pesar pelo falecimento do Monsenhor Manuel Alves Feitosa, que aconteceu na madrugada desta quinta- feira, dia 28 de mar\u00e7o, em Crato. Ele tinha 87 anos e faleceu em sua resid\u00eancia, localizada em Crato, v\u00edtima de morte s\u00fabita.<\/p>\n<p>Na nota dom Gilberto agradece o legado espiritual deixado pelo sacerdote e expressa palavras de esperan\u00e7a a todos aqueles que conviveram com o sacerdote e contribu\u00edram com o exerc\u00edcio do seu minist\u00e9rio. \u201cInspirados no legado espiritual deixado a todos n\u00f3s, possamos renovar nossa esperan\u00e7a na ressurrei\u00e7\u00e3o de Cristo que exterminou a morte, suscitando a vida em plenitude\u201d.<\/p>\n<figure id=\"attachment_90634\" class=\"wp-caption aligncenter\" aria-describedby=\"caption-attachment-90634\"><img loading=\"lazy\" decoding=\"async\" class=\"wp-image-90634 size-full\" src=\"http:\/\/diocesedecrato.org\/wp-content\/uploads\/sites\/74\/2019\/03\/4.jpg\" sizes=\"auto, (max-width: 648px) 100vw, 648px\" srcset=\"http:\/\/diocesedecrato.org\/wp-content\/uploads\/sites\/74\/2019\/03\/4.jpg 648w, http:\/\/diocesedecrato.org\/wp-content\/uploads\/sites\/74\/2019\/03\/4-250x167.jpg 250w, http:\/\/diocesedecrato.org\/wp-content\/uploads\/sites\/74\/2019\/03\/4-300x200.jpg 300w, http:\/\/diocesedecrato.org\/wp-content\/uploads\/sites\/74\/2019\/03\/4-610x407.jpg 610w, http:\/\/diocesedecrato.org\/wp-content\/uploads\/sites\/74\/2019\/03\/4-414x276.jpg 414w, http:\/\/diocesedecrato.org\/wp-content\/uploads\/sites\/74\/2019\/03\/4-470x313.jpg 470w, http:\/\/diocesedecrato.org\/wp-content\/uploads\/sites\/74\/2019\/03\/4-640x426.jpg 640w, http:\/\/diocesedecrato.org\/wp-content\/uploads\/sites\/74\/2019\/03\/4-130x86.jpg 130w, http:\/\/diocesedecrato.org\/wp-content\/uploads\/sites\/74\/2019\/03\/4-187x124.jpg 187w\" alt=\"\" width=\"648\" height=\"432\"><figcaption id=\"caption-attachment-90634\" class=\"wp-caption-text\">Dom Gilberto saudando o Monsenhor Manuel Feitosa. (Foto: Reprodu\u00e7\u00e3o)<\/figcaption><\/figure>\n<p>O vel\u00f3rio acontece durante toda esta quinta- feira, na Igreja Matriz da Par\u00f3quia Nossa Senhora de F\u00e1tima, em Crato. Amanh\u00e3 cedo o corpo ser\u00e1 transladado para a Catedral Nossa Senhora da Penha, na mesma cidade, onde acontece a Missa com Ex\u00e9quias, \u00e0s 8h, seguida do sepultamento na pr\u00f3pria Catedral.<\/p>\n<p>Leia a Nota na \u00edntegra:<\/p>\n<p><strong>Nota de pesar pelo falecimento do Monsenhor Manuel Alves Feitosa<\/strong><\/p>\n<p>A diocese de Crato manifesta seu pesar pelo falecimento do Monsenhor Manuel Alves Feitosa, ocorrido na madrugada desta quinta-feira, dia 28 de mar\u00e7o. Ele tinha 87 anos, e era um dos padres mais antigos da nossa Igreja Particular.<\/p>\n<p>Nascido em Arneiroz, no sert\u00e3o dos Inhamus, em 27 de novembro de 1931, chegou a Crato, aos oito anos, com um \u00fanico objetivo: estudar para ser padre. Foi motivado pelo tio, Monsenhor Antonio Feitosa, professor do Semin\u00e1rio Diocesano S\u00e3o Jos\u00e9.<\/p>\n<p>Ao ser ordenado sacerdote, em 8 de dezembro de 1959, foi nomeado vig\u00e1rio paroquial da S\u00e9 Catedral Nossa Senhora da Penha, em Crato. No ano de 1967 assumiu, como p\u00e1roco, a Par\u00f3quia Santo Ant\u00f4nio, em Jardim. Tamb\u00e9m exerceu o minist\u00e9rio sacerdotal nas seguintes par\u00f3quias: S\u00e3o Vicente Ferrer, em Lavras da Mangabeira, Nossa Senhora das Dores, em Assar\u00e9, e Nossa Senhora de F\u00e1tima, em Crato. Seus \u00faltimos anos permaneceu em Crato. Sua atua\u00e7\u00e3o deu-se, principalmente, junto \u00e0s crian\u00e7as e a juventude, com aten\u00e7\u00e3o especial ao campo da educa\u00e7\u00e3o.<\/p>\n<p>Inspirados no legado espiritual deixado a todos n\u00f3s, possamos renovar nossa esperan\u00e7a na ressurrei\u00e7\u00e3o de Cristo que exterminou a morte, suscitando a vida em plenitude.<\/p>\n<p>Unimo-nos aos fi\u00e9is na ora\u00e7\u00e3o pela P\u00e1scoa do Monsenhor Manuel e enviamos nosso abra\u00e7o fraterno a todos.<\/p>\n<p>Em Cristo,<\/p>\n<p><strong>Dom Gilberto Pastana<\/strong><br \/>\n<strong>Bispo da Diocese de Crato- CE<\/strong><\/p>\n<p>Fonte:Diocese de Crato-CE<\/p>\n<\/div>\n<\/div>\n","protected":false},"excerpt":{"rendered":"<p>O bispo da Diocese de Crato, Dom Gilberto Pastana, emitiu uma Nota de pesar pelo falecimento do Monsenhor Manuel Alves Feitosa, que aconteceu na madrugada desta quinta- feira, dia 28 de mar\u00e7o, em Crato. Ele tinha 87 anos e faleceu em sua resid\u00eancia, localizada em Crato, v\u00edtima de morte s\u00fabita. Na nota dom Gilberto agradece&nbsp;<\/p>\n<p><a class=\"btn btn-style\" href=\"http:\/\/portalcatolico.net\/portal\/nota-de-pesar-pelo-falecimento-do-monsenhor-manuel-alves-feitosa\/\">Continue Reading<\/a><\/p>\n","protected":false},"author":2,"featured_media":63762,"comment_status":"open","ping_status":"open","sticky":false,"template":"","format":"standard","meta":{"footnotes":""},"categories":[4],"tags":[],"class_list":["post-63761","post","type-post","status-publish","format-standard","has-post-thumbnail","hentry","category-destaques"],"_links":{"self":[{"href":"http:\/\/portalcatolico.net\/portal\/wp-json\/wp\/v2\/posts\/63761","targetHints":{"allow":["GET"]}}],"collection":[{"href":"http:\/\/portalcatolico.net\/portal\/wp-json\/wp\/v2\/posts"}],"about":[{"href":"http:\/\/portalcatolico.net\/portal\/wp-json\/wp\/v2\/types\/post"}],"author":[{"embeddable":true,"href":"http:\/\/portalcatolico.net\/portal\/wp-json\/wp\/v2\/users\/2"}],"replies":[{"embeddable":true,"href":"http:\/\/portalcatolico.net\/portal\/wp-json\/wp\/v2\/comments?post=63761"}],"version-history":[{"count":1,"href":"http:\/\/portalcatolico.net\/portal\/wp-json\/wp\/v2\/posts\/63761\/revisions"}],"predecessor-version":[{"id":63763,"href":"http:\/\/portalcatolico.net\/portal\/wp-json\/wp\/v2\/posts\/63761\/revisions\/63763"}],"wp:featuredmedia":[{"embeddable":true,"href":"http:\/\/portalcatolico.net\/portal\/wp-json\/wp\/v2\/media\/63762"}],"wp:attachment":[{"href":"http:\/\/portalcatolico.net\/portal\/wp-json\/wp\/v2\/media?parent=63761"}],"wp:term":[{"taxonomy":"category","embeddable":true,"href":"http:\/\/portalcatolico.net\/portal\/wp-json\/wp\/v2\/categories?post=63761"},{"taxonomy":"post_tag","embeddable":true,"href":"http:\/\/portalcatolico.net\/portal\/wp-json\/wp\/v2\/tags?post=63761"}],"curies":[{"name":"wp","href":"https:\/\/api.w.org\/{rel}","templated":true}]}}