{"id":63758,"date":"2019-03-28T19:09:17","date_gmt":"2019-03-28T22:09:17","guid":{"rendered":"http:\/\/portalcatolico.net\/portal\/?p=63758"},"modified":"2019-03-28T19:09:17","modified_gmt":"2019-03-28T22:09:17","slug":"a-quaresma-e-o-dizimo","status":"publish","type":"post","link":"http:\/\/portalcatolico.net\/portal\/a-quaresma-e-o-dizimo\/","title":{"rendered":"A Quaresma e o Dizimo"},"content":{"rendered":"<p>Irm\u00e3os nesse per\u00edodo Quaresmal, Jesus Cristo &nbsp;nos convida a fazermos uma reflex\u00e3o mais profunda sobre nossas atitudes crist\u00e3s.&nbsp;Nos dizendo&nbsp;Ser\u00e1 que estamos contribuindo para o fortalecimento da nossa Igreja, com a finalidade&nbsp; de fortalecer e &nbsp;levar a todos os povos Seu Evangelho?<br \/>\nEstamos reconhecendo os dons gratuitos recebidos do Pai, retribuindo, de forma justa, parte do que ele nos dar gratuitamente?<\/p>\n<p>O Senhor nos convida a fazer a experi\u00eancia do amor verdadeiro sem limites como o seu, de quem se doa e sabe perdoar.<br \/>\nNeste sentido, a nossa devolu\u00e7\u00e3o tem uma dimens\u00e3o sacrifical, na medida em que nos ensina a separar uma parte para Deus e, com isso, nos leva ao despojamento e \u00e0 capacidade da partilha, ato&nbsp; que somente \u00e9 poss\u00edvel para aquele que do ego\u00edsmo, pensando na bondade e amor pelo pr\u00f3ximo. Pois&nbsp;devolver o D\u00edzimo s\u00f3 tem valor aut\u00eantico quando o dizimista o entrega procurando corresponder ao chamado a uma generosa solidariedade crist\u00e3.<\/p>\n<p>A quaresma \u00e9 o momento de pensarmos como anda a nossa vida religiosa, quem somos e o que fazemos,como nos relacionamos com Deus e com o irm\u00e3os, com a natureza e conosco mesmos. Podemos incluir o ato do D\u00edzimo nesta reflex\u00e3o para que sejamos pessoas conscientes sobre a nossa corresponsabilidade fraterna na comunidade, na fam\u00edlia, na sociedade. Que, ajudados pelo Esp\u00edrito Santo, saibamos refletir retamente e piedosamente sobre os mist\u00e9rios da Paix\u00e3o e Morte de Nosso Senhor Jesus Cristo e mergulhemos cada vez mais no mist\u00e9rio do Amor mais forte do que a morte e que se doa sem cessar, embora tantas vezes n\u00e3o seja amado.<\/p>\n<p>Por esta raz\u00e3o, para que possamos viver a experi\u00eancia de Jesus, tanto na dimens\u00e3o religiosa ( Reconhecendo que Deus \u00e9 o Senhor de todos os bens ),na dimens\u00e3o Eclesial ( Mantendo as estruturas eclesiais no \u00e2mbito paroquial e diocesano ) na dimens\u00e3o Mission\u00e1ria ( Partilhando os recursos, em vista do crescimento do reino do Pai ), na dimens\u00e3o Caritativa ( aumentando a cada o servi\u00e7o da caridade ). Lembrando o Mandamento do amor, amai a Deus sobre todas as coisas e ao pr\u00f3ximo como a ti mesmo.<\/p>\n<p>Texto:Pastoral do D\u00edzimo\/Par\u00f3quia Santa Rita de C\u00e1ssia de Itabuna (BA)&nbsp;&nbsp;&nbsp;&nbsp;&nbsp;&nbsp;<\/p>\n<p>Sejam dizimistas e fa\u00e7am suas ofertas<\/p>\n<p><em>&nbsp;Foto:Divulga\u00e7\u00e3o<\/em><\/p>\n","protected":false},"excerpt":{"rendered":"<p>Irm\u00e3os nesse per\u00edodo Quaresmal, Jesus Cristo &nbsp;nos convida a fazermos uma reflex\u00e3o mais profunda sobre nossas atitudes crist\u00e3s.&nbsp;Nos dizendo&nbsp;Ser\u00e1 que estamos contribuindo para o fortalecimento da nossa Igreja, com a finalidade&nbsp; de fortalecer e &nbsp;levar a todos os povos Seu Evangelho? Estamos reconhecendo os dons gratuitos recebidos do Pai, retribuindo, de forma justa, parte do&nbsp;<\/p>\n<p><a class=\"btn btn-style\" href=\"http:\/\/portalcatolico.net\/portal\/a-quaresma-e-o-dizimo\/\">Continue Reading<\/a><\/p>\n","protected":false},"author":2,"featured_media":63759,"comment_status":"open","ping_status":"open","sticky":false,"template":"","format":"standard","meta":{"footnotes":""},"categories":[69],"tags":[],"class_list":["post-63758","post","type-post","status-publish","format-standard","has-post-thumbnail","hentry","category-artigos"],"_links":{"self":[{"href":"http:\/\/portalcatolico.net\/portal\/wp-json\/wp\/v2\/posts\/63758","targetHints":{"allow":["GET"]}}],"collection":[{"href":"http:\/\/portalcatolico.net\/portal\/wp-json\/wp\/v2\/posts"}],"about":[{"href":"http:\/\/portalcatolico.net\/portal\/wp-json\/wp\/v2\/types\/post"}],"author":[{"embeddable":true,"href":"http:\/\/portalcatolico.net\/portal\/wp-json\/wp\/v2\/users\/2"}],"replies":[{"embeddable":true,"href":"http:\/\/portalcatolico.net\/portal\/wp-json\/wp\/v2\/comments?post=63758"}],"version-history":[{"count":1,"href":"http:\/\/portalcatolico.net\/portal\/wp-json\/wp\/v2\/posts\/63758\/revisions"}],"predecessor-version":[{"id":63760,"href":"http:\/\/portalcatolico.net\/portal\/wp-json\/wp\/v2\/posts\/63758\/revisions\/63760"}],"wp:featuredmedia":[{"embeddable":true,"href":"http:\/\/portalcatolico.net\/portal\/wp-json\/wp\/v2\/media\/63759"}],"wp:attachment":[{"href":"http:\/\/portalcatolico.net\/portal\/wp-json\/wp\/v2\/media?parent=63758"}],"wp:term":[{"taxonomy":"category","embeddable":true,"href":"http:\/\/portalcatolico.net\/portal\/wp-json\/wp\/v2\/categories?post=63758"},{"taxonomy":"post_tag","embeddable":true,"href":"http:\/\/portalcatolico.net\/portal\/wp-json\/wp\/v2\/tags?post=63758"}],"curies":[{"name":"wp","href":"https:\/\/api.w.org\/{rel}","templated":true}]}}