{"id":63655,"date":"2019-03-20T06:24:30","date_gmt":"2019-03-20T09:24:30","guid":{"rendered":"http:\/\/portalcatolico.net\/portal\/?p=63655"},"modified":"2019-03-20T06:43:04","modified_gmt":"2019-03-20T09:43:04","slug":"20-mil-fieis-celebram-sao-jose-o-padroeiro-da-catedral-da-diocese-e-da-cidade-de-itabuna","status":"publish","type":"post","link":"http:\/\/portalcatolico.net\/portal\/20-mil-fieis-celebram-sao-jose-o-padroeiro-da-catedral-da-diocese-e-da-cidade-de-itabuna\/","title":{"rendered":"20 mil fieis celebram S\u00e3o Jos\u00e9: o padroeiro da Catedral, da Diocese e da cidade de Itabuna"},"content":{"rendered":"<p><img loading=\"lazy\" decoding=\"async\" class=\"wp-image-63659 aligncenter\" src=\"http:\/\/portalcatolico.net\/portal\/wp-content\/uploads\/2019\/03\/sem-t\u00edtulo-54-1-300x225.jpg\" alt=\"\" width=\"737\" height=\"553\" srcset=\"http:\/\/portalcatolico.net\/portal\/wp-content\/uploads\/2019\/03\/sem-t\u00edtulo-54-1-300x225.jpg 300w, http:\/\/portalcatolico.net\/portal\/wp-content\/uploads\/2019\/03\/sem-t\u00edtulo-54-1-768x576.jpg 768w, http:\/\/portalcatolico.net\/portal\/wp-content\/uploads\/2019\/03\/sem-t\u00edtulo-54-1-1024x768.jpg 1024w, http:\/\/portalcatolico.net\/portal\/wp-content\/uploads\/2019\/03\/sem-t\u00edtulo-54-1.jpg 2000w\" sizes=\"auto, (max-width: 737px) 100vw, 737px\" \/>Com o tema central: &#8220;Igreja Comunidade dos disc\u00edpulos Mission\u00e1rios de&nbsp;Jesus Cristo&#8221;, a par\u00f3quia Catedral de S\u00e3o Jos\u00e9, em Itabuna, no sul da&nbsp;Bahia, realizou hoje, 19 de mar\u00e7o, a festa em honra ao glorioso S\u00e3o Jos\u00e9, padroeiro da Catedral, da cidade e da&nbsp;Diocese de Itabuna.<\/p>\n<p>O per\u00edodo de prepara\u00e7\u00e3o para este grandioso&nbsp;noven\u00e1rio teve in\u00edcio no dia&nbsp; 10 de mar\u00e7o e contou com celebra\u00e7\u00f5es&nbsp;eucar\u00edsticas, reza do ter\u00e7o, com a&nbsp;participa\u00e7\u00e3o das 33 par\u00f3quias dos&nbsp; 19 munic\u00edpios que comp\u00f5em a Diocese de&nbsp;Itabuna e todas as pastorais, movimentos, grupos de servi\u00e7os e v\u00e1rias&nbsp;institui\u00e7\u00f5es.<br \/>\nVale ressaltar que al\u00e9m da Catedral, outras duas par\u00f3quias t\u00eam S\u00e3o Jos\u00e9 como seu padroeiro, sendo as cidades de:&nbsp;S\u00e3o Jos\u00e9 da Vitoria e Una.<\/p>\n<p><img loading=\"lazy\" decoding=\"async\" class=\"size-medium wp-image-63665 alignleft\" src=\"http:\/\/portalcatolico.net\/portal\/wp-content\/uploads\/2019\/03\/sem-t\u00edtulo-65-300x225.jpg\" alt=\"\" width=\"300\" height=\"225\" srcset=\"http:\/\/portalcatolico.net\/portal\/wp-content\/uploads\/2019\/03\/sem-t\u00edtulo-65-300x225.jpg 300w, http:\/\/portalcatolico.net\/portal\/wp-content\/uploads\/2019\/03\/sem-t\u00edtulo-65-768x576.jpg 768w, http:\/\/portalcatolico.net\/portal\/wp-content\/uploads\/2019\/03\/sem-t\u00edtulo-65-1024x768.jpg 1024w, http:\/\/portalcatolico.net\/portal\/wp-content\/uploads\/2019\/03\/sem-t\u00edtulo-65.jpg 2000w\" sizes=\"auto, (max-width: 300px) 100vw, 300px\" \/>Ontem tamb\u00e9m foi um dia especial, pois foi quando aconteceu a Missa Festiva&nbsp; de anivers\u00e1rio da Catedral com a&nbsp;presid\u00eancia do Bispo Em\u00e9rito da Diocese de Itabuna, Dom Ceslau Stanula e&nbsp;concelebra\u00e7\u00e3o por Dom Carlos Alberto, al\u00e9m&nbsp;&nbsp;de padres e di\u00e1conos da diocese.<br \/>\nOntem em Itabuna, a programa\u00e7\u00e3o foi marcada por tr\u00eas missas na&nbsp;Catedral de S\u00e3o Jos\u00e9 e pela tradicional prociss\u00e3o com a Imagem do santo pelas&nbsp;principais ruas e avenidas do centro da cidade. O encerramento deste dia t\u00e3o especial, aconteceu com a&nbsp;ben\u00e7\u00e3o do Sant\u00edssimo Sacramento.<\/p>\n<p>A primeira missa aconteceu \u00e0s 7h, a segunda missa aconteceu \u00e0s 10h missa solene e foi&nbsp;presidida por Dom Carlos Alberto e concelebrada por Dom Ceslau Stanula. O prefeito de Itabuna se fez presente,&nbsp;assim como vereadores, secretariados, entre outras autoridades.<\/p>\n<p>Na oportunidade, Dom Carlos falou sobre o glorioso padroeiro: &#8220;S\u00e3o Jos\u00e9 foi um homem de f\u00e9, homem piedoso e homem obediente&#8221;.<\/p>\n<p>\u00c0s 15h, teve a&nbsp;&nbsp;missa dos romeiros e b\u00ean\u00e7\u00e3o dos objetos com a presid\u00eancia&nbsp;do Pe. Jos\u00e9 Roberto, p\u00e1roco na Par\u00f3quia Nossa Senhora da Concei\u00e7\u00e3o do&nbsp;bairro&nbsp; Ferradas. \u00c0s&nbsp;16h30, aproximadamente 20 mil cat\u00f3licos fieis de&nbsp;Itabuna e de cidades circunvizinhas, prestigiaram e homenagearam S\u00e3o Jos\u00e9 em uma grandiosa prociss\u00e3o pelas principais ruas e&nbsp;avenidas do centro da cidade com ora\u00e7\u00e3o, m\u00fasica e muito louvor.<\/p>\n<p>No final da prociss\u00e3o, Dom Carlos fez um&nbsp;convite especial para todos cat\u00f3licos fieis de Itabuna e regi\u00e3o: que todos participem da prociss\u00e3o de domingo de Ramos que acontecer\u00e1 no dia 14 de abril.<\/p>\n<p>Ao&nbsp;chegar na igreja matriz, o bispo Dom Carlos Alberto agradeceu a todos os&nbsp;que trabalharam&nbsp; e&nbsp; prestigiaram o noven\u00e1rio. Em seguida, o padre Gilvan&nbsp;de Sousa&nbsp;tamb\u00e9m fez seus agradecimentos&nbsp; finais.<\/p>\n<p>O bispo diocesano encerrou a festa com&nbsp; a b\u00ean\u00e7\u00e3o final do&nbsp;Sant\u00edssimo Sacramento \u00e0s 18h30.<\/p>\n<p>Confira todas as fotos em nossa p\u00e1gina no Facebook. <a href=\"https:\/\/www.facebook.com\/portalcatolicooficial\/\"><strong>Clique aqui<\/strong><\/a><\/p>\n<p><iframe loading=\"lazy\"  id=\"_ytid_86931\"  width=\"480\" height=\"270\"  data-origwidth=\"480\" data-origheight=\"270\" src=\"https:\/\/www.youtube.com\/embed\/NAUW4mEbCxg?enablejsapi=1&#038;autoplay=0&#038;cc_load_policy=0&#038;cc_lang_pref=&#038;iv_load_policy=1&#038;loop=0&#038;rel=1&#038;fs=1&#038;playsinline=0&#038;autohide=2&#038;theme=dark&#038;color=red&#038;controls=1&#038;disablekb=0&#038;\" class=\"__youtube_prefs__  epyt-is-override  no-lazyload\" title=\"YouTube player\"  allow=\"fullscreen; accelerometer; autoplay; clipboard-write; encrypted-media; gyroscope; picture-in-picture; web-share\" referrerpolicy=\"strict-origin-when-cross-origin\" allowfullscreen data-no-lazy=\"1\" data-skipgform_ajax_framebjll=\"\"><\/iframe><\/p>\n","protected":false},"excerpt":{"rendered":"<p>Com o tema central: &#8220;Igreja Comunidade dos disc\u00edpulos Mission\u00e1rios de&nbsp;Jesus Cristo&#8221;, a par\u00f3quia Catedral de S\u00e3o Jos\u00e9, em Itabuna, no sul da&nbsp;Bahia, realizou hoje, 19 de mar\u00e7o, a festa em honra ao glorioso S\u00e3o Jos\u00e9, padroeiro da Catedral, da cidade e da&nbsp;Diocese de Itabuna. O per\u00edodo de prepara\u00e7\u00e3o para este grandioso&nbsp;noven\u00e1rio teve in\u00edcio no dia&nbsp;&nbsp;<\/p>\n<p><a class=\"btn btn-style\" href=\"http:\/\/portalcatolico.net\/portal\/20-mil-fieis-celebram-sao-jose-o-padroeiro-da-catedral-da-diocese-e-da-cidade-de-itabuna\/\">Continue Reading<\/a><\/p>\n","protected":false},"author":2,"featured_media":63657,"comment_status":"open","ping_status":"open","sticky":false,"template":"","format":"standard","meta":{"footnotes":""},"categories":[68],"tags":[],"class_list":["post-63655","post","type-post","status-publish","format-standard","has-post-thumbnail","hentry","category-homilias"],"_links":{"self":[{"href":"http:\/\/portalcatolico.net\/portal\/wp-json\/wp\/v2\/posts\/63655","targetHints":{"allow":["GET"]}}],"collection":[{"href":"http:\/\/portalcatolico.net\/portal\/wp-json\/wp\/v2\/posts"}],"about":[{"href":"http:\/\/portalcatolico.net\/portal\/wp-json\/wp\/v2\/types\/post"}],"author":[{"embeddable":true,"href":"http:\/\/portalcatolico.net\/portal\/wp-json\/wp\/v2\/users\/2"}],"replies":[{"embeddable":true,"href":"http:\/\/portalcatolico.net\/portal\/wp-json\/wp\/v2\/comments?post=63655"}],"version-history":[{"count":7,"href":"http:\/\/portalcatolico.net\/portal\/wp-json\/wp\/v2\/posts\/63655\/revisions"}],"predecessor-version":[{"id":63666,"href":"http:\/\/portalcatolico.net\/portal\/wp-json\/wp\/v2\/posts\/63655\/revisions\/63666"}],"wp:featuredmedia":[{"embeddable":true,"href":"http:\/\/portalcatolico.net\/portal\/wp-json\/wp\/v2\/media\/63657"}],"wp:attachment":[{"href":"http:\/\/portalcatolico.net\/portal\/wp-json\/wp\/v2\/media?parent=63655"}],"wp:term":[{"taxonomy":"category","embeddable":true,"href":"http:\/\/portalcatolico.net\/portal\/wp-json\/wp\/v2\/categories?post=63655"},{"taxonomy":"post_tag","embeddable":true,"href":"http:\/\/portalcatolico.net\/portal\/wp-json\/wp\/v2\/tags?post=63655"}],"curies":[{"name":"wp","href":"https:\/\/api.w.org\/{rel}","templated":true}]}}