{"id":63652,"date":"2019-03-20T06:16:11","date_gmt":"2019-03-20T09:16:11","guid":{"rendered":"http:\/\/portalcatolico.net\/portal\/?p=63652"},"modified":"2019-03-20T06:16:11","modified_gmt":"2019-03-20T09:16:11","slug":"retiro-para-os-vicentinos-acontece-em-itabuna","status":"publish","type":"post","link":"http:\/\/portalcatolico.net\/portal\/retiro-para-os-vicentinos-acontece-em-itabuna\/","title":{"rendered":"Retiro para os Vicentinos acontece em Itabuna"},"content":{"rendered":"<p>A Sociedade de S\u00e3o Vicente de Paulo&nbsp;&nbsp;(Conselho Central de Itabuna) &nbsp;e o departamento mission\u00e1rio&nbsp; realizaram&nbsp; neste domingo, 17\/03,&nbsp;&nbsp;o Retiro para os Vicentinos dos conselhos&nbsp;particulares de S\u00e3o Jos\u00e9&nbsp; e Santa Maria Goretti em prepara\u00e7\u00e3o \u00e0s miss\u00f5es&nbsp;em Itabuna.<\/p>\n<p>O evento aconteceu na&nbsp;Comunidade de S\u00e3o Vicente Maria Estranb na par\u00f3quia Santa Maria Goretti,&nbsp;situada no bairro Mangabinha.<\/p>\n<p>&nbsp;Foram momentos de b\u00ean\u00e7\u00e3os e viv\u00eancia do per\u00edodo&nbsp;quaresmal&nbsp; que nos chama a viver a caridade que \u00e9&nbsp; Nosso carisma.<br \/>\nVivendo-o&nbsp; \u00e9 estrada para nossa Santifica\u00e7\u00e3o.&nbsp; Servir aos pobres como&nbsp;nossos senhores e mestres.<\/p>\n<p>Fotos e texto enviado por: SSVP<\/p>\n<p>Edi\u00e7\u00e3o de texto: Reda\u00e7\u00e3o do Portal Cat\u00f3lico<\/p>\n","protected":false},"excerpt":{"rendered":"<p>A Sociedade de S\u00e3o Vicente de Paulo&nbsp;&nbsp;(Conselho Central de Itabuna) &nbsp;e o departamento mission\u00e1rio&nbsp; realizaram&nbsp; neste domingo, 17\/03,&nbsp;&nbsp;o Retiro para os Vicentinos dos conselhos&nbsp;particulares de S\u00e3o Jos\u00e9&nbsp; e Santa Maria Goretti em prepara\u00e7\u00e3o \u00e0s miss\u00f5es&nbsp;em Itabuna. O evento aconteceu na&nbsp;Comunidade de S\u00e3o Vicente Maria Estranb na par\u00f3quia Santa Maria Goretti,&nbsp;situada no bairro Mangabinha. &nbsp;Foram momentos&nbsp;<\/p>\n<p><a class=\"btn btn-style\" href=\"http:\/\/portalcatolico.net\/portal\/retiro-para-os-vicentinos-acontece-em-itabuna\/\">Continue Reading<\/a><\/p>\n","protected":false},"author":2,"featured_media":63653,"comment_status":"open","ping_status":"open","sticky":false,"template":"","format":"standard","meta":{"footnotes":""},"categories":[4],"tags":[],"class_list":["post-63652","post","type-post","status-publish","format-standard","has-post-thumbnail","hentry","category-destaques"],"_links":{"self":[{"href":"http:\/\/portalcatolico.net\/portal\/wp-json\/wp\/v2\/posts\/63652","targetHints":{"allow":["GET"]}}],"collection":[{"href":"http:\/\/portalcatolico.net\/portal\/wp-json\/wp\/v2\/posts"}],"about":[{"href":"http:\/\/portalcatolico.net\/portal\/wp-json\/wp\/v2\/types\/post"}],"author":[{"embeddable":true,"href":"http:\/\/portalcatolico.net\/portal\/wp-json\/wp\/v2\/users\/2"}],"replies":[{"embeddable":true,"href":"http:\/\/portalcatolico.net\/portal\/wp-json\/wp\/v2\/comments?post=63652"}],"version-history":[{"count":1,"href":"http:\/\/portalcatolico.net\/portal\/wp-json\/wp\/v2\/posts\/63652\/revisions"}],"predecessor-version":[{"id":63654,"href":"http:\/\/portalcatolico.net\/portal\/wp-json\/wp\/v2\/posts\/63652\/revisions\/63654"}],"wp:featuredmedia":[{"embeddable":true,"href":"http:\/\/portalcatolico.net\/portal\/wp-json\/wp\/v2\/media\/63653"}],"wp:attachment":[{"href":"http:\/\/portalcatolico.net\/portal\/wp-json\/wp\/v2\/media?parent=63652"}],"wp:term":[{"taxonomy":"category","embeddable":true,"href":"http:\/\/portalcatolico.net\/portal\/wp-json\/wp\/v2\/categories?post=63652"},{"taxonomy":"post_tag","embeddable":true,"href":"http:\/\/portalcatolico.net\/portal\/wp-json\/wp\/v2\/tags?post=63652"}],"curies":[{"name":"wp","href":"https:\/\/api.w.org\/{rel}","templated":true}]}}