{"id":63634,"date":"2019-03-18T11:57:32","date_gmt":"2019-03-18T14:57:32","guid":{"rendered":"http:\/\/portalcatolico.net\/portal\/?p=63634"},"modified":"2019-03-18T12:02:52","modified_gmt":"2019-03-18T15:02:52","slug":"forania-norte-reune-liderancas-para-formacao-catequetica-liturgica","status":"publish","type":"post","link":"http:\/\/portalcatolico.net\/portal\/forania-norte-reune-liderancas-para-formacao-catequetica-liturgica\/","title":{"rendered":"Forania Norte re\u00fane lideran\u00e7as para forma\u00e7\u00e3o catequ\u00e9tica-lit\u00fargica"},"content":{"rendered":"<p><em><img loading=\"lazy\" decoding=\"async\" class=\"wp-image-63637 aligncenter\" src=\"http:\/\/portalcatolico.net\/portal\/wp-content\/uploads\/2019\/03\/b0c1f61b-d651-43e2-b4d3-e32893ca4e31-300x225.jpg\" alt=\"\" width=\"720\" height=\"540\" srcset=\"http:\/\/portalcatolico.net\/portal\/wp-content\/uploads\/2019\/03\/b0c1f61b-d651-43e2-b4d3-e32893ca4e31-300x225.jpg 300w, http:\/\/portalcatolico.net\/portal\/wp-content\/uploads\/2019\/03\/b0c1f61b-d651-43e2-b4d3-e32893ca4e31-768x576.jpg 768w, http:\/\/portalcatolico.net\/portal\/wp-content\/uploads\/2019\/03\/b0c1f61b-d651-43e2-b4d3-e32893ca4e31-1024x768.jpg 1024w, http:\/\/portalcatolico.net\/portal\/wp-content\/uploads\/2019\/03\/b0c1f61b-d651-43e2-b4d3-e32893ca4e31.jpg 1145w\" sizes=\"auto, (max-width: 720px) 100vw, 720px\" \/><\/em><\/p>\n<p><em>No dia 17 de mar\u00e7o a cidade de Firmino Alves acolheu quase 300 lideran\u00e7as, entre elas, catequistas e fi\u00e9is envolvidos com a liturgia. Foi um dia intenso, mas muito proveitoso. As 8 par\u00f3quias da forania marcaram presen\u00e7a com n\u00famero expressivo de lideran\u00e7as.<\/em><\/p>\n<p><em>A forma\u00e7\u00e3o tratou dos temas: A pessoa do catequista, sua miss\u00e3o e espiritualidade. Padre Augusto foi o facilitador da tem\u00e1tica. Danilo falou sobre a organiza\u00e7\u00e3o da pastoral catequ\u00e9tica. A equipe diocesana de liturgia apresentou a Missa parte a parte e a import\u00e2ncia do catequista na liturgia.<\/em><\/p>\n<p><em>Durante as exposi\u00e7\u00f5es dos temas percebeu-se o interesse dos encontristas. Muitas d\u00favidas e intera\u00e7\u00e3o, o que \u00e9 muito bom, pois significa a disponibilidade em guardar melhor o conte\u00fado que foi apresentado. O encontro se encerrou com a santa missa presidida pelo nosso bispo, Dom Carlos Alberto dos Santos.<\/em><\/p>\n<p><em>&nbsp;<\/em><em>Mat\u00e9ria e edi\u00e7\u00e3o de texto: Padre Jos\u00e9 Augusto\/Par\u00f3quia Santa Terezinha&nbsp;em Potiragu\u00e1&nbsp;<\/em><\/p>\n<p><img loading=\"lazy\" decoding=\"async\" class=\"alignnone size-medium wp-image-63640\" src=\"http:\/\/portalcatolico.net\/portal\/wp-content\/uploads\/2019\/03\/8eceaf78-457d-49ee-95ca-3992ac745ce3-300x225.jpg\" alt=\"\" width=\"300\" height=\"225\" srcset=\"http:\/\/portalcatolico.net\/portal\/wp-content\/uploads\/2019\/03\/8eceaf78-457d-49ee-95ca-3992ac745ce3-300x225.jpg 300w, http:\/\/portalcatolico.net\/portal\/wp-content\/uploads\/2019\/03\/8eceaf78-457d-49ee-95ca-3992ac745ce3-768x576.jpg 768w, http:\/\/portalcatolico.net\/portal\/wp-content\/uploads\/2019\/03\/8eceaf78-457d-49ee-95ca-3992ac745ce3-1024x768.jpg 1024w, http:\/\/portalcatolico.net\/portal\/wp-content\/uploads\/2019\/03\/8eceaf78-457d-49ee-95ca-3992ac745ce3.jpg 1145w\" sizes=\"auto, (max-width: 300px) 100vw, 300px\" \/> <img loading=\"lazy\" decoding=\"async\" class=\"alignnone  wp-image-63641\" src=\"http:\/\/portalcatolico.net\/portal\/wp-content\/uploads\/2019\/03\/b5200de4-46cb-4815-bac7-7c040283c305-300x180.jpg\" alt=\"\" width=\"372\" height=\"223\" srcset=\"http:\/\/portalcatolico.net\/portal\/wp-content\/uploads\/2019\/03\/b5200de4-46cb-4815-bac7-7c040283c305-300x180.jpg 300w, http:\/\/portalcatolico.net\/portal\/wp-content\/uploads\/2019\/03\/b5200de4-46cb-4815-bac7-7c040283c305-768x461.jpg 768w, http:\/\/portalcatolico.net\/portal\/wp-content\/uploads\/2019\/03\/b5200de4-46cb-4815-bac7-7c040283c305-1024x614.jpg 1024w, http:\/\/portalcatolico.net\/portal\/wp-content\/uploads\/2019\/03\/b5200de4-46cb-4815-bac7-7c040283c305.jpg 1280w\" sizes=\"auto, (max-width: 372px) 100vw, 372px\" \/><\/p>\n","protected":false},"excerpt":{"rendered":"<p>No dia 17 de mar\u00e7o a cidade de Firmino Alves acolheu quase 300 lideran\u00e7as, entre elas, catequistas e fi\u00e9is envolvidos com a liturgia. Foi um dia intenso, mas muito proveitoso. As 8 par\u00f3quias da forania marcaram presen\u00e7a com n\u00famero expressivo de lideran\u00e7as. A forma\u00e7\u00e3o tratou dos temas: A pessoa do catequista, sua miss\u00e3o e espiritualidade.&nbsp;<\/p>\n<p><a class=\"btn btn-style\" href=\"http:\/\/portalcatolico.net\/portal\/forania-norte-reune-liderancas-para-formacao-catequetica-liturgica\/\">Continue Reading<\/a><\/p>\n","protected":false},"author":2,"featured_media":63635,"comment_status":"open","ping_status":"open","sticky":false,"template":"","format":"standard","meta":{"footnotes":""},"categories":[4],"tags":[],"class_list":["post-63634","post","type-post","status-publish","format-standard","has-post-thumbnail","hentry","category-destaques"],"_links":{"self":[{"href":"http:\/\/portalcatolico.net\/portal\/wp-json\/wp\/v2\/posts\/63634","targetHints":{"allow":["GET"]}}],"collection":[{"href":"http:\/\/portalcatolico.net\/portal\/wp-json\/wp\/v2\/posts"}],"about":[{"href":"http:\/\/portalcatolico.net\/portal\/wp-json\/wp\/v2\/types\/post"}],"author":[{"embeddable":true,"href":"http:\/\/portalcatolico.net\/portal\/wp-json\/wp\/v2\/users\/2"}],"replies":[{"embeddable":true,"href":"http:\/\/portalcatolico.net\/portal\/wp-json\/wp\/v2\/comments?post=63634"}],"version-history":[{"count":4,"href":"http:\/\/portalcatolico.net\/portal\/wp-json\/wp\/v2\/posts\/63634\/revisions"}],"predecessor-version":[{"id":63642,"href":"http:\/\/portalcatolico.net\/portal\/wp-json\/wp\/v2\/posts\/63634\/revisions\/63642"}],"wp:featuredmedia":[{"embeddable":true,"href":"http:\/\/portalcatolico.net\/portal\/wp-json\/wp\/v2\/media\/63635"}],"wp:attachment":[{"href":"http:\/\/portalcatolico.net\/portal\/wp-json\/wp\/v2\/media?parent=63634"}],"wp:term":[{"taxonomy":"category","embeddable":true,"href":"http:\/\/portalcatolico.net\/portal\/wp-json\/wp\/v2\/categories?post=63634"},{"taxonomy":"post_tag","embeddable":true,"href":"http:\/\/portalcatolico.net\/portal\/wp-json\/wp\/v2\/tags?post=63634"}],"curies":[{"name":"wp","href":"https:\/\/api.w.org\/{rel}","templated":true}]}}