{"id":63627,"date":"2019-03-18T06:20:48","date_gmt":"2019-03-18T09:20:48","guid":{"rendered":"http:\/\/portalcatolico.net\/portal\/?p=63627"},"modified":"2019-03-21T17:02:28","modified_gmt":"2019-03-21T20:02:28","slug":"vem-ai-o-mutirao-das-confissoes-em-itabuna","status":"publish","type":"post","link":"http:\/\/portalcatolico.net\/portal\/vem-ai-o-mutirao-das-confissoes-em-itabuna\/","title":{"rendered":"Vem a\u00ed o Mutir\u00e3o das Confiss\u00f5es em Itabuna!"},"content":{"rendered":"<div dir=\"auto\">A Quaresma \u00e9, para os cat\u00f3licos, um forte per\u00edodo de convers\u00e3o e penit\u00eancia, no qual todos s\u00e3o convidados \u00e0 reflex\u00e3o e \u00e0 aproxima\u00e7\u00e3o de Deus.<\/div>\n<div dir=\"auto\">Um dos instrumentos para que esse objetivo seja cumprido \u00e9 o Sacramento da Confiss\u00e3o. A confiss\u00e3o \u00e9 o sacramento do reconhecimento e louvor da santidade de Deus e da sua miseric\u00f3rdia para com o homem pecador.<\/div>\n<div dir=\"auto\">\u00c9 o sacramento do perd\u00e3o, porque, pela absolvi\u00e7\u00e3o sacramental do sacerdote, Deus concede ao penitente o perd\u00e3o e a paz.&nbsp;<\/div>\n<div dir=\"auto\">\n<p>Reconhecendo a necessidade dos fieis \u00e0 Diocese de Itabuna, no sul da Bahia, estar\u00e1 realizando mutir\u00e3o de confiss\u00f5es durante os dias 01 a 05 de abril, na Faronia Centro na cidade de Itabuna, que \u00e9 composta por 14 par\u00f3quias.&nbsp;<\/p>\n<\/div>\n<div dir=\"auto\" style=\"text-align: left;\">Confira o dia e a par\u00f3quia onde ser\u00e3o realizadas as confiss\u00f5es:&nbsp;<\/div>\n<div dir=\"auto\">\n<div dir=\"auto\" style=\"text-align: center;\"><strong>Dia 01\/04-Segunda-feira: Par\u00f3quia Santa In\u00eas.<\/strong><\/div>\n<div dir=\"auto\">A igreja situa-se no bairro Santa In\u00eas. Os padres que est\u00e3o dispon\u00edveis neste dia para as confiss\u00f5es s\u00e3o: Adriano Fernandes, Junior Jacinto, Gilmar ,Padre Jose Roberto e Pe. Frei Ivanilton Oliveira (Servitano).<\/div>\n<div dir=\"auto\">&nbsp;<\/div>\n<div dir=\"auto\" style=\"text-align: center;\"><strong> Par\u00f3quia Nossa Senhora Aparecida<\/strong><\/div>\n<div dir=\"auto\">\n<p>A igreja situa-se no bairro Calif\u00f3rnia. Padres: Ezequias Gon\u00e7alves, Ac\u00e1ssio Alves, Jos\u00e9 Andrade Paz, Nicolau Klak, Jos\u00e9 Roberto e Ed\u00edlson Santana (Passionista). Par\u00f3quia Santa Maria Madalena:&nbsp; A Igreja situa-se no bairro Nova Itabuna. Os padres s\u00e3o os seguintes: Tony Val\u00e9rio, Manoel Carlos, Gilmar, (Pe. Frei Ivanilton e Frei Everton- Frades Servitanos).<\/p>\n<\/div>\n<div dir=\"auto\" style=\"text-align: center;\"><strong>Dia 02\/04-Ter\u00e7a-feira: Par\u00f3quia S\u00e3o Judas Tadeu&nbsp;<\/strong><\/div>\n<div dir=\"auto\">A Igreja situa-se na Avenida Ilh\u00e9us, bairro Cast\u00e1lia. Os Padres que ir\u00e3o estar no confession\u00e1rio: Ac\u00e1ssio Alves, Jos\u00e9 Andrade, Jos\u00e9 Roberto, Reinaldo Jacinto Junior, Ezequias Gon\u00e7alves, Gilvan Oliveira e Adilson Santana, (Passionista).&nbsp;<\/div>\n<div dir=\"auto\">&nbsp;<\/div>\n<div dir=\"auto\" style=\"text-align: center;\"><strong>Par\u00f3quia Nossa Senhora de F\u00e1tima<\/strong><\/div>\n<div dir=\"auto\">\n<p>A igreja situa-se no bairro de F\u00e1tima. Padres que ir\u00e3o atender confiss\u00f5es: Nicolau Klak, Gilmar Oliveira, Adriano Fernandes, Manoel Carlos, Tony Val\u00e9rio, Frei Jos\u00e9 Gen\u00edlton, OFM Cap (Frades Menores Capuchinhos) e os Frades Servitanos sendo: Frei Ivanilton Oliveira e Frei Everton Francisco, MsS).<\/p>\n<\/div>\n<div dir=\"auto\" style=\"text-align: center;\"><strong>Dia 03\/04-Quarta-feira:&nbsp; Par\u00f3quia Nossa Senhora da Concei\u00e7\u00e3o&nbsp;<\/strong><\/div>\n<div dir=\"auto\">A igreja situa-se no bairro Ferradas. Padres que ir\u00e3o atender as confiss\u00f5es: Jos\u00e9 Roberto, Gilmar Oliveira, Tony Val\u00e9rio, Gilvan Oliveira, Adriano Fernandes, Reinaldo Jacinto Junior e Ezequias Gon\u00e7alves.&nbsp;<\/div>\n<div dir=\"auto\" style=\"text-align: center;\"><strong>Par\u00f3quia Santa Rita de C\u00e1ssia<\/strong><\/div>\n<div dir=\"auto\">\n<p>A igreja situa-se no bairro S\u00e3o Caetano.Padres que ir\u00e3o atender as confiss\u00f5es: Pe. Frei Jos\u00e9 Genilton, OFM Cap (Frades Menores Capuchinhos), Ac\u00e1ssio Alves, Manoel Carlos, Nicolau Klak, Jos\u00e9 Roberto, Jos\u00e9 Andrade, e os( Frades Servitanos), Frei Ivanilton Oliveira, MsS e Frei Everton Francisco, MsS) e Pe. Ed\u00edlson Santana (Passionista).&nbsp;<\/p>\n<\/div>\n<div dir=\"auto\" style=\"text-align: center;\"><strong>Dia 04\/04-Quinta-feira: Par\u00f3quia Nossa Senhora das Vit\u00f3rias<\/strong><\/div>\n<div dir=\"auto\">A Igreja situa-se no bairro Nossa Senhora das Vit\u00f3rias. Padres que ir\u00e3o atender as confiss\u00f5es: Gilmar Oliveira, Jos\u00e9 Roberto, Nicolau Klak, Gilvan Oliveira, Pe. Frei Jos\u00e9 Gen\u00edlton, OFM Cap (Frades Menores Capuchinhos) e os Frades Servitanos: Frei Ivanilton Oliveira, MsS e Frei Everton Francisco, MsS).<\/div>\n<div dir=\"auto\">&nbsp;<\/div>\n<div dir=\"auto\" style=\"text-align: center;\"><strong>Par\u00f3quia Nossa Senhora da Concei\u00e7\u00e3o.<\/strong><\/div>\n<div dir=\"auto\">\n<p>A igreja situa-se no bairro Concei\u00e7\u00e3o.Padres que ir\u00e3o atender as confiss\u00f5es: Adriano Fernandes, Jos\u00e9 Roberto, Ezequias Gon\u00e7alves, Tony Val\u00e9rio, Ac\u00e1ssio Alves, Reinaldo Jacinto Junior, Jos\u00e9 Andrade, Manoel Carlos e Ed\u00edlson Santana (Passionista).&nbsp;<\/p>\n<\/div>\n<div dir=\"auto\" style=\"text-align: center;\"><strong>Dia 05\/04-Sexta-feira:&nbsp; Par\u00f3quia Catedral S\u00e3o Jos\u00e9.<\/strong><\/div>\n<div dir=\"auto\">A Igreja situa-se na rua Na\u00e7\u00f5es Unidas no Centro.Padres que ir\u00e3o atender as confiss\u00f5es: Gilvan Oliveira, Jos\u00e9 Roberto, Ezequias Gon\u00e7alves, Reinaldo Jacinto J\u00fanior, Jos\u00e9 Andrade, Ac\u00e1ssio Alves, Manoel Carlos.<\/div>\n<div dir=\"auto\" style=\"text-align: center;\"><strong>Par\u00f3quia Santa Maria Goretti<\/strong><\/div>\n<div dir=\"auto\">A Igreja situa-se no bairro Mangabinha.Padres que ir\u00e3o atender as confiss\u00f5es: Adilson Santana (Passionista),Jos\u00e9 Roberto, Adriano Fernandes, Nicolau Klak, Tony Val\u00e9rio, Gilmar Oliveira ,Frei Jos\u00e9 Gen\u00edlton, OFM Cap, Frades Menores Capuchinhos e os Frades Servitanos: Frei Ivanilton Oliveira, MsS e Frei Everton Francisco, MsS.&nbsp;<\/div>\n<div dir=\"auto\">Vale ressaltar que n\u00e3o acontecer\u00e3o as celebra\u00e7\u00f5es \u00e0s 19h nas par\u00f3quias, para que todos os padres estejam dispon\u00edveis no Mutir\u00e3o das Confiss\u00f5es.<\/div>\n<\/div>\n<div dir=\"auto\">&nbsp;<\/div>\n<div dir=\"auto\">Foto:Divulga\u00e7\u00e3o<\/div>\n<h3 dir=\"auto\" style=\"text-align: center;\"><strong>Mutir\u00e3o de Confiss\u00f5es na Faronia Norte<\/strong><\/h3>\n<div dir=\"auto\"><img loading=\"lazy\" decoding=\"async\" class=\"alignnone  wp-image-63683\" src=\"http:\/\/portalcatolico.net\/portal\/wp-content\/uploads\/2019\/03\/IMG-20190320-WA0043-232x300.jpg\" alt=\"\" width=\"736\" height=\"952\" srcset=\"http:\/\/portalcatolico.net\/portal\/wp-content\/uploads\/2019\/03\/IMG-20190320-WA0043-232x300.jpg 232w, http:\/\/portalcatolico.net\/portal\/wp-content\/uploads\/2019\/03\/IMG-20190320-WA0043-768x993.jpg 768w, http:\/\/portalcatolico.net\/portal\/wp-content\/uploads\/2019\/03\/IMG-20190320-WA0043-792x1024.jpg 792w, http:\/\/portalcatolico.net\/portal\/wp-content\/uploads\/2019\/03\/IMG-20190320-WA0043.jpg 839w\" sizes=\"auto, (max-width: 736px) 100vw, 736px\" \/><\/div>\n","protected":false},"excerpt":{"rendered":"<p>A Quaresma \u00e9, para os cat\u00f3licos, um forte per\u00edodo de convers\u00e3o e penit\u00eancia, no qual todos s\u00e3o convidados \u00e0 reflex\u00e3o e \u00e0 aproxima\u00e7\u00e3o de Deus. Um dos instrumentos para que esse objetivo seja cumprido \u00e9 o Sacramento da Confiss\u00e3o. A confiss\u00e3o \u00e9 o sacramento do reconhecimento e louvor da santidade de Deus e da sua&nbsp;<\/p>\n<p><a class=\"btn btn-style\" href=\"http:\/\/portalcatolico.net\/portal\/vem-ai-o-mutirao-das-confissoes-em-itabuna\/\">Continue Reading<\/a><\/p>\n","protected":false},"author":2,"featured_media":63631,"comment_status":"open","ping_status":"open","sticky":false,"template":"","format":"standard","meta":{"footnotes":""},"categories":[4],"tags":[],"class_list":["post-63627","post","type-post","status-publish","format-standard","has-post-thumbnail","hentry","category-destaques"],"_links":{"self":[{"href":"http:\/\/portalcatolico.net\/portal\/wp-json\/wp\/v2\/posts\/63627","targetHints":{"allow":["GET"]}}],"collection":[{"href":"http:\/\/portalcatolico.net\/portal\/wp-json\/wp\/v2\/posts"}],"about":[{"href":"http:\/\/portalcatolico.net\/portal\/wp-json\/wp\/v2\/types\/post"}],"author":[{"embeddable":true,"href":"http:\/\/portalcatolico.net\/portal\/wp-json\/wp\/v2\/users\/2"}],"replies":[{"embeddable":true,"href":"http:\/\/portalcatolico.net\/portal\/wp-json\/wp\/v2\/comments?post=63627"}],"version-history":[{"count":11,"href":"http:\/\/portalcatolico.net\/portal\/wp-json\/wp\/v2\/posts\/63627\/revisions"}],"predecessor-version":[{"id":63684,"href":"http:\/\/portalcatolico.net\/portal\/wp-json\/wp\/v2\/posts\/63627\/revisions\/63684"}],"wp:featuredmedia":[{"embeddable":true,"href":"http:\/\/portalcatolico.net\/portal\/wp-json\/wp\/v2\/media\/63631"}],"wp:attachment":[{"href":"http:\/\/portalcatolico.net\/portal\/wp-json\/wp\/v2\/media?parent=63627"}],"wp:term":[{"taxonomy":"category","embeddable":true,"href":"http:\/\/portalcatolico.net\/portal\/wp-json\/wp\/v2\/categories?post=63627"},{"taxonomy":"post_tag","embeddable":true,"href":"http:\/\/portalcatolico.net\/portal\/wp-json\/wp\/v2\/tags?post=63627"}],"curies":[{"name":"wp","href":"https:\/\/api.w.org\/{rel}","templated":true}]}}