{"id":63623,"date":"2019-03-17T11:24:34","date_gmt":"2019-03-17T14:24:34","guid":{"rendered":"http:\/\/portalcatolico.net\/portal\/?p=63623"},"modified":"2019-03-17T11:24:34","modified_gmt":"2019-03-17T14:24:34","slug":"a-quaresma-e-o-caminho-de-nossa-transfiguracao-em-cristo-diz-dom-aldemiro-durante-homilia","status":"publish","type":"post","link":"http:\/\/portalcatolico.net\/portal\/a-quaresma-e-o-caminho-de-nossa-transfiguracao-em-cristo-diz-dom-aldemiro-durante-homilia\/","title":{"rendered":"\u201cA Quaresma \u00e9 o caminho de nossa transfigura\u00e7\u00e3o em Cristo\u201d, diz Dom Aldemiro durante homilia"},"content":{"rendered":"<p>A Transfigura\u00e7\u00e3o do Senhor \u00e9, pois, um sinal e uma antecipa\u00e7\u00e3o n\u00e3o s\u00f3 da glorifica\u00e7\u00e3o de Cristo na sua Ressurrei\u00e7\u00e3o, mas tamb\u00e9m da nossa pr\u00f3pria glorifica\u00e7\u00e3o, quando formos revestidos do fulgor da gl\u00f3ria de Deus e \u00abo nosso corpo miser\u00e1vel se tornar semelhante ao Corpo glorioso de Jesus\u00bb.<\/p>\n<p>Na manh\u00e3 deste domingo (17), o bispo diocesano de Guarabira, Dom Aldemiro Sena, presidiu a celebra\u00e7\u00e3o eucar\u00edstica na Catedral de Guarabira. Como acontece semanalmente, muitos fi\u00e9is participaram da Santa Missa.<\/p>\n<p>Em sua homilia, Dom Aldemiro lembrou: estamos no 2\u00ba domingo da Quaresma.&nbsp; A Liturgia nos convida a subir o Monte Tabor&nbsp; para fortalecer a nossa f\u00e9 em nossa caminhada quaresmal. A Quaresma \u00e9 o caminho de nossa transfigura\u00e7\u00e3o em Cristo. O Tabor \u00e9 uma parada que Jesus faz em sua caminhada para o Calv\u00e1rio.&nbsp; \u00c9 o lugar onde Deus reanima seus amigos e lhes d\u00e1 as for\u00e7as necess\u00e1rias para chegar tamb\u00e9m eles \u00e0 cruz.<\/p>\n<p>As leituras deste domingo convidam-nos a refletir sobre a nossa \u201ctransfigura\u00e7\u00e3o\u201d, a nossa convers\u00e3o \u00e0 vida nova de Deus; nesse sentido, s\u00e3o-nos apresentadas algumas pistas.<\/p>\n<p>A Transfigura\u00e7\u00e3o do Senhor \u00e9, pois, um sinal e uma antecipa\u00e7\u00e3o n\u00e3o s\u00f3 da glorifica\u00e7\u00e3o de Cristo na sua Ressurrei\u00e7\u00e3o, mas tamb\u00e9m da nossa pr\u00f3pria glorifica\u00e7\u00e3o, quando formos revestidos do fulgor da gl\u00f3ria de Deus e \u00ab<em>o nosso corpo miser\u00e1vel se tornar semelhante ao Corpo glorioso de Jesus<\/em>\u00bb.<\/p>\n<p>No Evangelho, relato da transfigura\u00e7\u00e3o de Jesus, mais do que uma cr\u00f4nica fotogr\u00e1fica de acontecimentos, \u00e9 uma p\u00e1gina de teologia; a\u00ed, apresenta-se uma catequese sobre Jesus, o Filho amado de Deus, que atrav\u00e9s da cruz concretiza um projeto de vida.<\/p>\n<p>O epis\u00f3dio est\u00e1 cheio de refer\u00eancias ao Antigo Testamento. O \u201cmonte\u201d situa-nos num contexto de revela\u00e7\u00e3o (\u00e9 \u201cno monte\u201d que Deus Se revela e que faz alian\u00e7a com o seu Povo); a \u201cmudan\u00e7a\u201d do rosto e as vestes de brancura resplandecente recordam o resplendor de Mois\u00e9s, ao descer do Sinai (cf. Ex 34,29); a nuvem indica a presen\u00e7a de Deus conduzindo o seu Povo atrav\u00e9s do deserto (cf. Ex 40,35; Nm 9,18.22;10,34).<\/p>\n<p>Mois\u00e9s e Elias representam a Lei e os Profetas (que anunciam Jesus e que permitem entender Jesus); al\u00e9m disso, s\u00e3o personagens que, de acordo com a catequese judaica, deviam aparecer no \u201cdia do Senhor\u201d, quando se manifestasse a salva\u00e7\u00e3o definitiva (cf. Dt 18,15-18; Mal 3,22-23). Eles falam com Jesus sobre a sua \u201cmorte\u201d (\u201cexodon\u201d \u2013 \u201cpartida\u201d) que ia dar-se em Jerusal\u00e9m. A palavra usada por Lucas situa-nos no contexto do \u201c\u00eaxodo\u201d: a morte pr\u00f3xima de Jesus \u00e9, pois, vista por Lucas como uma morte libertadora, que trar\u00e1 o Povo de Deus da terra da escravid\u00e3o para a terra da liberdade.<\/p>\n<figure id=\"attachment_7556\" class=\"wp-caption aligncenter\"><a class=\"td-modal-image\" href=\"http:\/\/www.diocesedeguarabira.com.br\/wp-content\/uploads\/2019\/03\/Dom-Aldemiro-Roxo.jpg\"><img loading=\"lazy\" decoding=\"async\" class=\"wp-image-7556 size-large td-animation-stack-type0-2\" src=\"http:\/\/www.diocesedeguarabira.com.br\/wp-content\/uploads\/2019\/03\/Dom-Aldemiro-Roxo-1024x683.jpg\" sizes=\"auto, (max-width: 696px) 100vw, 696px\" srcset=\"http:\/\/www.diocesedeguarabira.com.br\/wp-content\/uploads\/2019\/03\/Dom-Aldemiro-Roxo-1024x683.jpg 1024w, http:\/\/www.diocesedeguarabira.com.br\/wp-content\/uploads\/2019\/03\/Dom-Aldemiro-Roxo-300x200.jpg 300w, http:\/\/www.diocesedeguarabira.com.br\/wp-content\/uploads\/2019\/03\/Dom-Aldemiro-Roxo-768x512.jpg 768w, http:\/\/www.diocesedeguarabira.com.br\/wp-content\/uploads\/2019\/03\/Dom-Aldemiro-Roxo-696x464.jpg 696w, http:\/\/www.diocesedeguarabira.com.br\/wp-content\/uploads\/2019\/03\/Dom-Aldemiro-Roxo-1068x712.jpg 1068w, http:\/\/www.diocesedeguarabira.com.br\/wp-content\/uploads\/2019\/03\/Dom-Aldemiro-Roxo-630x420.jpg 630w\" alt=\"\" width=\"696\" height=\"464\"><\/a><figcaption class=\"wp-caption-text\">Foto: Pascom da Catedral<\/figcaption><\/figure>\n<p>O bispo diocesano continua: a mensagem fundamental \u00e9, portanto, esta: Jesus \u00e9 o Filho amado de Deus, atrav\u00e9s de quem o Pai oferece aos homens uma proposta de alian\u00e7a e de liberta\u00e7\u00e3o. O Antigo Testamento (Lei e Profetas) e as figuras de Mois\u00e9s e Elias apontam para Jesus e anunciam a salva\u00e7\u00e3o definitiva que, n\u2019Ele, ir\u00e1 acontecer. Essa liberta\u00e7\u00e3o definitiva dar-se-\u00e1 na cruz, quando Jesus cumprir integralmente o seu destino de entrega, de dom, de amor total. \u00c9 esse o \u201cnovo \u00eaxodo\u201d, o dia da liberta\u00e7\u00e3o definitiva do Povo de Deus.<\/p>\n<p>E o \u201csono\u201d dos disc\u00edpulos e as \u201ctendas\u201d? O \u201csono\u201d \u00e9 simb\u00f3lico: os disc\u00edpulos \u201cdormem\u201d porque n\u00e3o querem entender que a \u201cgl\u00f3ria\u201d do Messias tenha de passar pela experi\u00eancia da cruz e da entrega da vida; a constru\u00e7\u00e3o das \u201ctendas\u201d (alus\u00e3o \u00e0 \u201cfesta das tendas\u201d, em que se celebrava o tempo do \u00eaxodo, quando o Povo de Deus habitou em \u201ctendas, no deserto?) parece significar que os disc\u00edpulos queriam deter-se nesse momento de revela\u00e7\u00e3o gloriosa, de festa, ignorando o destino de sofrimento de Jesus.<\/p>\n<p><strong>Texto e fotos: Pascom \u2013 Pastoral da Comunica\u00e7\u00e3o<\/strong><br \/>\n<strong>Diocese de Guarabira-<\/strong><b>Para\u00edba<\/b><\/p>\n<p>&nbsp;<\/p>\n","protected":false},"excerpt":{"rendered":"<p>A Transfigura\u00e7\u00e3o do Senhor \u00e9, pois, um sinal e uma antecipa\u00e7\u00e3o n\u00e3o s\u00f3 da glorifica\u00e7\u00e3o de Cristo na sua Ressurrei\u00e7\u00e3o, mas tamb\u00e9m da nossa pr\u00f3pria glorifica\u00e7\u00e3o, quando formos revestidos do fulgor da gl\u00f3ria de Deus e \u00abo nosso corpo miser\u00e1vel se tornar semelhante ao Corpo glorioso de Jesus\u00bb. Na manh\u00e3 deste domingo (17), o bispo&nbsp;<\/p>\n<p><a class=\"btn btn-style\" href=\"http:\/\/portalcatolico.net\/portal\/a-quaresma-e-o-caminho-de-nossa-transfiguracao-em-cristo-diz-dom-aldemiro-durante-homilia\/\">Continue Reading<\/a><\/p>\n","protected":false},"author":2,"featured_media":63624,"comment_status":"open","ping_status":"open","sticky":false,"template":"","format":"standard","meta":{"footnotes":""},"categories":[68],"tags":[],"class_list":["post-63623","post","type-post","status-publish","format-standard","has-post-thumbnail","hentry","category-homilias"],"_links":{"self":[{"href":"http:\/\/portalcatolico.net\/portal\/wp-json\/wp\/v2\/posts\/63623","targetHints":{"allow":["GET"]}}],"collection":[{"href":"http:\/\/portalcatolico.net\/portal\/wp-json\/wp\/v2\/posts"}],"about":[{"href":"http:\/\/portalcatolico.net\/portal\/wp-json\/wp\/v2\/types\/post"}],"author":[{"embeddable":true,"href":"http:\/\/portalcatolico.net\/portal\/wp-json\/wp\/v2\/users\/2"}],"replies":[{"embeddable":true,"href":"http:\/\/portalcatolico.net\/portal\/wp-json\/wp\/v2\/comments?post=63623"}],"version-history":[{"count":1,"href":"http:\/\/portalcatolico.net\/portal\/wp-json\/wp\/v2\/posts\/63623\/revisions"}],"predecessor-version":[{"id":63625,"href":"http:\/\/portalcatolico.net\/portal\/wp-json\/wp\/v2\/posts\/63623\/revisions\/63625"}],"wp:featuredmedia":[{"embeddable":true,"href":"http:\/\/portalcatolico.net\/portal\/wp-json\/wp\/v2\/media\/63624"}],"wp:attachment":[{"href":"http:\/\/portalcatolico.net\/portal\/wp-json\/wp\/v2\/media?parent=63623"}],"wp:term":[{"taxonomy":"category","embeddable":true,"href":"http:\/\/portalcatolico.net\/portal\/wp-json\/wp\/v2\/categories?post=63623"},{"taxonomy":"post_tag","embeddable":true,"href":"http:\/\/portalcatolico.net\/portal\/wp-json\/wp\/v2\/tags?post=63623"}],"curies":[{"name":"wp","href":"https:\/\/api.w.org\/{rel}","templated":true}]}}