{"id":63620,"date":"2019-03-17T10:46:35","date_gmt":"2019-03-17T13:46:35","guid":{"rendered":"http:\/\/portalcatolico.net\/portal\/?p=63620"},"modified":"2019-03-17T10:47:27","modified_gmt":"2019-03-17T13:47:27","slug":"novenario-em-louvor-a-sao-jose-padroeiro-da-cidade-de-una-ba","status":"publish","type":"post","link":"http:\/\/portalcatolico.net\/portal\/novenario-em-louvor-a-sao-jose-padroeiro-da-cidade-de-una-ba\/","title":{"rendered":"Noven\u00e1rio em Louvor a S\u00e3o Jos\u00e9 (Padroeiro da cidade de Una\/BA)"},"content":{"rendered":"<p style=\"font-weight: 400;\">O s\u00e9timo dia (16.03) do noven\u00e1rio em louvor a S\u00e3o Jos\u00e9 (Padroeiro da cidade de Una\/BA) teve como tema: Dia do Senhor. A Santa Missa foi presidida pelo Bispo Diocesano da Diocese de Itabuna, Dom Carlos Alberto, e concelebrada pelo Padre Nerivaldo Azevedo. Na oportunidade 12 paroquianos pela imposi\u00e7\u00e3o das m\u00e3os e a un\u00e7\u00e3o de Dom Carlos Alberto receberam o sacramento do Crisma.<\/p>\n<p style=\"font-weight: 400;\">A crisma para os cat\u00f3licos \u00e9 a confirma\u00e7\u00e3o do batismo para os jovens que desejaram confirmar sua op\u00e7\u00e3o f\u00e9: seguir Jesus Cristo, recebendo o sacramento.<\/p>\n<p style=\"font-weight: 400;\">Os homenageados da 7\u00ba noite do noven\u00e1rio foram a Pastoral Familiar, ECC, Namorados, Noivos, Casados e Minist\u00e9rio de Cerimonialistas de Matrim\u00f4nio. Ap\u00f3s a Celebra\u00e7\u00e3o a Comunidade participou da Quermesse com os tradicionais bolos, tortas e diversas comidas al\u00e9m de um agrad\u00e1vel ambiente familiar..<a href=\"https:\/\/www.psjunaba.com.br\/2019\/03\/novenario-de-sao-jose-7-dia-1603.html\">C<strong>ontinue lendo<\/strong><\/a><\/p>\n","protected":false},"excerpt":{"rendered":"<p>O s\u00e9timo dia (16.03) do noven\u00e1rio em louvor a S\u00e3o Jos\u00e9 (Padroeiro da cidade de Una\/BA) teve como tema: Dia do Senhor. A Santa Missa foi presidida pelo Bispo Diocesano da Diocese de Itabuna, Dom Carlos Alberto, e concelebrada pelo Padre Nerivaldo Azevedo. Na oportunidade 12 paroquianos pela imposi\u00e7\u00e3o das m\u00e3os e a un\u00e7\u00e3o de&nbsp;<\/p>\n<p><a class=\"btn btn-style\" href=\"http:\/\/portalcatolico.net\/portal\/novenario-em-louvor-a-sao-jose-padroeiro-da-cidade-de-una-ba\/\">Continue Reading<\/a><\/p>\n","protected":false},"author":2,"featured_media":63622,"comment_status":"open","ping_status":"open","sticky":false,"template":"","format":"standard","meta":{"footnotes":""},"categories":[2],"tags":[],"class_list":["post-63620","post","type-post","status-publish","format-standard","has-post-thumbnail","hentry","category-eventos"],"_links":{"self":[{"href":"http:\/\/portalcatolico.net\/portal\/wp-json\/wp\/v2\/posts\/63620","targetHints":{"allow":["GET"]}}],"collection":[{"href":"http:\/\/portalcatolico.net\/portal\/wp-json\/wp\/v2\/posts"}],"about":[{"href":"http:\/\/portalcatolico.net\/portal\/wp-json\/wp\/v2\/types\/post"}],"author":[{"embeddable":true,"href":"http:\/\/portalcatolico.net\/portal\/wp-json\/wp\/v2\/users\/2"}],"replies":[{"embeddable":true,"href":"http:\/\/portalcatolico.net\/portal\/wp-json\/wp\/v2\/comments?post=63620"}],"version-history":[{"count":1,"href":"http:\/\/portalcatolico.net\/portal\/wp-json\/wp\/v2\/posts\/63620\/revisions"}],"predecessor-version":[{"id":63621,"href":"http:\/\/portalcatolico.net\/portal\/wp-json\/wp\/v2\/posts\/63620\/revisions\/63621"}],"wp:featuredmedia":[{"embeddable":true,"href":"http:\/\/portalcatolico.net\/portal\/wp-json\/wp\/v2\/media\/63622"}],"wp:attachment":[{"href":"http:\/\/portalcatolico.net\/portal\/wp-json\/wp\/v2\/media?parent=63620"}],"wp:term":[{"taxonomy":"category","embeddable":true,"href":"http:\/\/portalcatolico.net\/portal\/wp-json\/wp\/v2\/categories?post=63620"},{"taxonomy":"post_tag","embeddable":true,"href":"http:\/\/portalcatolico.net\/portal\/wp-json\/wp\/v2\/tags?post=63620"}],"curies":[{"name":"wp","href":"https:\/\/api.w.org\/{rel}","templated":true}]}}