{"id":63611,"date":"2019-03-17T08:10:39","date_gmt":"2019-03-17T11:10:39","guid":{"rendered":"http:\/\/portalcatolico.net\/portal\/?p=63611"},"modified":"2019-03-17T10:31:40","modified_gmt":"2019-03-17T13:31:40","slug":"dia-da-mulher","status":"publish","type":"post","link":"http:\/\/portalcatolico.net\/portal\/dia-da-mulher\/","title":{"rendered":"Dia da Mulher &#8220;Solid\u00e1rio&#8221;, evento ser\u00e1 realizado por Par\u00f3quia em Itabuna"},"content":{"rendered":"<div dir=\"auto\">O Grupo de Jovens Filhos do Amado da Par\u00f3quia Nossa Senhora Aparecida estar\u00e1 realizando pela 5\u00b0 vez o Dia da Mulher &#8220;Solid\u00e1rio&#8221;, esse ano de uma forma inovadora com o intuito de promover um dia de cuidados para as mulheres da comunidade do bairro Calif\u00f3rnia e circunvizinhos.&nbsp;<\/div>\n<div dir=\"auto\">Oferecendo servi\u00e7os na \u00e1rea de sa\u00fade, est\u00e9tica e psicossocial. Pensando no bem estar dessas mulheres, o grupo vem convidar a todas voc\u00eas para participar desse evento que ser\u00e1 realizado no dia 23 de mar\u00e7o, das 8:00 \u00e0s 12:00, no Col\u00e9gio 28 de julho (antigo Ubaldo Dantas) no bairro Calif\u00f3rnia.&nbsp;<\/div>\n<div dir=\"auto\">N\u00e3o fique de fora dessa homenagem para as mulheres que lutam todo dia para fazer do mundo um lugar melhor.&nbsp;<\/div>\n<div dir=\"auto\">&nbsp;<\/div>\n<div dir=\"auto\">Realiza\u00e7\u00e3o Grupo de Jovens Filhos do Amado , Itabuna-BA.<\/div>\n<div dir=\"auto\">&nbsp;<\/div>\n<div dir=\"auto\">Texto: M\u00e9rcia Santana<\/div>\n","protected":false},"excerpt":{"rendered":"<p>O Grupo de Jovens Filhos do Amado da Par\u00f3quia Nossa Senhora Aparecida estar\u00e1 realizando pela 5\u00b0 vez o Dia da Mulher &#8220;Solid\u00e1rio&#8221;, esse ano de uma forma inovadora com o intuito de promover um dia de cuidados para as mulheres da comunidade do bairro Calif\u00f3rnia e circunvizinhos.&nbsp; Oferecendo servi\u00e7os na \u00e1rea de sa\u00fade, est\u00e9tica e&nbsp;<\/p>\n<p><a class=\"btn btn-style\" href=\"http:\/\/portalcatolico.net\/portal\/dia-da-mulher\/\">Continue Reading<\/a><\/p>\n","protected":false},"author":2,"featured_media":63612,"comment_status":"open","ping_status":"open","sticky":false,"template":"","format":"standard","meta":{"footnotes":""},"categories":[1],"tags":[],"class_list":["post-63611","post","type-post","status-publish","format-standard","has-post-thumbnail","hentry","category-agenda"],"_links":{"self":[{"href":"http:\/\/portalcatolico.net\/portal\/wp-json\/wp\/v2\/posts\/63611","targetHints":{"allow":["GET"]}}],"collection":[{"href":"http:\/\/portalcatolico.net\/portal\/wp-json\/wp\/v2\/posts"}],"about":[{"href":"http:\/\/portalcatolico.net\/portal\/wp-json\/wp\/v2\/types\/post"}],"author":[{"embeddable":true,"href":"http:\/\/portalcatolico.net\/portal\/wp-json\/wp\/v2\/users\/2"}],"replies":[{"embeddable":true,"href":"http:\/\/portalcatolico.net\/portal\/wp-json\/wp\/v2\/comments?post=63611"}],"version-history":[{"count":4,"href":"http:\/\/portalcatolico.net\/portal\/wp-json\/wp\/v2\/posts\/63611\/revisions"}],"predecessor-version":[{"id":63616,"href":"http:\/\/portalcatolico.net\/portal\/wp-json\/wp\/v2\/posts\/63611\/revisions\/63616"}],"wp:featuredmedia":[{"embeddable":true,"href":"http:\/\/portalcatolico.net\/portal\/wp-json\/wp\/v2\/media\/63612"}],"wp:attachment":[{"href":"http:\/\/portalcatolico.net\/portal\/wp-json\/wp\/v2\/media?parent=63611"}],"wp:term":[{"taxonomy":"category","embeddable":true,"href":"http:\/\/portalcatolico.net\/portal\/wp-json\/wp\/v2\/categories?post=63611"},{"taxonomy":"post_tag","embeddable":true,"href":"http:\/\/portalcatolico.net\/portal\/wp-json\/wp\/v2\/tags?post=63611"}],"curies":[{"name":"wp","href":"https:\/\/api.w.org\/{rel}","templated":true}]}}