{"id":63601,"date":"2019-03-17T09:50:13","date_gmt":"2019-03-17T12:50:13","guid":{"rendered":"http:\/\/portalcatolico.net\/portal\/?p=63601"},"modified":"2019-03-17T21:48:45","modified_gmt":"2019-03-18T00:48:45","slug":"continua-o-novenario-do-glorioso-sao-jose-em-itabuna","status":"publish","type":"post","link":"http:\/\/portalcatolico.net\/portal\/continua-o-novenario-do-glorioso-sao-jose-em-itabuna\/","title":{"rendered":"Continua o Noven\u00e1rio do Glorioso S\u00e3o Jos\u00e9 em Itabuna"},"content":{"rendered":"<p><em>A festa do glorioso S\u00e3o Jos\u00e9, Padroeiro da Catedral, da Cidade e da Diocese de Itabuna,&nbsp;no sul da Bahia, chegou na sua 7\u00aa noite em prepara\u00e7\u00e3o para o grande dia 19 de mar\u00e7o, dia em que Itabuna e outras cidades tamb\u00e9m&nbsp;&nbsp;festejam e homenageiam S\u00e3o Jos\u00e9.<\/em><\/p>\n<p><em>A 7\u00aa noite refletiu o subtema:\u201d<\/em>Igreja: Comunidade de Comunidades<em>\u201d.<\/em><\/p>\n<p><strong>Respons\u00e1veis<\/strong>: Pastoral Familiar Paroquial e Equipe Paroquial Dirigentes do ECC.<\/p>\n<p><strong>Convidados<\/strong>: Casais. (Pastoral Familiar, Equipe de Nossa Senhora e Equipe Dirigentes do ECC).<\/p>\n<p><em>A santa missa teve in\u00edcio \u00e0s 18h e foi presidida pel<\/em>o Bispo Em\u00e9rito da diocese de Itabuna, Dom Ceslaw Stanula, prega\u00e7\u00e3o foi feito pelo Monsenhor Nicolau Klak, Vig\u00e1rio Geral da diocese e p\u00e1roco na par\u00f3quia Nossa Senhora de F\u00e1tima em Itabuna <em>e concelebrada pelo Pe. Gilvan Oliveira p\u00e1roco da Catedral de S\u00e3o Jos\u00e9, o di\u00e1cono permanente Esmeraldo Sardinha, al\u00e9m de padres convidados.<\/em><\/p>\n<p><em>Vale lembrar que, a Celebra\u00e7\u00e3o Eucar\u00edstica durante a semana,&nbsp;est\u00e1 acontecendo \u00e0s 19h e aos s\u00e1bados e domingos, \u00e0s 18h.<\/em><\/p>\n<p><em>Para o dia 19, est\u00e3o programadas missas e a tradicional prociss\u00e3o que percorrer\u00e1 as principais ruas e avenidas&nbsp;da cidade.&nbsp;<\/em><\/p>\n<p style=\"text-align: center;\"><strong><em>Confira a programa\u00e7\u00e3o:<\/em><\/strong><\/p>\n<p style=\"text-align: center;\"><strong>17\/03-Domingo \u00e1s 18h<\/strong><\/p>\n<p>Noite Dedicada as Institui\u00e7\u00f5es n\u00e3o Governamentais- ONGS<\/p>\n<p>Subtema: Igreja: a Servi\u00e7o da Vida Plena para todos.<\/p>\n<p><strong>Respons\u00e1veis<\/strong>: Confer\u00eancia Vicentina S\u00e3o Jos\u00e9 e Irm\u00e3s Auxiliadoras<\/p>\n<p><strong>Convidados<\/strong>: Institui\u00e7\u00f5es&nbsp; n\u00e3o Governamentais (Associa\u00e7\u00f5es de bairros, Grupos de A\u00e7\u00e3o Comunit\u00e1ria, Sindicatos, Irm\u00e3s Auxiliadoras, Grupo de Apoio a Crian\u00e7a com C\u00e2ncer- GACC, Grupo de Apoio aos pacientes Oncol\u00f3gico, Rotary Clube, Lions Clube).<\/p>\n<p>Missa pela manh\u00e3: 7h e 9:30h<\/p>\n<p>&nbsp;<\/p>\n<p style=\"text-align: center;\"><strong>18\/03-Segunda-feira \u00e1s 19h<\/strong><\/p>\n<p>Aniversario de dedica\u00e7\u00e3o da Catedral<\/p>\n<p>Noite Dedicada aos poderes p\u00fablicos, \u00f3rg\u00e3os&nbsp; p\u00fablico e Sociedade Civil Organizada<\/p>\n<p>Subtema: Para que todos tenham vida rumo ao Reino definitivo.<\/p>\n<p><strong>Respons\u00e1veis<\/strong>: Pastoral da Liturgia Paroquial<\/p>\n<p><strong>Convidados<\/strong>: Poderes p\u00fablicos: ( Prefeitura Municipal de Itabuna, C\u00e2mara de Vereadores de Itabuna, poder judici\u00e1rio de Itabuna).<\/p>\n<p>\u00d3rg\u00e3os p\u00fablicos:(Policia Militar, Policia Civil, Policia Rodovi\u00e1ria Estadual, Corpo de Bombeiros, Escola da Policia Militar, Guarda Civil Municipal, Agrupamento do Exercito-Tiro de Guerra)<\/p>\n<p>Sociedade Civil Organizada:(Ordem dos advogados do Brasil-OAB, Sindicato do comercio de Itabuna-Sindcom, C\u00e2mara de Dirigentes Legistas-CDL, Institui\u00e7\u00f5es financeiras \u2013Bancos)<\/p>\n<p>&nbsp;<\/p>\n<p style=\"text-align: center;\"><strong>19\/03-Ter\u00e7a-feira<\/strong><\/p>\n<p>05h-Alvorada Festiva<\/p>\n<p>07h-Missa da Comunidade Paroquial<\/p>\n<p>10h-Solene Concelebra\u00e7\u00e3o Eucar\u00edstica<\/p>\n<p>Presidente e pregador oficial Ex\u00ba Rev. Dom Carlos Alberto dos Santos-Bispo diocesano de Itabuna.<\/p>\n<p>15h-Missa de Romaria e Ben\u00e7\u00e3o&nbsp; de Objetos &nbsp;<\/p>\n<p>16h30-Solene Prociss\u00e3o com a Imagem de S\u00e3o Jos\u00e9<\/p>\n<p>Encerramento: Ben\u00e7\u00e3o do Sant\u00edssimo Sacramento&nbsp;<\/p>\n<p>&nbsp;<\/p>\n<p style=\"text-align: center;\"><strong>Realiza\u00e7\u00e3o:&nbsp; <\/strong><\/p>\n<p>Par\u00f3quia Catedral S\u00e3o Jos\u00e9<\/p>\n<p>Dom Carlos Alberto dos Santos<\/p>\n<p>Bispo diocesano de Itabuna<\/p>\n<p>&nbsp;<\/p>\n<p>Padre Gilvan Oliveira Sousa<\/p>\n<p>P\u00e1roco da Catedral S\u00e3o Jos\u00e9<\/p>\n<p>VEJA MAIS FOTOS EM NOSSA FAN PAGE:<a href=\"https:\/\/www.facebook.com\/portalcatolicooficial\/\"><strong>CLIQUE AQUI<\/strong><\/a><\/p>\n<p>&nbsp;<\/p>\n<p style=\"text-align: center;\"><strong><em>TRANSMISS\u00c3O AO VIVO DO NOVEN\u00c1RIO <\/em><\/strong><\/p>\n<p><em>O Portal Cat\u00f3lico Web R\u00e1dio estar\u00e1 transmitindo em tempo real, todas as noites, via internet, o Noven\u00e1rio e festa&nbsp; do padroeiro S\u00e3o Jos\u00e9. Para ter acesso&nbsp; \u00e0 transmiss\u00e3o ao vivo e em tempo real, baixe nosso aplicativo no Play Store:<\/em> <a href=\"https:\/\/play.google.com\/store\/apps\/details?id=com.shoutcast.stm.musicalportalcatolico\"><em>https:\/\/play.google.com\/store\/apps\/details?id=com.shoutcast.stm.musicalportalcatolico<\/em><\/a><em> &nbsp;<\/em>ou acesse nosso site: <a href=\"http:\/\/www.portalcatolico.net\">www.portalcatolico.net<\/a>&nbsp;&nbsp;<\/p>\n<p>&nbsp;<\/p>\n<p><i>V\u00eddeo<\/i><em>&nbsp;da&nbsp; prociss\u00e3o&nbsp;de entrada:<\/em><\/p>\n<p><iframe loading=\"lazy\"  id=\"_ytid_88529\"  width=\"480\" height=\"270\"  data-origwidth=\"480\" data-origheight=\"270\" src=\"https:\/\/www.youtube.com\/embed\/qLio2VmtJpU?enablejsapi=1&#038;autoplay=0&#038;cc_load_policy=0&#038;cc_lang_pref=&#038;iv_load_policy=1&#038;loop=0&#038;rel=1&#038;fs=1&#038;playsinline=0&#038;autohide=2&#038;theme=dark&#038;color=red&#038;controls=1&#038;disablekb=0&#038;\" class=\"__youtube_prefs__  epyt-is-override  no-lazyload\" title=\"YouTube player\"  allow=\"fullscreen; accelerometer; autoplay; clipboard-write; encrypted-media; gyroscope; picture-in-picture; web-share\" referrerpolicy=\"strict-origin-when-cross-origin\" allowfullscreen data-no-lazy=\"1\" data-skipgform_ajax_framebjll=\"\"><\/iframe><\/p>\n<p>Ladainha de S\u00e3o Jos\u00e9<\/p>\n<p><iframe loading=\"lazy\"  id=\"_ytid_59318\"  width=\"480\" height=\"270\"  data-origwidth=\"480\" data-origheight=\"270\" src=\"https:\/\/www.youtube.com\/embed\/AYvr6Eo9jL0?enablejsapi=1&#038;autoplay=0&#038;cc_load_policy=0&#038;cc_lang_pref=&#038;iv_load_policy=1&#038;loop=0&#038;rel=1&#038;fs=1&#038;playsinline=0&#038;autohide=2&#038;theme=dark&#038;color=red&#038;controls=1&#038;disablekb=0&#038;\" class=\"__youtube_prefs__  epyt-is-override  no-lazyload\" title=\"YouTube player\"  allow=\"fullscreen; accelerometer; autoplay; clipboard-write; encrypted-media; gyroscope; picture-in-picture; web-share\" referrerpolicy=\"strict-origin-when-cross-origin\" allowfullscreen data-no-lazy=\"1\" data-skipgform_ajax_framebjll=\"\"><\/iframe><\/p>\n","protected":false},"excerpt":{"rendered":"<p>A festa do glorioso S\u00e3o Jos\u00e9, Padroeiro da Catedral, da Cidade e da Diocese de Itabuna,&nbsp;no sul da Bahia, chegou na sua 7\u00aa noite em prepara\u00e7\u00e3o para o grande dia 19 de mar\u00e7o, dia em que Itabuna e outras cidades tamb\u00e9m&nbsp;&nbsp;festejam e homenageiam S\u00e3o Jos\u00e9. A 7\u00aa noite refletiu o subtema:\u201dIgreja: Comunidade de Comunidades\u201d. Respons\u00e1veis:&nbsp;<\/p>\n<p><a class=\"btn btn-style\" href=\"http:\/\/portalcatolico.net\/portal\/continua-o-novenario-do-glorioso-sao-jose-em-itabuna\/\">Continue Reading<\/a><\/p>\n","protected":false},"author":2,"featured_media":63602,"comment_status":"open","ping_status":"open","sticky":false,"template":"","format":"standard","meta":{"footnotes":""},"categories":[4],"tags":[],"class_list":["post-63601","post","type-post","status-publish","format-standard","has-post-thumbnail","hentry","category-destaques"],"_links":{"self":[{"href":"http:\/\/portalcatolico.net\/portal\/wp-json\/wp\/v2\/posts\/63601","targetHints":{"allow":["GET"]}}],"collection":[{"href":"http:\/\/portalcatolico.net\/portal\/wp-json\/wp\/v2\/posts"}],"about":[{"href":"http:\/\/portalcatolico.net\/portal\/wp-json\/wp\/v2\/types\/post"}],"author":[{"embeddable":true,"href":"http:\/\/portalcatolico.net\/portal\/wp-json\/wp\/v2\/users\/2"}],"replies":[{"embeddable":true,"href":"http:\/\/portalcatolico.net\/portal\/wp-json\/wp\/v2\/comments?post=63601"}],"version-history":[{"count":5,"href":"http:\/\/portalcatolico.net\/portal\/wp-json\/wp\/v2\/posts\/63601\/revisions"}],"predecessor-version":[{"id":63626,"href":"http:\/\/portalcatolico.net\/portal\/wp-json\/wp\/v2\/posts\/63601\/revisions\/63626"}],"wp:featuredmedia":[{"embeddable":true,"href":"http:\/\/portalcatolico.net\/portal\/wp-json\/wp\/v2\/media\/63602"}],"wp:attachment":[{"href":"http:\/\/portalcatolico.net\/portal\/wp-json\/wp\/v2\/media?parent=63601"}],"wp:term":[{"taxonomy":"category","embeddable":true,"href":"http:\/\/portalcatolico.net\/portal\/wp-json\/wp\/v2\/categories?post=63601"},{"taxonomy":"post_tag","embeddable":true,"href":"http:\/\/portalcatolico.net\/portal\/wp-json\/wp\/v2\/tags?post=63601"}],"curies":[{"name":"wp","href":"https:\/\/api.w.org\/{rel}","templated":true}]}}