{"id":63590,"date":"2019-03-19T00:50:07","date_gmt":"2019-03-19T03:50:07","guid":{"rendered":"http:\/\/portalcatolico.net\/portal\/?p=63590"},"modified":"2019-03-16T11:50:55","modified_gmt":"2019-03-16T14:50:55","slug":"hoje-a-igreja-celebra-o-glorioso-sao-jose-modelo-de-pai-e-esposo","status":"publish","type":"post","link":"http:\/\/portalcatolico.net\/portal\/hoje-a-igreja-celebra-o-glorioso-sao-jose-modelo-de-pai-e-esposo\/","title":{"rendered":"Hoje a Igreja celebra o Glorioso S\u00e3o Jos\u00e9, modelo de pai e esposo"},"content":{"rendered":"<p><em>Dia de S\u00e3o Jos\u00e9 O Dia de S\u00e3o Jos\u00e9 \u00e9&nbsp;comemorado&nbsp;anualmente em 19 de&nbsp;mar\u00e7o. Esta \u00e9 uma data religiosa que&nbsp;celebra&nbsp;a figura do &#8220;pai terreno&#8221; de Jesus Cristo e esposo de Maria,&nbsp;m\u00e3e&nbsp;de Cristo: Jos\u00e9 de Nazar\u00e9 ou Jos\u00e9, o Carpinteiro, \u00e9 um dos santos mais venerados pela Igreja Cat\u00f3lica em&nbsp;todo&nbsp;o mundo. <\/em><\/p>\n<p><em>S\u00e3o Jos\u00e9 teve o privil\u00e9gio de ser esposo de Nossa Senhora, de criar o Filho de Deus e de ser a cabe\u00e7a da Sagrada Fam\u00edlia. \u00c9 considerado patrono da&nbsp;Igreja&nbsp;Universal, de uma infinidade de comunidades religiosas e tamb\u00e9m da boa morte. A festa do santo mais pr\u00f3ximo de Jesus e Maria se celebra neste dia.<\/em><\/p>\n<p><em>\u201cJos\u00e9, filho de Davi, n\u00e3o temas receber Maria por esposa, pois o que nela foi concebido vem do Esp\u00edrito Santo. Ela dar\u00e1 \u00e0 luz um filho, a quem por\u00e1s o nome de Jesus, porque ele salvar\u00e1 o seu povo de seus pecados\u201d (Mt 1, 20-21), disse o anjo em sonhos ao \u201cjusto\u201d S\u00e3o Jos\u00e9.<\/em><\/p>\n<p><em>&nbsp;<\/em><em>S\u00e3o Jos\u00e9&nbsp;\u00e9 descendente da casa real de Davi. \u00c9 o esposo da Virgem Maria e pai adotivo de Jesus Cristo. Nos Evangelhos ele aparece na inf\u00e2ncia de Jesus. Pode-se ver as cita\u00e7\u00f5es nos livros de Mateus Cap\u00edtulos 1 e 2, e em Lucas 1 e2. Na B\u00edblia, S\u00e3o Jos\u00e9 \u00e9 apresentado como um justo. Mateus, em seu Evangelho, descreve a hist\u00f3ria sob o ponto de vista de Jos\u00e9. J\u00e1 Lucas narra o tempo de inf\u00e2ncia do menino Jesus contando com a presen\u00e7a de Jos\u00e9.<\/em><\/p>\n<p><strong><em>S\u00e3o Jos\u00e9 na Hist\u00f3ria da Salva\u00e7\u00e3o<\/em><\/strong><\/p>\n<p><em>S\u00e3o Jos\u00e9 estava noivo de Maria e, ao saber que ela estava gr\u00e1vida, decidiu abandon\u00e1-la, pois o filho n\u00e3o era dele. Ele pensa em abandon\u00e1-la para que ela n\u00e3o fosse punida com a morte por apedrejamento<\/em><\/p>\n<p><em>Mas ele teve um sonho com um anjo que lhe disse que Maria ficou gr\u00e1vida pela a\u00e7\u00e3o do Esp\u00edrito Santo, e que o menino que iria nascer era&nbsp;Filho de Deus,&nbsp;ent\u00e3o, ele aceitou Maria como esposa. Perto do tempo previsto do nascimento de Jesus, por um decreto romano ele foi para Bel\u00e9m partir do recenseamento, l\u00e1 Maria deu \u00e0 luz ao Menino Jesus e Jos\u00e9 estava presente no nascimento.<\/em><\/p>\n<p><em>O anjo, por\u00e9m, deu novo aviso a Jos\u00e9, em sonho. Com efeito, o anjo avisou a Jos\u00e9 que Herodes queria matar o menino Jesus e mandou-o pegar o menino e sua m\u00e3e e fugir para o Egito com eles. Jos\u00e9 obedeceu. Assim, A sagrada fam\u00edlia foi para o Egito e viveram l\u00e1 durante quatro anos. Ap\u00f3s este tempo, o anjo avisou novamente a Jos\u00e9 em sonhos, dizendo que eles poderiam voltar para Nazar\u00e9 porque Herodes tinha morrido. Jos\u00e9 obedeceu e levou a Sagrada Fam\u00edlia novamente para Israel.<\/em><\/p>\n<p><strong><em>Vida Simples<\/em><\/strong><\/p>\n<p><em>S\u00e3o Jos\u00e9 devotou sua vida aos cuidados de Jesus e Maria. Vivendo do trabalho de suas m\u00e3os, como carpinteiro, sustentou sua fam\u00edlia com dignidade e exemplo. A profiss\u00e3o de carpinteiro propiciava dignidade \u00e0 fam\u00edlia. Jos\u00e9 era um judeu religioso e praticante. Ele consagrou o menino Jesus no Templo, logo depois que o menino nasceu. Este ato s\u00f3 era praticado na \u00e9poca por judeus piedosos. S\u00e3o Jos\u00e9 levava sua fam\u00edlia regularmente \u00e0s peregrina\u00e7\u00f5es de seu povo em Jerusal\u00e9m, como, por exemplo, na P\u00e1scoa. Foi numa dessas peregrina\u00e7\u00f5es em que, na volta para Nazar\u00e9, o menino Jesus ficou em Jerusal\u00e9m conversando com os doutores da lei. O menino tinha, ent\u00e3o, doze anos. Jos\u00e9 e Maria, aflitos, voltam ao templo e encontram o menino Jesus debatendo com os doutores da lei. Nesta ocasi\u00e3o, Jesus afirma que&nbsp;\u201cTinha que cuidar das coisas de seu Pai\u201d.&nbsp;Esta \u00e9 a \u00faltima vez que Jos\u00e9 \u00e9 mencionado nas&nbsp;Sagradas Escrituras. Todos os ind\u00edcios levam a crer que Jos\u00e9 faleceu antes de Jesus come\u00e7ar sua vida p\u00fablica. Caso contr\u00e1rio, ele certamente teria sido mencionado pelos evangelistas, como o foi Maria.<\/em><\/p>\n<p><strong><em>Influ\u00eancia de Jos\u00e9 na forma\u00e7\u00e3o da personalidade de Jesus<\/em><\/strong><\/p>\n<p><em>S\u00e3o Jos\u00e9 teve papel important\u00edssimo na forma\u00e7\u00e3o da personalidade de Jesus enquanto pessoa humana. Claro, Jesus \u00e9 o Filho de Deus. Por\u00e9m, se analisarmos o comportamento de Jesus do ponto de vista humano, veremos que ele (Jesus) foi um menino e um homem que teve um pai presente, piedoso e influente. Um pai que ensinou ao filho o caminho da justi\u00e7a, da verdade, do amor e do conhecimento da Palavra de Deus. N\u00e3o \u00e9 \u00e0 toa que S\u00e3o Jos\u00e9 \u00e9 chamado de \u201cJusto\u201d desde os Evangelhos. Por isso, S\u00e3o Jos\u00e9 \u00e9 um dos maiores santos de todos os tempos.<\/em><\/p>\n<p><strong><em>Devo\u00e7\u00e3o a S\u00e3o Jos\u00e9<\/em><\/strong><\/p>\n<p><em>S\u00e3o Jos\u00e9 foi inserido no calend\u00e1rio lit\u00fargico Romano em 1479. Sua festa \u00e9 celebrada no dia 19 de mar\u00e7o.&nbsp;S\u00e3o Francisco de Assis&nbsp;e, mais tarde, Santa Teresa d\u2019\u00c1vila, foram grandes santos que &nbsp;ajudaram a divulgar a devo\u00e7\u00e3o a S\u00e3o Jos\u00e9. No ano de 1870, S\u00e3o Jos\u00e9 foi declarado oficialmente como o Patrono Universal da Igreja. O autor desta declara\u00e7\u00e3o foi o Papa Pio IX. No ano de 1889, o&nbsp;Papa Le\u00e3o XIII,&nbsp;num de seus grandes documentos, exaltou as virtudes de S\u00e3o Jos\u00e9. O Papa Bento XV declarou S\u00e3o Jos\u00e9 como o&nbsp;patrono da justi\u00e7a social. Para ressaltar a grande qualidade e poder de intercess\u00e3o de S\u00e3o Jos\u00e9 como \u201ctrabalhador\u201d, O Papa Pio XII instituiu uma segunda festa em homenagem a ele, a festa de &#8220;S\u00e3o Jos\u00e9 oper\u00e1rio&#8221;. Esta, acontece no dia primeiro de maio.<\/em><\/p>\n<p><em>S\u00e3o Jos\u00e9 \u00e9 invocado tamb\u00e9m como o padroeiro dos carpinteiros. Na arte crist\u00e3 ele \u00e9 representa do tendo um l\u00edrio na m\u00e3o, representando a vit\u00f3ria dos santos. Algumas vezes ele aparece tamb\u00e9m com o menino Jesus ou nos bra\u00e7os, ou ensinando a Ele a profiss\u00e3o de carpinteiro.<\/em><\/p>\n<p><strong><em>Revela\u00e7\u00f5es sobre o poder de intercess\u00e3o de S\u00e3o Jos\u00e9<\/em><\/strong><\/p>\n<p><em>S\u00e3o Jos\u00e9&nbsp;\u00e9, sem d\u00favida, uma dos santos mais importantes da Igreja. Ele \u00e9 invocado como o santo que intercede a Deus por todas as nossas necessidades. S\u00e3o Jos\u00e9 tem, diante de Deus, privil\u00e9gios \u00fanicos. Esta \u00e9 uma das revela\u00e7\u00f5es que foram dadas \u00e0 Serva de Deus chamada&nbsp;Santa \u00c1gueda: \u201cPor sua intercess\u00e3o alcan\u00e7amos a virtude da castidade e a vit\u00f3ria sobre as tenta\u00e7\u00f5es contra pureza; alcan\u00e7amos o poderoso aux\u00edlio da gra\u00e7a para sair do pecado e voltar \u00e0 amizade com Deus; alcan\u00e7amos a benevol\u00eancia da Sant\u00edssima Virgem Maria e a verdadeira devo\u00e7\u00e3o a ela; alcan\u00e7amos a gra\u00e7a de uma boa morte e a especial prote\u00e7\u00e3o contra o dem\u00f4nio nesta hora.\u201d&nbsp;A Igreja afirma que os esp\u00edritos do mal estremecem quando ouvem o nome de S\u00e3o Jos\u00e9 ser invocado. Pela intercess\u00e3o de S\u00e3o Jos\u00e9, podemos alcan\u00e7ar a sa\u00fade e a ajuda nas dificuldades. Atrav\u00e9s dele, as fam\u00edlias podem alcan\u00e7ar a b\u00ean\u00e7\u00e3o de uma vida digna.<\/em><\/p>\n<p><em>Nossa Senhora tamb\u00e9m revelou a Santa \u00c1gueda: &#8220;Os homens ignoram os privil\u00e9gios que o Senhor concedeu a S\u00e3o Jos\u00e9, e quanto pode sua intercess\u00e3o junto de Deus. Somente no dia do Ju\u00edzo os homens conhecer\u00e3o sua excelsa santidade e chorar\u00e3o amargamente por n\u00e3o haverem se aproveitado desse meio t\u00e3o poderoso e eficaz para sua salva\u00e7\u00e3o e alcan\u00e7ar as gra\u00e7as de que necessitavam&#8221;.<\/em><\/p>\n<p>Foto:Acervo\/Portal Cat\u00f3lico<\/p>\n<p><em>&nbsp;<\/em><\/p>\n","protected":false},"excerpt":{"rendered":"<p>Dia de S\u00e3o Jos\u00e9 O Dia de S\u00e3o Jos\u00e9 \u00e9&nbsp;comemorado&nbsp;anualmente em 19 de&nbsp;mar\u00e7o. Esta \u00e9 uma data religiosa que&nbsp;celebra&nbsp;a figura do &#8220;pai terreno&#8221; de Jesus Cristo e esposo de Maria,&nbsp;m\u00e3e&nbsp;de Cristo: Jos\u00e9 de Nazar\u00e9 ou Jos\u00e9, o Carpinteiro, \u00e9 um dos santos mais venerados pela Igreja Cat\u00f3lica em&nbsp;todo&nbsp;o mundo. S\u00e3o Jos\u00e9 teve o privil\u00e9gio de&nbsp;<\/p>\n<p><a class=\"btn btn-style\" href=\"http:\/\/portalcatolico.net\/portal\/hoje-a-igreja-celebra-o-glorioso-sao-jose-modelo-de-pai-e-esposo\/\">Continue Reading<\/a><\/p>\n","protected":false},"author":2,"featured_media":63508,"comment_status":"open","ping_status":"open","sticky":false,"template":"","format":"standard","meta":{"footnotes":""},"categories":[69],"tags":[],"class_list":["post-63590","post","type-post","status-publish","format-standard","has-post-thumbnail","hentry","category-artigos"],"_links":{"self":[{"href":"http:\/\/portalcatolico.net\/portal\/wp-json\/wp\/v2\/posts\/63590","targetHints":{"allow":["GET"]}}],"collection":[{"href":"http:\/\/portalcatolico.net\/portal\/wp-json\/wp\/v2\/posts"}],"about":[{"href":"http:\/\/portalcatolico.net\/portal\/wp-json\/wp\/v2\/types\/post"}],"author":[{"embeddable":true,"href":"http:\/\/portalcatolico.net\/portal\/wp-json\/wp\/v2\/users\/2"}],"replies":[{"embeddable":true,"href":"http:\/\/portalcatolico.net\/portal\/wp-json\/wp\/v2\/comments?post=63590"}],"version-history":[{"count":2,"href":"http:\/\/portalcatolico.net\/portal\/wp-json\/wp\/v2\/posts\/63590\/revisions"}],"predecessor-version":[{"id":63592,"href":"http:\/\/portalcatolico.net\/portal\/wp-json\/wp\/v2\/posts\/63590\/revisions\/63592"}],"wp:featuredmedia":[{"embeddable":true,"href":"http:\/\/portalcatolico.net\/portal\/wp-json\/wp\/v2\/media\/63508"}],"wp:attachment":[{"href":"http:\/\/portalcatolico.net\/portal\/wp-json\/wp\/v2\/media?parent=63590"}],"wp:term":[{"taxonomy":"category","embeddable":true,"href":"http:\/\/portalcatolico.net\/portal\/wp-json\/wp\/v2\/categories?post=63590"},{"taxonomy":"post_tag","embeddable":true,"href":"http:\/\/portalcatolico.net\/portal\/wp-json\/wp\/v2\/tags?post=63590"}],"curies":[{"name":"wp","href":"https:\/\/api.w.org\/{rel}","templated":true}]}}