{"id":63557,"date":"2019-03-12T06:28:49","date_gmt":"2019-03-12T09:28:49","guid":{"rendered":"http:\/\/portalcatolico.net\/portal\/?p=63557"},"modified":"2019-03-12T06:28:49","modified_gmt":"2019-03-12T09:28:49","slug":"em-maio-papa-visitara-bulgaria-e-macedonia-do-norte","status":"publish","type":"post","link":"http:\/\/portalcatolico.net\/portal\/em-maio-papa-visitara-bulgaria-e-macedonia-do-norte\/","title":{"rendered":"Em maio, Papa visitar\u00e1 Bulg\u00e1ria e Maced\u00f4nia do Norte"},"content":{"rendered":"<p>Entre os dias 5 e 7 de maio pr\u00f3ximos o Papa Francisco far\u00e1 mais uma visita apost\u00f3lica.<\/p>\n<p>Desta vez a visita ser\u00e1 a dois pa\u00edses: a Bulg\u00e1ria e a Maced\u00f4nia do Norte.<br \/>\nO an\u00fancio da visita foi feito pela Sala de Imprensa da Santa S\u00e9, na quinta-feira, 07\/03, no Vaticano.<\/p>\n<p>O comunicado da Sala Stampa anunciou na ocasi\u00e3o o programa da viagem do Pont\u00edfice destacando a ida a um campo de refugiados em S\u00f3fia, na Bulg\u00e1ria, e uma ora\u00e7\u00e3o que ser\u00e1 realizada no memorial dedicado a Santa Teresa de Calcut\u00e1, em Skopje, na Maced\u00f4nia do Norte.<\/p>\n<p><strong>Programa\u00e7\u00e3o, roteiro<\/strong><\/p>\n<p>O programa da viagem que foi divulgado aos jornalistas pela Sala de Imprensa da Santa S\u00e9, informa que o Papa Francisco deixar\u00e1 Roma no pr\u00f3ximo dia 5 de maio, um domingo, devendo chegar \u00e0 capital b\u00falgara ainda pela manh\u00e3.<\/p>\n<p>Ap\u00f3s a cerim\u00f4nia de boas-vindas e a visita de cortesia ao Presidente, o Pont\u00edfice encontrar\u00e1 as autoridades, a sociedade civil e o corpo diplom\u00e1tico na Pra\u00e7a Atanas Burov.<\/p>\n<p>Depois, ser\u00e1 realizada uma visita ao Patriarca e ao Santo S\u00ednodo e, depois disso, seguir\u00e1 uma ora\u00e7\u00e3o privada diante do trono dos Santos Cirilo e Met\u00f3dio, na Catedral Patriarcal.<\/p>\n<p>Ao meio dia Francisco far\u00e1 a ora\u00e7\u00e3o mariana do Regina Coeli e, pela parte da tarde, dever\u00e1 celebrar uma Santa Missa na Pra\u00e7a Knyaz Alexander I.<\/p>\n<p><strong>Segunda-feira, 6 de maio<\/strong><\/p>\n<p>Na segunda-feira, 6 de maio, o Papa Francisco visitar\u00e1 um campo de refugiados em S\u00f3fia e depois se deslocar\u00e1 em avi\u00e3o para Rakovsky, principal centro de maioria cat\u00f3lica na Bulg\u00e1ria.<\/p>\n<p>Em Rakovsky celebrar\u00e1 a Santa Missa quando ser\u00e3o realizadas primeiras comunh\u00f5es na Igreja do Sagrado Cora\u00e7\u00e3o.<\/p>\n<p>O almo\u00e7o ser\u00e1 com os bispos b\u00falgaros no convento das Irm\u00e3s Franciscanas. Em seguida re\u00fane-se com a comunidade cat\u00f3lica na Igreja de S\u00e3o Miguel Arcanjo.<\/p>\n<p>\u00c0s 17h15, hora local, O Papa retorna a S\u00f3fia para uma ora\u00e7\u00e3o pela paz na Pra\u00e7a Nezavisimost.<\/p>\n<p><strong>Visita Skopje<\/strong><\/p>\n<p>No dia seguinte, 07 de maio, Francisco desloca-se para a capital da Maced\u00f4nia do Norte, Skopje.<\/p>\n<p>Em Skopje, dever\u00e1 ser acontecer o protocolar acolhimento pelas autoridades pol\u00edticas, autoridades da sociedade civil e o corpo diplom\u00e1tico no Pal\u00e1cio presidencial.<\/p>\n<p>Logo em seguida, Francisco rezar\u00e1 no memorial dedicado a Madre Teresa, que nasceu em Skopje em 1910.&nbsp;<br \/>\nHaver\u00e1 um encontro com os pobres e logo ap\u00f3s o Pont\u00edfice celebrar\u00e1 uma Santa Missa na Pra\u00e7a Maced\u00f4nia.<\/p>\n<p>Depois de almo\u00e7ar Francisco participa de um encontro com l\u00edderes religiosos e, em seguida, estar\u00e1 com os jovens no Centro pastoral e, logo ap\u00f3s, com os sacerdotes, suas fam\u00edlias e os religiosos na catedral.<\/p>\n<p>Depois da cerim\u00f4nia de despedida, est\u00e1 prevista para as 18:30 horas a partida com destino a Roma onde, depois de duas horas, dever\u00e1 chegar o avi\u00e3o que conduz o Papa e sua comitiva. (Gaudiumpress)<\/p>\n","protected":false},"excerpt":{"rendered":"<p>Entre os dias 5 e 7 de maio pr\u00f3ximos o Papa Francisco far\u00e1 mais uma visita apost\u00f3lica. Desta vez a visita ser\u00e1 a dois pa\u00edses: a Bulg\u00e1ria e a Maced\u00f4nia do Norte. O an\u00fancio da visita foi feito pela Sala de Imprensa da Santa S\u00e9, na quinta-feira, 07\/03, no Vaticano. O comunicado da Sala Stampa&nbsp;<\/p>\n<p><a class=\"btn btn-style\" href=\"http:\/\/portalcatolico.net\/portal\/em-maio-papa-visitara-bulgaria-e-macedonia-do-norte\/\">Continue Reading<\/a><\/p>\n","protected":false},"author":2,"featured_media":63558,"comment_status":"open","ping_status":"open","sticky":false,"template":"","format":"standard","meta":{"footnotes":""},"categories":[5],"tags":[],"class_list":["post-63557","post","type-post","status-publish","format-standard","has-post-thumbnail","hentry","category-igreja_no_mundo"],"_links":{"self":[{"href":"http:\/\/portalcatolico.net\/portal\/wp-json\/wp\/v2\/posts\/63557","targetHints":{"allow":["GET"]}}],"collection":[{"href":"http:\/\/portalcatolico.net\/portal\/wp-json\/wp\/v2\/posts"}],"about":[{"href":"http:\/\/portalcatolico.net\/portal\/wp-json\/wp\/v2\/types\/post"}],"author":[{"embeddable":true,"href":"http:\/\/portalcatolico.net\/portal\/wp-json\/wp\/v2\/users\/2"}],"replies":[{"embeddable":true,"href":"http:\/\/portalcatolico.net\/portal\/wp-json\/wp\/v2\/comments?post=63557"}],"version-history":[{"count":1,"href":"http:\/\/portalcatolico.net\/portal\/wp-json\/wp\/v2\/posts\/63557\/revisions"}],"predecessor-version":[{"id":63559,"href":"http:\/\/portalcatolico.net\/portal\/wp-json\/wp\/v2\/posts\/63557\/revisions\/63559"}],"wp:featuredmedia":[{"embeddable":true,"href":"http:\/\/portalcatolico.net\/portal\/wp-json\/wp\/v2\/media\/63558"}],"wp:attachment":[{"href":"http:\/\/portalcatolico.net\/portal\/wp-json\/wp\/v2\/media?parent=63557"}],"wp:term":[{"taxonomy":"category","embeddable":true,"href":"http:\/\/portalcatolico.net\/portal\/wp-json\/wp\/v2\/categories?post=63557"},{"taxonomy":"post_tag","embeddable":true,"href":"http:\/\/portalcatolico.net\/portal\/wp-json\/wp\/v2\/tags?post=63557"}],"curies":[{"name":"wp","href":"https:\/\/api.w.org\/{rel}","templated":true}]}}