{"id":63553,"date":"2019-03-11T04:26:51","date_gmt":"2019-03-11T07:26:51","guid":{"rendered":"http:\/\/portalcatolico.net\/portal\/?p=63553"},"modified":"2019-03-11T11:27:14","modified_gmt":"2019-03-11T14:27:14","slug":"mensagem-do-papa-para-o-56-dia-mundial-de-oracao-pelas-vocacoes","status":"publish","type":"post","link":"http:\/\/portalcatolico.net\/portal\/mensagem-do-papa-para-o-56-dia-mundial-de-oracao-pelas-vocacoes\/","title":{"rendered":"Mensagem do Papa para o 56\u00b0 Dia Mundial de Ora\u00e7\u00e3o pelas Voca\u00e7\u00f5es"},"content":{"rendered":"<div class=\"article__subTitle\">Foi publicada, neste s\u00e1bado (09\/3), a Mensagem do Santo Padre para o Dia Mundial de Ora\u00e7\u00e3o pelas Voca\u00e7\u00f5es, que ocorrer\u00e1 no pr\u00f3ximo dia 12 de maio, IV Domingo da P\u00e1scoa, sobre o tema: \u201cA coragem de arriscar pela promessa de Deus\u201d.<\/div>\n<div class=\"article__text\">\n<p>No in\u00edcio da sua Mensagem, o Papa recordou os dois grandes eventos, que se realizaram recentemente na Igreja: o S\u00ednodo dedicado aos jovens, em outubro de 2018, e a 34\u00aa Jornada Mundial da Juventude no Panam\u00e1. Estes dois eventos permitiram \u00e0 Igreja dar ouvidos \u00e0 voz do Esp\u00edrito e tamb\u00e9m \u00e0 voz dos jovens, aos seus interrogativos, \u00e0s suas fadigas e esperan\u00e7as.<\/p>\n<p>Por isso, neste Dia Mundial de Ora\u00e7\u00e3o pelas Voca\u00e7\u00f5es, Francisco retoma o que partilhou com os jovens no Panam\u00e1 e reflete sobre a chamada do Senhor, que nos torna&nbsp;<i>portadores de uma promessa<\/i>&nbsp;e, ao mesmo tempo, nos pede&nbsp;<i>coragem de arriscar<\/i>&nbsp;com Ele e por Ele.<\/p>\n<p>Logo,&nbsp;<b><i>promessa<\/i><\/b>&nbsp;e&nbsp;<b><i>risco<\/i><\/b>: dois aspetos que o Papa prop\u00f5e aos jovens ao contemplar o trecho evang\u00e9lico da voca\u00e7\u00e3o dos primeiros disc\u00edpulos \u00e0s margens do Lago da Galileia.<\/p>\n<p>Dois irm\u00e3os, Sim\u00e3o e Andr\u00e9, junto com Tiago e Jo\u00e3o se ocupam da faina di\u00e1ria de pescadores. Nesta cansativa profiss\u00e3o, aprenderam as leis da natureza, desafiando-as quando os ventos eram contr\u00e1rios e as ondas agitavam os barcos. Em certos dias, a pesca abundante recompensava da \u00e1rdua fadiga, mas, outras vezes, o trabalho de uma noite inteira de pesca n\u00e3o bastava para encher as redes e voltavam para casa, cansados e decepcionados.<\/p>\n<p>Como na hist\u00f3ria de cada voca\u00e7\u00e3o, tamb\u00e9m neste caso acontece um encontro: no seu caminho, Jesus encontra aqueles pescadores e se aproxima deles. A mesma coisa acontece para quem escolhe compartilhar sua vida no matrim\u00f4nio ou quando sente o fasc\u00ednio da vida consagrada. Trata-se da surpresa de um encontro e da promessa de uma alegria, capaz de saciar a nossa vida.<\/p>\n<p>De fato, Jesus n\u00e3o demorou a fazer a sua \u201c<i>promessa<\/i>\u201d \u00e0queles pescadores: \u00abFarei de voc\u00eas pescadores de homens\u00bb.<\/p>\n<p>Contudo, a chamada do Senhor n\u00e3o \u00e9 uma inger\u00eancia de Deus na nossa liberdade; n\u00e3o \u00e9 uma jaula ou um peso que devemos carregar. Pelo contr\u00e1rio, \u00e9 a iniciativa amorosa com que Deus vem ao nosso encontro e nos convida a participar de um grande projeto.<\/p>\n<p>A voca\u00e7\u00e3o \u00e9 um convite a n\u00e3o ficarmos parados na praia com as redes na m\u00e3o, mas a seguir Jesus no seu caminho, para a nossa felicidade e para o bem dos que nos rodeiam.<\/p>\n<p>Claro, aceitar a sua promessa requer coragem de \u201c<i>arriscar<\/i>\u201d. De fato, os primeiros disc\u00edpulos, \u201cdeixaram logo as redes e seguiram Jesus\u201d. Aceitar a chamada do Senhor quer dizer deixar-se envolver totalmente e \u201ccorrer o risco\u201d de enfrentar um desafio in\u00e9dito; \u00e9 preciso deixar tudo o que nos impede de fazer uma escolha definitiva; \u00e9 preciso aud\u00e1cia para descobrir o projeto que Deus tem para n\u00f3s. Devemos confiar na promessa do Senhor.<\/p>\n<p>No encontro com o Senhor, algu\u00e9m pode sentir-se chamado \u00e0 vida consagrada ou ao sacerd\u00f3cio. Trata-se de uma descoberta que entusiasma e, ao mesmo tempo, assusta para se tornar \u201cpescadores de homens\u201d no barco da Igreja, dedicando-se totalmente ao servi\u00e7o do Evangelho e dos irm\u00e3os, colaborando assim com a sua obra. N\u00e3o h\u00e1 maior alegria do que arriscar a vida pelo Senhor!<\/p>\n<p>O Santo Padre conclui a sua Mensagem com um apelo aos jovens: \u201cN\u00e3o sejam surdos \u00e0 chamada do Senhor! Se Ele os chamar, n\u00e3o se oponham, mas confiem nele. N\u00e3o se deixem contagiar pelo medo, que nos paralisa, diante da proposta do Senhor. Lembrem-se sempre que o Senhor promete, aos que deixam tudo para segui-lo, a alegria de uma vida nova, que enche o cora\u00e7\u00e3o e anima nosso caminho\u201d.<\/p>\n<p>\u201cPor\u00e9m, nem sempre \u00e9 f\u00e1cil discernir a pr\u00f3pria voca\u00e7\u00e3o e orientar a pr\u00f3pria a vida. Por isso, os jovens devem poder contar com a Pastoral juvenil e vocacional, que ajude os ajude a descobrir o projeto de Deus, especialmente atrav\u00e9s da ora\u00e7\u00e3o, medita\u00e7\u00e3o da Palavra de Deus, adora\u00e7\u00e3o eucar\u00edstica e dire\u00e7\u00e3o espiritual\u201d.<\/p>\n<p>Neste Dia Mundial de Ora\u00e7\u00f5es pelas Voca\u00e7\u00f5es, o Papa nos convida a pedir ao Senhor que nos ajude a descobrir o seu projeto de amor e que nos d\u00ea a coragem de arriscar a empreender o caminho da sua sequela.<\/p>\n<h2>\u00cdntegra da Mensagem do Papa para o Dia Mundial de Ora\u00e7\u00e3o pelas Voca\u00e7\u00f5es -12 de maio de 2019 &#8211; IV Domingo da P\u00e1scoa.<\/h2>\n<p><b><i>A coragem de arriscar pela promessa de Deus<\/i><\/b><\/p>\n<p>Queridos irm\u00e3os e irm\u00e3s!<\/p>\n<p>Depois da experi\u00eancia vivaz e fecunda, em outubro passado, do S\u00ednodo dedicado aos jovens, celebramos recentemente no Panam\u00e1 a XXXIV Jornada Mundial da Juventude. Dois grandes eventos que permitiram \u00e0 Igreja prestar ouvidos \u00e0 voz do Esp\u00edrito e tamb\u00e9m \u00e0 vida dos jovens, aos seus interrogativos, \u00e0s canseiras que os sobrecarregam e \u00e0s esperan\u00e7as que neles vivem.<\/p>\n<p>Neste Dia Mundial de Ora\u00e7\u00e3o pelas Voca\u00e7\u00f5es, retomando precisamente aquilo que pude partilhar com os jovens no Panam\u00e1, desejo refletir sobre a chamada do Senhor enquanto nos torna&nbsp;<i>portadores duma promessa<\/i>&nbsp;e, ao mesmo tempo, nos pede&nbsp;<i>a coragem de arriscar<\/i>&nbsp;com Ele e por Ele. Quero deter-me brevemente sobre estes dois aspetos \u2013 a promessa e o risco \u2013, contemplando juntamente convosco a cena evang\u00e9lica da voca\u00e7\u00e3o dos primeiros disc\u00edpulos junto do lago da Galileia (cf.&nbsp;<i>Mc<\/i>&nbsp;1, 16-20).<\/p>\n<p>Dois pares de irm\u00e3os \u2013 Sim\u00e3o e Andr\u00e9, juntamente com Tiago e Jo\u00e3o \u2013 est\u00e3o ocupados na sua faina di\u00e1ria de pescadores. Nesta cansativa profiss\u00e3o, aprenderam as leis da natureza, desafiando-as quando os ventos eram contr\u00e1rios e as ondas agitavam os barcos. Em certos dias, a pesca abundante recompensava da \u00e1rdua fadiga, mas, outras vezes, o trabalho duma noite inteira n\u00e3o bastava para encher as redes e voltava-se para a margem cansados e desiludidos.<\/p>\n<p>Estas s\u00e3o as situa\u00e7\u00f5es comuns da vida, onde cada um de n\u00f3s se confronta com os desejos que traz no cora\u00e7\u00e3o, se empenha em atividades que \u2013 espera \u2013 possam ser frutuosas, se adentra num \u00abmar\u00bb de possibilidades sem conta \u00e0 procura da rota certa capaz de satisfazer a sua sede de felicidade. \u00c0s vezes goza-se duma pesca boa, enquanto noutras \u00e9 preciso armar-se de coragem para governar um barco sacudido pelas ondas, ou lidar com a frustra\u00e7\u00e3o de estar com as redes vazias.<\/p>\n<p>Como na hist\u00f3ria de cada voca\u00e7\u00e3o, tamb\u00e9m neste caso acontece um encontro. Jesus vai pelo caminho, v\u00ea aqueles pescadores e aproxima-Se&#8230; Sucedeu assim com a pessoa que escolhemos para compartilhar a vida no matrim\u00f3nio, ou quando sentimos o fasc\u00ednio da vida consagrada: vivemos a surpresa dum encontro e, naquele momento, vislumbramos a promessa duma alegria capaz de saciar a nossa vida. De igual modo naquele dia, junto do lago da Galileia, Jesus foi ao encontro daqueles pescadores, quebrando a \u00abparalisia da normalidade\u00bb (<i>Homilia no XXII Dia Mundial da Vida Consagrada<\/i>, 2\/II\/2018). E n\u00e3o tardou a fazer-lhes uma promessa: \u00abFarei de v\u00f3s pescadores de homens\u00bb (<i>Mc<\/i>&nbsp;1, 17).<\/p>\n<p>Sendo assim, a chamada do Senhor n\u00e3o \u00e9 uma inger\u00eancia de Deus na nossa liberdade; n\u00e3o \u00e9 uma \u00abjaula\u00bb ou um peso que nos \u00e9 colocado \u00e0s costas. Pelo contr\u00e1rio, \u00e9 a iniciativa amorosa com que Deus vem ao nosso encontro e nos convida a entrar num grande projeto, do qual nos quer tornar participantes, apresentando-nos o horizonte dum mar mais amplo e duma pesca superabundante.<\/p>\n<p>Com efeito, o desejo de Deus \u00e9 que a nossa vida n\u00e3o se torne prisioneira do banal, n\u00e3o se deixe arrastar por in\u00e9rcia nos h\u00e1bitos de todos os dias, nem permane\u00e7a inerte perante aquelas op\u00e7\u00f5es que lhe poderiam dar significado. O Senhor n\u00e3o quer que nos resignemos a viver o dia a dia, pensando que afinal de contas n\u00e3o h\u00e1 nada por que valha a pena comprometer-se apaixonadamente e apagando a inquieta\u00e7\u00e3o interior de procurar novas rotas para a nossa navega\u00e7\u00e3o. Se \u00e0s vezes nos faz experimentar uma \u00abpesca miraculosa\u00bb, \u00e9 porque nos quer fazer descobrir que cada um de n\u00f3s \u00e9 chamado \u2013 de diferentes modos \u2013 para algo de grande, e que a vida n\u00e3o deve ficar presa nas redes do sem-sentido e daquilo que anestesia o cora\u00e7\u00e3o. Em suma, a voca\u00e7\u00e3o \u00e9 um convite a n\u00e3o ficar parado na praia com as redes na m\u00e3o, mas seguir Jesus pelo caminho que Ele pensou para n\u00f3s, para a nossa felicidade e para o bem daqueles que nos rodeiam.<\/p>\n<p>Naturalmente, abra\u00e7ar esta promessa requer a coragem de arriscar uma escolha. Sentindo-se chamados por Ele a tomar parte num sonho maior, os primeiros disc\u00edpulos, \u00abdeixando logo as redes, seguiram-No\u00bb (<i>Mc<\/i>&nbsp;1, 18). Isto significa que, para aceitar a chamada do Senhor, \u00e9 preciso deixar-se envolver totalmente e correr o risco de enfrentar um desafio in\u00e9dito; \u00e9 preciso deixar tudo o que nos poderia manter amarrados ao nosso pequeno barco, impedindo-nos de fazer uma escolha definitiva; \u00e9-nos pedida a aud\u00e1cia que nos impele com for\u00e7a a descobrir o projeto que Deus tem para a nossa vida. Substancialmente, quando estamos colocados perante o vasto mar da voca\u00e7\u00e3o, n\u00e3o podemos ficar a reparar as nossas redes no barco que nos d\u00e1 seguran\u00e7a, mas devemos fiar-nos da promessa do Senhor.<\/p>\n<p>Penso, antes de mais nada, na chamada \u00e0 vida crist\u00e3, que todos recebemos com o Batismo e que nos lembra como a nossa vida n\u00e3o \u00e9 fruto do acaso, mas uma d\u00e1diva a filhos amados pelo Senhor, reunidos na grande fam\u00edlia da Igreja. \u00c9 precisamente na comunidade eclesial que nasce e se desenvolve a exist\u00eancia crist\u00e3, sobretudo por meio da Liturgia que nos introduz na escuta da Palavra de Deus e na gra\u00e7a dos Sacramentos; \u00e9 nela que somos, desde tenra idade, iniciados na arte da ora\u00e7\u00e3o e na partilha fraterna. Precisamente porque nos gera para a vida nova e nos leva a Cristo, a Igreja \u00e9 nossa m\u00e3e; por isso devemos am\u00e1-la, mesmo quando vislumbramos no seu rosto as rugas da fragilidade e do pecado, e devemos contribuir para a tornar cada vez mais bela e luminosa, para que possa ser um testemunho do amor de Deus no mundo.<\/p>\n<p>Depois, a vida crist\u00e3 encontra a sua express\u00e3o naquelas op\u00e7\u00f5es que, enquanto conferem uma dire\u00e7\u00e3o concreta \u00e0 nossa navega\u00e7\u00e3o, contribuem tamb\u00e9m para o crescimento do Reino de Deus na sociedade. Penso na op\u00e7\u00e3o de se casar em Cristo e formar uma fam\u00edlia, bem como nas outras voca\u00e7\u00f5es ligadas ao mundo do trabalho e das profiss\u00f5es, no compromisso no campo da caridade e da solidariedade, nas responsabilidades sociais e pol\u00edticas, etc. Trata-se de voca\u00e7\u00f5es que nos tornam portadores duma promessa de bem, amor e justi\u00e7a, n\u00e3o s\u00f3 para n\u00f3s mesmos, mas tamb\u00e9m para os contextos sociais e culturais onde vivemos, que precisam de crist\u00e3os corajosos e testemunhas aut\u00eanticas do Reino de Deus.<\/p>\n<p>No encontro com o Senhor, algu\u00e9m pode sentir o fasc\u00ednio duma chamada \u00e0 vida consagrada ou ao sacerd\u00f3cio ordenado. Trata-se duma descoberta que entusiasma e, ao mesmo tempo, assusta, sentindo-se chamado a tornar-se \u00abpescador de homens\u00bb no barco da Igreja atrav\u00e9s duma oferta total de si mesmo e do compromisso dum servi\u00e7o fiel ao Evangelho e aos irm\u00e3os. Esta escolha inclui o risco de deixar tudo para seguir o Senhor e de consagrar-se completamente a Ele para colaborar na sua obra. Muitas resist\u00eancias interiores podem obstaculizar uma tal decis\u00e3o, mas tamb\u00e9m, em certos contextos muito secularizados onde parece n\u00e3o haver lugar para Deus e o Evangelho, pode-se desanimar e cair no \u00abcansa\u00e7o da esperan\u00e7a\u00bb (<i>Homilia na Missa com sacerdotes, pessoas consagradas e movimentos laicais<\/i>, Panam\u00e1, 26\/I\/2019).<\/p>\n<p>E, todavia, n\u00e3o h\u00e1 alegria maior do que arriscar a vida pelo Senhor! Particularmente a v\u00f3s, jovens, gostaria de dizer: n\u00e3o sejais surdos \u00e0 chamada do Senhor! Se Ele vos chamar por esta estrada, n\u00e3o vos oponhais e confiai n\u2019Ele. N\u00e3o vos deixeis contagiar pelo medo, que nos paralisa \u00e0 vista dos altos cumes que o Senhor nos prop\u00f5e. Lembrai-vos sempre que o Senhor, \u00e0queles que deixam as redes e o barco para O seguir, promete a alegria duma vida nova, que enche o cora\u00e7\u00e3o e anima o caminho.<\/p>\n<p>Queridos amigos, nem sempre \u00e9 f\u00e1cil discernir a pr\u00f3pria voca\u00e7\u00e3o e orientar justamente a vida. Por isso, h\u00e1 necessidade dum renovado esfor\u00e7o por parte de toda a Igreja \u2013 sacerdotes, religiosos, animadores pastorais, educadores \u2013 para que se proporcionem, sobretudo aos jovens, ocasi\u00f5es de escuta e discernimento. H\u00e1 necessidade duma pastoral juvenil e vocacional que ajude a descobrir o projeto de Deus, especialmente atrav\u00e9s da ora\u00e7\u00e3o, medita\u00e7\u00e3o da Palavra de Deus, adora\u00e7\u00e3o eucar\u00edstica e dire\u00e7\u00e3o espiritual.<\/p>\n<p>Como v\u00e1rias vezes se assinalou durante a Jornada Mundial da Juventude do Panam\u00e1, precisamos de olhar para Maria. Na hist\u00f3ria daquela jovem, a voca\u00e7\u00e3o tamb\u00e9m foi uma promessa e, simultaneamente, um risco. A sua miss\u00e3o n\u00e3o foi f\u00e1cil, mas Ela n\u00e3o permitiu que o medo A vencesse. O d\u2019Ela \u00abfoi o \u201csim\u201d de quem quer comprometer-se e arriscar, de quem quer apostar tudo, sem ter outra garantia para al\u00e9m da certeza de saber que \u00e9 portadora duma promessa. Pergunto a cada um de v\u00f3s: sentes-te portador duma promessa? Que promessa trago no meu cora\u00e7\u00e3o, devendo dar-lhe continuidade? Maria teria, sem d\u00favida, uma miss\u00e3o dif\u00edcil, mas as dificuldades n\u00e3o eram motivo para dizer \u201cn\u00e3o\u201d. Com certeza teria complica\u00e7\u00f5es, mas n\u00e3o haveriam de ser id\u00eanticas \u00e0s que se verificam quando a covardia nos paralisa por n\u00e3o vermos, antecipadamente, tudo claro ou garantido\u00bb (<i>Vig\u00edlia com os jovens<\/i>, Panam\u00e1, 26\/I\/2019).<\/p>\n<p>Neste Dia, unimo-nos em ora\u00e7\u00e3o pedindo ao Senhor que nos fa\u00e7a descobrir o seu projeto de amor para a nossa vida, e que nos d\u00ea a coragem de arriscar no caminho que Ele, desde sempre, pensou para n\u00f3s.<\/p>\n<p>Vaticano, Mem\u00f3ria de S\u00e3o Jo\u00e3o Bosco, 31 de janeiro de 2019.<\/p>\n<p><i>Franciscus<\/i><\/p>\n<p>Por Manoel Tavares\/Vatican News<\/p>\n<p>&nbsp;<\/p>\n<\/div>\n","protected":false},"excerpt":{"rendered":"<p>Foi publicada, neste s\u00e1bado (09\/3), a Mensagem do Santo Padre para o Dia Mundial de Ora\u00e7\u00e3o pelas Voca\u00e7\u00f5es, que ocorrer\u00e1 no pr\u00f3ximo dia 12 de maio, IV Domingo da P\u00e1scoa, sobre o tema: \u201cA coragem de arriscar pela promessa de Deus\u201d. No in\u00edcio da sua Mensagem, o Papa recordou os dois grandes eventos, que se&nbsp;<\/p>\n<p><a class=\"btn btn-style\" href=\"http:\/\/portalcatolico.net\/portal\/mensagem-do-papa-para-o-56-dia-mundial-de-oracao-pelas-vocacoes\/\">Continue Reading<\/a><\/p>\n","protected":false},"author":2,"featured_media":63554,"comment_status":"open","ping_status":"open","sticky":false,"template":"","format":"standard","meta":{"footnotes":""},"categories":[5],"tags":[],"class_list":["post-63553","post","type-post","status-publish","format-standard","has-post-thumbnail","hentry","category-igreja_no_mundo"],"_links":{"self":[{"href":"http:\/\/portalcatolico.net\/portal\/wp-json\/wp\/v2\/posts\/63553","targetHints":{"allow":["GET"]}}],"collection":[{"href":"http:\/\/portalcatolico.net\/portal\/wp-json\/wp\/v2\/posts"}],"about":[{"href":"http:\/\/portalcatolico.net\/portal\/wp-json\/wp\/v2\/types\/post"}],"author":[{"embeddable":true,"href":"http:\/\/portalcatolico.net\/portal\/wp-json\/wp\/v2\/users\/2"}],"replies":[{"embeddable":true,"href":"http:\/\/portalcatolico.net\/portal\/wp-json\/wp\/v2\/comments?post=63553"}],"version-history":[{"count":1,"href":"http:\/\/portalcatolico.net\/portal\/wp-json\/wp\/v2\/posts\/63553\/revisions"}],"predecessor-version":[{"id":63555,"href":"http:\/\/portalcatolico.net\/portal\/wp-json\/wp\/v2\/posts\/63553\/revisions\/63555"}],"wp:featuredmedia":[{"embeddable":true,"href":"http:\/\/portalcatolico.net\/portal\/wp-json\/wp\/v2\/media\/63554"}],"wp:attachment":[{"href":"http:\/\/portalcatolico.net\/portal\/wp-json\/wp\/v2\/media?parent=63553"}],"wp:term":[{"taxonomy":"category","embeddable":true,"href":"http:\/\/portalcatolico.net\/portal\/wp-json\/wp\/v2\/categories?post=63553"},{"taxonomy":"post_tag","embeddable":true,"href":"http:\/\/portalcatolico.net\/portal\/wp-json\/wp\/v2\/tags?post=63553"}],"curies":[{"name":"wp","href":"https:\/\/api.w.org\/{rel}","templated":true}]}}