{"id":63543,"date":"2019-03-11T06:58:47","date_gmt":"2019-03-11T09:58:47","guid":{"rendered":"http:\/\/portalcatolico.net\/portal\/?p=63543"},"modified":"2019-03-11T11:05:12","modified_gmt":"2019-03-11T14:05:12","slug":"padre-edvan-e-empossado-nas-paroquias-em-mascote","status":"publish","type":"post","link":"http:\/\/portalcatolico.net\/portal\/padre-edvan-e-empossado-nas-paroquias-em-mascote\/","title":{"rendered":"Padre Edvan \u00e9 empossado nas par\u00f3quias em Mascote"},"content":{"rendered":"<p>Os paroquianos das&nbsp; par\u00f3quias S\u00e3o Sebasti\u00e3o na cidade de Mascote e S\u00e3o&nbsp;Jo\u00e3o Batista no distrito de S\u00e3o Jo\u00e3o do Para\u00edso, no sul da Bahia,&nbsp;acolheram, neste domingo, 10 de mar\u00e7o, em posse can\u00f4nica, o seu novo p\u00e1roco,&nbsp;o Pe. Edvan Vieira Serra Sena, SAC.<br \/>\n&nbsp; As duas par\u00f3quias s\u00e3o administradas pelos palatinos que s\u00e3o&nbsp;uma sociedade de vida apost\u00f3lica da Igreja Cat\u00f3lica&nbsp;Apost\u00f3lica Romana, fundada em 1835, com o nome de Sociedade do&nbsp;Apostolado Cat\u00f3lico, pelo Padre e fundador Vicente Pallotti.<\/p>\n<p>A primeira par\u00f3quia a receber e acolher o Pe. Edvan foi a Igreja matriz&nbsp;de S\u00e3o Sebasti\u00e3o na cidade de Mascote.&nbsp;&nbsp;\u00c0s 19h, aconteceu a cerim\u00f4nia de posse&nbsp;o distrito de S\u00e3o Jo\u00e3o do Para\u00edso. As&nbsp; comunidades e a igreja&nbsp;matriz estavam&nbsp; representadas pelos seus membros de pastorais e&nbsp;movimentos, al\u00e9m de amigos do sacerdote.<br \/>\nO religioso foi&nbsp; acolhido com muita alegria!<\/p>\n<p>&nbsp;Ele assume em lugar do&nbsp;padre Francisco Pio Dantas, que foi transferido para a par\u00f3quia&nbsp;S\u00e3o Sebasti\u00e3o em Camacan.<br \/>\nA Celebra\u00e7\u00e3o Eucar\u00edstica&nbsp; foi&nbsp; presidida pelo bispo diocesano Dom&nbsp;Carlos Alberto dos Santos, e concelebrada por diversos padres&nbsp; das&nbsp;diocese de Itabuna, Ilh\u00e9us, entre outras,com a presen\u00e7a do provincial do Pe.&nbsp;Joselino Reinaldo de Oliveira.&nbsp;<\/p>\n<p>A missa de posse teve in\u00edcio&nbsp;com as ora\u00e7\u00f5es e apresenta\u00e7\u00e3o do padre Edvan para toda a comunidade.<br \/>\nDurante a cerim\u00f4nia,&nbsp; aconteceu o rito de posse do novo p\u00e1roco, que&nbsp;recebeu do bispo,&nbsp;&nbsp;as chaves da Igreja e do Sacr\u00e1rio, o \u00f3leo batismal e a&nbsp;estola roxa, marcando a miss\u00e3o do p\u00e1roco em administrar o sacramento da&nbsp;penit\u00eancia.<br \/>\nPadre Edvan tamb\u00e9m realizou sua profiss\u00e3o de f\u00e9 e o juramento de&nbsp;fidelidade, al\u00e9m da renova\u00e7\u00e3o das promessas sacerdotais e o cumprimento&nbsp;da Palavra de Deus.<\/p>\n<p><img loading=\"lazy\" decoding=\"async\" class=\"alignnone size-medium wp-image-63547\" src=\"http:\/\/portalcatolico.net\/portal\/wp-content\/uploads\/2019\/03\/sem-t\u00edtulo-3-1-300x225.jpg\" alt=\"\" width=\"300\" height=\"225\" srcset=\"http:\/\/portalcatolico.net\/portal\/wp-content\/uploads\/2019\/03\/sem-t\u00edtulo-3-1-300x225.jpg 300w, http:\/\/portalcatolico.net\/portal\/wp-content\/uploads\/2019\/03\/sem-t\u00edtulo-3-1-768x576.jpg 768w, http:\/\/portalcatolico.net\/portal\/wp-content\/uploads\/2019\/03\/sem-t\u00edtulo-3-1-1024x768.jpg 1024w, http:\/\/portalcatolico.net\/portal\/wp-content\/uploads\/2019\/03\/sem-t\u00edtulo-3-1.jpg 2000w\" sizes=\"auto, (max-width: 300px) 100vw, 300px\" \/> <img loading=\"lazy\" decoding=\"async\" class=\"alignnone size-medium wp-image-63548\" src=\"http:\/\/portalcatolico.net\/portal\/wp-content\/uploads\/2019\/03\/sem-t\u00edtulo-129-300x225.jpg\" alt=\"\" width=\"300\" height=\"225\" srcset=\"http:\/\/portalcatolico.net\/portal\/wp-content\/uploads\/2019\/03\/sem-t\u00edtulo-129-300x225.jpg 300w, http:\/\/portalcatolico.net\/portal\/wp-content\/uploads\/2019\/03\/sem-t\u00edtulo-129-768x576.jpg 768w, http:\/\/portalcatolico.net\/portal\/wp-content\/uploads\/2019\/03\/sem-t\u00edtulo-129-1024x768.jpg 1024w, http:\/\/portalcatolico.net\/portal\/wp-content\/uploads\/2019\/03\/sem-t\u00edtulo-129.jpg 2000w\" sizes=\"auto, (max-width: 300px) 100vw, 300px\" \/> <img loading=\"lazy\" decoding=\"async\" class=\"alignnone size-medium wp-image-63549\" src=\"http:\/\/portalcatolico.net\/portal\/wp-content\/uploads\/2019\/03\/sem-t\u00edtulo-116-300x225.jpg\" alt=\"\" width=\"300\" height=\"225\" srcset=\"http:\/\/portalcatolico.net\/portal\/wp-content\/uploads\/2019\/03\/sem-t\u00edtulo-116-300x225.jpg 300w, http:\/\/portalcatolico.net\/portal\/wp-content\/uploads\/2019\/03\/sem-t\u00edtulo-116-768x576.jpg 768w, http:\/\/portalcatolico.net\/portal\/wp-content\/uploads\/2019\/03\/sem-t\u00edtulo-116-1024x768.jpg 1024w, http:\/\/portalcatolico.net\/portal\/wp-content\/uploads\/2019\/03\/sem-t\u00edtulo-116.jpg 2000w\" sizes=\"auto, (max-width: 300px) 100vw, 300px\" \/> <img loading=\"lazy\" decoding=\"async\" class=\"alignnone size-medium wp-image-63550\" src=\"http:\/\/portalcatolico.net\/portal\/wp-content\/uploads\/2019\/03\/sem-t\u00edtulo-206-300x225.jpg\" alt=\"\" width=\"300\" height=\"225\" srcset=\"http:\/\/portalcatolico.net\/portal\/wp-content\/uploads\/2019\/03\/sem-t\u00edtulo-206-300x225.jpg 300w, http:\/\/portalcatolico.net\/portal\/wp-content\/uploads\/2019\/03\/sem-t\u00edtulo-206-768x576.jpg 768w, http:\/\/portalcatolico.net\/portal\/wp-content\/uploads\/2019\/03\/sem-t\u00edtulo-206-1024x768.jpg 1024w, http:\/\/portalcatolico.net\/portal\/wp-content\/uploads\/2019\/03\/sem-t\u00edtulo-206.jpg 2000w\" sizes=\"auto, (max-width: 300px) 100vw, 300px\" \/><\/p>\n<p>VEJA MAIS FOTOS EM NOSSA FAN PAGE NO FACEBOOK.<a href=\"https:\/\/www.facebook.com\/portalcatolicooficial\/\"><strong>CLIQUE AQUI<\/strong><\/a><\/p>\n","protected":false},"excerpt":{"rendered":"<p>Os paroquianos das&nbsp; par\u00f3quias S\u00e3o Sebasti\u00e3o na cidade de Mascote e S\u00e3o&nbsp;Jo\u00e3o Batista no distrito de S\u00e3o Jo\u00e3o do Para\u00edso, no sul da Bahia,&nbsp;acolheram, neste domingo, 10 de mar\u00e7o, em posse can\u00f4nica, o seu novo p\u00e1roco,&nbsp;o Pe. Edvan Vieira Serra Sena, SAC. &nbsp; As duas par\u00f3quias s\u00e3o administradas pelos palatinos que s\u00e3o&nbsp;uma sociedade de vida&nbsp;<\/p>\n<p><a class=\"btn btn-style\" href=\"http:\/\/portalcatolico.net\/portal\/padre-edvan-e-empossado-nas-paroquias-em-mascote\/\">Continue Reading<\/a><\/p>\n","protected":false},"author":2,"featured_media":63544,"comment_status":"open","ping_status":"open","sticky":false,"template":"","format":"standard","meta":{"footnotes":""},"categories":[4],"tags":[],"class_list":["post-63543","post","type-post","status-publish","format-standard","has-post-thumbnail","hentry","category-destaques"],"_links":{"self":[{"href":"http:\/\/portalcatolico.net\/portal\/wp-json\/wp\/v2\/posts\/63543","targetHints":{"allow":["GET"]}}],"collection":[{"href":"http:\/\/portalcatolico.net\/portal\/wp-json\/wp\/v2\/posts"}],"about":[{"href":"http:\/\/portalcatolico.net\/portal\/wp-json\/wp\/v2\/types\/post"}],"author":[{"embeddable":true,"href":"http:\/\/portalcatolico.net\/portal\/wp-json\/wp\/v2\/users\/2"}],"replies":[{"embeddable":true,"href":"http:\/\/portalcatolico.net\/portal\/wp-json\/wp\/v2\/comments?post=63543"}],"version-history":[{"count":4,"href":"http:\/\/portalcatolico.net\/portal\/wp-json\/wp\/v2\/posts\/63543\/revisions"}],"predecessor-version":[{"id":63552,"href":"http:\/\/portalcatolico.net\/portal\/wp-json\/wp\/v2\/posts\/63543\/revisions\/63552"}],"wp:featuredmedia":[{"embeddable":true,"href":"http:\/\/portalcatolico.net\/portal\/wp-json\/wp\/v2\/media\/63544"}],"wp:attachment":[{"href":"http:\/\/portalcatolico.net\/portal\/wp-json\/wp\/v2\/media?parent=63543"}],"wp:term":[{"taxonomy":"category","embeddable":true,"href":"http:\/\/portalcatolico.net\/portal\/wp-json\/wp\/v2\/categories?post=63543"},{"taxonomy":"post_tag","embeddable":true,"href":"http:\/\/portalcatolico.net\/portal\/wp-json\/wp\/v2\/tags?post=63543"}],"curies":[{"name":"wp","href":"https:\/\/api.w.org\/{rel}","templated":true}]}}