{"id":63533,"date":"2019-03-09T20:29:19","date_gmt":"2019-03-09T23:29:19","guid":{"rendered":"http:\/\/portalcatolico.net\/portal\/?p=63533"},"modified":"2019-03-09T20:59:44","modified_gmt":"2019-03-09T23:59:44","slug":"coletiva-de-imprensa-aborda-festa-de-sao-jose-em-itabuna","status":"publish","type":"post","link":"http:\/\/portalcatolico.net\/portal\/coletiva-de-imprensa-aborda-festa-de-sao-jose-em-itabuna\/","title":{"rendered":"Coletiva de imprensa aborda Festa de S\u00e3o Jos\u00e9 em Itabuna"},"content":{"rendered":"<div dir=\"auto\">Neste s\u00e1bado (09\/03), Dom Carlos Alberto dos Santos, Bispo Diocesano de Itabuna , acompanhado dos Padre Gilvan Oliveira (p\u00e1roco da Par\u00f3quia Catedral S\u00e3o Jos\u00e9) e do Pe. Ac\u00e1ssio Alves (Coordenador Diocesano de Pastoral) concedeu uma entrevista aos ve\u00edculos de comunica\u00e7\u00e3o da cidade,&nbsp; realizada no sal\u00e3o paroquial Dom Paulo Lopes de Farias, nas depend\u00eancias da Par\u00f3quia Catedral S\u00e3o Jos\u00e9, \u00e0s 8h30min. Na oportunidade, foi explanando o tema do Noven\u00e1rio e Festa de S\u00e3o Jos\u00e9 2019.&nbsp;<\/div>\n<div dir=\"auto\">A coletiva de impressa foi assessorada por Jan Eric, coordenador da Pastoral da Comunica\u00e7\u00e3o (Pascom).&nbsp;<\/div>\n<div dir=\"auto\">A coletiva marca o in\u00edcio dos preparativos para a festa de S\u00e3o Jos\u00e9, padroeiro da diocese, da Catedral e do munic\u00edpio de Itabuna, no sul da Bahia. Neste ano, as reflex\u00f5es giram em torno do tema central: &#8220;Igreja Comunidades dos Disc\u00edpulos Mission\u00e1rios de Jesus Cristo&#8221;.<\/div>\n<div dir=\"auto\">O noven\u00e1rio tem in\u00edcio neste domingo (10) e segue at\u00e9 dia 19 deste m\u00eas.<\/div>\n<div dir=\"auto\">Confira a programa\u00e7\u00e3o:<a href=\"http:\/\/portalcatolico.net\/portal\/vem-ai-a-festa-de-sao-jose-o-padroeiro-da-catedral-da-cidade-e-da-diocese-de-itabuna-2\/\"><strong>Clique aqui<\/strong><\/a><\/div>\n<div dir=\"auto\"><img loading=\"lazy\" decoding=\"async\" class=\"alignnone size-medium wp-image-63536\" src=\"http:\/\/portalcatolico.net\/portal\/wp-content\/uploads\/2019\/03\/sem-t\u00edtulo-2-1-300x225.jpg\" alt=\"\" width=\"300\" height=\"225\" srcset=\"http:\/\/portalcatolico.net\/portal\/wp-content\/uploads\/2019\/03\/sem-t\u00edtulo-2-1-300x225.jpg 300w, http:\/\/portalcatolico.net\/portal\/wp-content\/uploads\/2019\/03\/sem-t\u00edtulo-2-1-768x576.jpg 768w, http:\/\/portalcatolico.net\/portal\/wp-content\/uploads\/2019\/03\/sem-t\u00edtulo-2-1-1024x768.jpg 1024w, http:\/\/portalcatolico.net\/portal\/wp-content\/uploads\/2019\/03\/sem-t\u00edtulo-2-1.jpg 2000w\" sizes=\"auto, (max-width: 300px) 100vw, 300px\" \/><img loading=\"lazy\" decoding=\"async\" class=\"alignnone size-medium wp-image-63537\" src=\"http:\/\/portalcatolico.net\/portal\/wp-content\/uploads\/2019\/03\/sem-t\u00edtulo-10-1-300x225.jpg\" alt=\"\" width=\"300\" height=\"225\" srcset=\"http:\/\/portalcatolico.net\/portal\/wp-content\/uploads\/2019\/03\/sem-t\u00edtulo-10-1-300x225.jpg 300w, http:\/\/portalcatolico.net\/portal\/wp-content\/uploads\/2019\/03\/sem-t\u00edtulo-10-1-768x576.jpg 768w, http:\/\/portalcatolico.net\/portal\/wp-content\/uploads\/2019\/03\/sem-t\u00edtulo-10-1-1024x768.jpg 1024w, http:\/\/portalcatolico.net\/portal\/wp-content\/uploads\/2019\/03\/sem-t\u00edtulo-10-1.jpg 2000w\" sizes=\"auto, (max-width: 300px) 100vw, 300px\" \/><img loading=\"lazy\" decoding=\"async\" class=\"alignnone size-medium wp-image-63539\" src=\"http:\/\/portalcatolico.net\/portal\/wp-content\/uploads\/2019\/03\/sem-t\u00edtulo-18-300x225.jpg\" alt=\"\" width=\"300\" height=\"225\" srcset=\"http:\/\/portalcatolico.net\/portal\/wp-content\/uploads\/2019\/03\/sem-t\u00edtulo-18-300x225.jpg 300w, http:\/\/portalcatolico.net\/portal\/wp-content\/uploads\/2019\/03\/sem-t\u00edtulo-18-768x576.jpg 768w, http:\/\/portalcatolico.net\/portal\/wp-content\/uploads\/2019\/03\/sem-t\u00edtulo-18-1024x768.jpg 1024w, http:\/\/portalcatolico.net\/portal\/wp-content\/uploads\/2019\/03\/sem-t\u00edtulo-18.jpg 2000w\" sizes=\"auto, (max-width: 300px) 100vw, 300px\" \/> <img loading=\"lazy\" decoding=\"async\" class=\"alignnone size-medium wp-image-63540\" src=\"http:\/\/portalcatolico.net\/portal\/wp-content\/uploads\/2019\/03\/sem-t\u00edtulo-19-300x225.jpg\" alt=\"\" width=\"300\" height=\"225\" srcset=\"http:\/\/portalcatolico.net\/portal\/wp-content\/uploads\/2019\/03\/sem-t\u00edtulo-19-300x225.jpg 300w, http:\/\/portalcatolico.net\/portal\/wp-content\/uploads\/2019\/03\/sem-t\u00edtulo-19-768x576.jpg 768w, http:\/\/portalcatolico.net\/portal\/wp-content\/uploads\/2019\/03\/sem-t\u00edtulo-19-1024x768.jpg 1024w, http:\/\/portalcatolico.net\/portal\/wp-content\/uploads\/2019\/03\/sem-t\u00edtulo-19.jpg 2000w\" sizes=\"auto, (max-width: 300px) 100vw, 300px\" \/><\/div>\n","protected":false},"excerpt":{"rendered":"<p>Neste s\u00e1bado (09\/03), Dom Carlos Alberto dos Santos, Bispo Diocesano de Itabuna , acompanhado dos Padre Gilvan Oliveira (p\u00e1roco da Par\u00f3quia Catedral S\u00e3o Jos\u00e9) e do Pe. Ac\u00e1ssio Alves (Coordenador Diocesano de Pastoral) concedeu uma entrevista aos ve\u00edculos de comunica\u00e7\u00e3o da cidade,&nbsp; realizada no sal\u00e3o paroquial Dom Paulo Lopes de Farias, nas depend\u00eancias da Par\u00f3quia&nbsp;<\/p>\n<p><a class=\"btn btn-style\" href=\"http:\/\/portalcatolico.net\/portal\/coletiva-de-imprensa-aborda-festa-de-sao-jose-em-itabuna\/\">Continue Reading<\/a><\/p>\n","protected":false},"author":2,"featured_media":63534,"comment_status":"open","ping_status":"open","sticky":false,"template":"","format":"standard","meta":{"footnotes":""},"categories":[4],"tags":[],"class_list":["post-63533","post","type-post","status-publish","format-standard","has-post-thumbnail","hentry","category-destaques"],"_links":{"self":[{"href":"http:\/\/portalcatolico.net\/portal\/wp-json\/wp\/v2\/posts\/63533","targetHints":{"allow":["GET"]}}],"collection":[{"href":"http:\/\/portalcatolico.net\/portal\/wp-json\/wp\/v2\/posts"}],"about":[{"href":"http:\/\/portalcatolico.net\/portal\/wp-json\/wp\/v2\/types\/post"}],"author":[{"embeddable":true,"href":"http:\/\/portalcatolico.net\/portal\/wp-json\/wp\/v2\/users\/2"}],"replies":[{"embeddable":true,"href":"http:\/\/portalcatolico.net\/portal\/wp-json\/wp\/v2\/comments?post=63533"}],"version-history":[{"count":4,"href":"http:\/\/portalcatolico.net\/portal\/wp-json\/wp\/v2\/posts\/63533\/revisions"}],"predecessor-version":[{"id":63542,"href":"http:\/\/portalcatolico.net\/portal\/wp-json\/wp\/v2\/posts\/63533\/revisions\/63542"}],"wp:featuredmedia":[{"embeddable":true,"href":"http:\/\/portalcatolico.net\/portal\/wp-json\/wp\/v2\/media\/63534"}],"wp:attachment":[{"href":"http:\/\/portalcatolico.net\/portal\/wp-json\/wp\/v2\/media?parent=63533"}],"wp:term":[{"taxonomy":"category","embeddable":true,"href":"http:\/\/portalcatolico.net\/portal\/wp-json\/wp\/v2\/categories?post=63533"},{"taxonomy":"post_tag","embeddable":true,"href":"http:\/\/portalcatolico.net\/portal\/wp-json\/wp\/v2\/tags?post=63533"}],"curies":[{"name":"wp","href":"https:\/\/api.w.org\/{rel}","templated":true}]}}