{"id":63530,"date":"2019-03-09T04:38:14","date_gmt":"2019-03-09T07:38:14","guid":{"rendered":"http:\/\/portalcatolico.net\/portal\/?p=63530"},"modified":"2019-03-09T17:38:35","modified_gmt":"2019-03-09T20:38:35","slug":"neste-domingo-paroquia-sao-jose-de-amaralina-realiza-carreata-e-a-primeira-noite-do-novenario-em-honra-ao-padroeiro","status":"publish","type":"post","link":"http:\/\/portalcatolico.net\/portal\/neste-domingo-paroquia-sao-jose-de-amaralina-realiza-carreata-e-a-primeira-noite-do-novenario-em-honra-ao-padroeiro\/","title":{"rendered":"Neste domingo, Par\u00f3quia S\u00e3o Jos\u00e9 de Amaralina realiza carreata e a primeira noite do noven\u00e1rio em honra ao padroeiro"},"content":{"rendered":"<p>Com o tema \u201cS\u00e3o Jos\u00e9, homem, justo, pacificador\u201d, a Par\u00f3quia S\u00e3o Jos\u00e9 de Amaralina dar\u00e1 in\u00edcio aos festejos em honra ao padroeiro neste domingo, dia 10 de mar\u00e7o. A primeira atividade ter\u00e1 in\u00edcio \u00e0s 9h, com uma carreata, que sair\u00e1 da Igreja Matriz (Rua Dr. Edgard Barros, s\/n, Amaralina) e seguir\u00e1 pelas ruas Aurelino Silva, Visconde de Itabora\u00ed, Oswaldo Cruz, Marqu\u00eas de Monte Santo e pelas avenidas Amaralina, Largo de Amaralina, Oct\u00e1vio Mangabeira, Manoel Dias da Silva e retornar\u00e1 para a Igreja Matriz.<\/p>\n<p>\u00c9 tamb\u00e9m neste domingo, \u00e0s 19h, que ter\u00e1 in\u00edcio a primeira noite do noven\u00e1rio, que seguir\u00e1 at\u00e9 o dia 18 de mar\u00e7o. A cada noite os fi\u00e9is s\u00e3o convidados a realizar um gesto concreto por meio da doa\u00e7\u00e3o de material de higiene pessoal (1\u00aa noite), copos descart\u00e1veis (2\u00aa noite), arroz (3\u00aa noite), caf\u00e9 (4\u00aa noite), a\u00e7\u00facar (5\u00aa noite), papel higi\u00eanico e fralda geri\u00e1trica (6\u00aa noite), leite (7\u00aa noite), feij\u00e3o (8\u00aa noite) e macarr\u00e3o (9\u00aa noite).<\/p>\n<p>\u00c9 importante destacar que todos os dias durante o noven\u00e1rio haver\u00e1 Missa \u00e0s 18h, com exce\u00e7\u00e3o dos domingos e do dia 16, quando, al\u00e9m da novena que acontecer\u00e1 \u00e0s 19h, os devotos de S\u00e3o Jos\u00e9 participar\u00e3o da Missa na praia de Amaralina, \u00e0s 6h, em sufr\u00e1gio das almas dos fi\u00e9is j\u00e1 falecidos.<\/p>\n<p>No dia festivo, 19 de mar\u00e7o, haver\u00e1 alvorada e recita\u00e7\u00e3o do Of\u00edcio de S\u00e3o Jose, \u00e0s 5h30; Missas \u00e0s 6h (pela comunidade e pelos devotos), \u00e0s 8h (pelas crian\u00e7as), \u00e0s 10h (pelos enfermos), \u00e0s 12h30 (pelos trabalhadores) e \u00e0s 16h (pelas fam\u00edlias e pelos benfeitores). \u00c0s 14h30 os fi\u00e9is participar\u00e3o da Hora Santa da Miseric\u00f3rdia, com adora\u00e7\u00e3o ao Sant\u00edssimo Sacramento.<\/p>\n<p>Para encerrar os festejos, \u00e0s 18h ter\u00e1 in\u00edcio a Prociss\u00e3o Luminosa, seguida da Missa Solene, \u00e0s 19h, que ser\u00e1 presidida pelo bispo auxiliar da Arquidiocese de Salvador, Dom Marco Eug\u00eanio Galr\u00e3o Leite de Almeida.<\/p>\n<p>Mat\u00e9ria e edi\u00e7\u00e3o de texto:Sara Gomes\/Arquidiocese de Salvador<\/p>\n","protected":false},"excerpt":{"rendered":"<p>Com o tema \u201cS\u00e3o Jos\u00e9, homem, justo, pacificador\u201d, a Par\u00f3quia S\u00e3o Jos\u00e9 de Amaralina dar\u00e1 in\u00edcio aos festejos em honra ao padroeiro neste domingo, dia 10 de mar\u00e7o. A primeira atividade ter\u00e1 in\u00edcio \u00e0s 9h, com uma carreata, que sair\u00e1 da Igreja Matriz (Rua Dr. Edgard Barros, s\/n, Amaralina) e seguir\u00e1 pelas ruas Aurelino Silva,&nbsp;<\/p>\n<p><a class=\"btn btn-style\" href=\"http:\/\/portalcatolico.net\/portal\/neste-domingo-paroquia-sao-jose-de-amaralina-realiza-carreata-e-a-primeira-noite-do-novenario-em-honra-ao-padroeiro\/\">Continue Reading<\/a><\/p>\n","protected":false},"author":2,"featured_media":63531,"comment_status":"open","ping_status":"open","sticky":false,"template":"","format":"standard","meta":{"footnotes":""},"categories":[1],"tags":[],"class_list":["post-63530","post","type-post","status-publish","format-standard","has-post-thumbnail","hentry","category-agenda"],"_links":{"self":[{"href":"http:\/\/portalcatolico.net\/portal\/wp-json\/wp\/v2\/posts\/63530","targetHints":{"allow":["GET"]}}],"collection":[{"href":"http:\/\/portalcatolico.net\/portal\/wp-json\/wp\/v2\/posts"}],"about":[{"href":"http:\/\/portalcatolico.net\/portal\/wp-json\/wp\/v2\/types\/post"}],"author":[{"embeddable":true,"href":"http:\/\/portalcatolico.net\/portal\/wp-json\/wp\/v2\/users\/2"}],"replies":[{"embeddable":true,"href":"http:\/\/portalcatolico.net\/portal\/wp-json\/wp\/v2\/comments?post=63530"}],"version-history":[{"count":1,"href":"http:\/\/portalcatolico.net\/portal\/wp-json\/wp\/v2\/posts\/63530\/revisions"}],"predecessor-version":[{"id":63532,"href":"http:\/\/portalcatolico.net\/portal\/wp-json\/wp\/v2\/posts\/63530\/revisions\/63532"}],"wp:featuredmedia":[{"embeddable":true,"href":"http:\/\/portalcatolico.net\/portal\/wp-json\/wp\/v2\/media\/63531"}],"wp:attachment":[{"href":"http:\/\/portalcatolico.net\/portal\/wp-json\/wp\/v2\/media?parent=63530"}],"wp:term":[{"taxonomy":"category","embeddable":true,"href":"http:\/\/portalcatolico.net\/portal\/wp-json\/wp\/v2\/categories?post=63530"},{"taxonomy":"post_tag","embeddable":true,"href":"http:\/\/portalcatolico.net\/portal\/wp-json\/wp\/v2\/tags?post=63530"}],"curies":[{"name":"wp","href":"https:\/\/api.w.org\/{rel}","templated":true}]}}