{"id":63525,"date":"2019-03-09T05:13:32","date_gmt":"2019-03-09T08:13:32","guid":{"rendered":"http:\/\/portalcatolico.net\/portal\/?p=63525"},"modified":"2019-03-09T07:14:56","modified_gmt":"2019-03-09T10:14:56","slug":"congresso-de-musica-sacra-no-brasil-com-diretor-do-coro-da-diocese-de-roma","status":"publish","type":"post","link":"http:\/\/portalcatolico.net\/portal\/congresso-de-musica-sacra-no-brasil-com-diretor-do-coro-da-diocese-de-roma\/","title":{"rendered":"Congresso de M\u00fasica Sacra no Brasil com diretor do Coro da Diocese de Roma"},"content":{"rendered":"<div class=\"article__subTitle\">Mons. Marco Frisina, fundador e atual diretor do Coro da Diocese de Roma, e compositor de \u00f3peras teatrais como a transposi\u00e7\u00e3o musical de \u201cA Divina Com\u00e9dia\u201d, come\u00e7a neste s\u00e1bado (9) uma maratona de atividades pelo Brasil, desde a reg\u00eancia de corais, celebra\u00e7\u00e3o de missas em latim e congresso de m\u00fasica sacra para cerca de 800 pessoas. A agenda contempla compromissos nas cidades de S\u00e3o Paulo, Campinas, Aparecida e Rio de Janeiro.<\/div>\n<div class=\"article__text\">\n<p>J\u00e1 se encontra no Brasil um dos grandes nomes italianos da m\u00fasica sacra, no pa\u00eds de 8 a 23 de mar\u00e7o, para cumprir uma agenda de compromissos em S\u00e3o Paulo, Campinas, Aparecida e Rio de Janeiro. O Mons. Marco Frisina, fundador e atual diretor do Coro da Diocese de Roma, al\u00e9m de compositor de \u00f3peras teatrais como a transposi\u00e7\u00e3o musical de \u201cA Divina Com\u00e9dia\u201d, vai reger corais, celebrar missas em latim e, principalmente, conduzir um Congresso de M\u00fasica Sacra para 800 pessoas. \u00c9 a primeira vez que ele visita o Brasil.<\/p>\n<p><strong>Programa\u00e7\u00e3o a partir deste s\u00e1bado (9)<\/strong><\/p>\n<p>As atividades come\u00e7am neste s\u00e1bado (9), \u00e0s 20h, no Pateo do Collegio, em S\u00e3o Paulo, quando vai reger a Schola Cantorum, \u00f3rg\u00e3o e sexteto de metais, durante uma missa. J\u00e1 no domingo (10), o Mons. Frisina vai presidir \u2013 em latim \u2013 a celebra\u00e7\u00e3o do I Domingo da Quaresma na Catedral Metropolitana de Campinas\/SP.<\/p>\n<p><strong>Congresso para 800 inscritos<\/strong><\/p>\n<p>O Congresso de M\u00fasica Sacra come\u00e7a na pr\u00f3xima sexta-feira, 15 de mar\u00e7o, no Gin\u00e1sio do Col\u00e9gio S\u00e3o Lu\u00eds, em S\u00e3o Paulo. As inscri\u00e7\u00f5es, limitadas para 800 pessoas, podem ser feitas exclusivamente atrav\u00e9s do link deste&nbsp;<a href=\"https:\/\/pateodocollegio.com.br\/marcofrisinanobrasil\/#\" target=\"_self\" rel=\"external nofollow\">site<\/a>. Os participantes ir\u00e3o receber, por e-mail, o material did\u00e1tico do curso, que inclui partituras para serem estudadas.<\/p>\n<p>Durante os tr\u00eas dias ser\u00e3o realizadas confer\u00eancias, quando o diretor vai tratar da m\u00fasica, como fen\u00f4meno e linguagem natural e universal; da m\u00fasica na B\u00edblia e na liturgia; como linguagem universal da catequese; al\u00e9m de abordar a tarefa de compor e executar a m\u00fasica sacra hoje. O Mons. Frisina tamb\u00e9m ir\u00e1 promover ensaios direcionados para a missa e o concerto final.<\/p>\n<p>No dia 20 de mar\u00e7o, est\u00e1 marcado um concerto de t\u00edtulo \u201cMons. Marco Frisina no cora\u00e7\u00e3o da comunidade\u201d. O evento come\u00e7a \u00e0s 19h30, na Sala Cec\u00edlia Meireles \u2013 Orquestra A\u00e7\u00e3o Social para a M\u00fasica do Brasil. J\u00e1 em 22 de mar\u00e7o, o grande encontro de coros, solistas e orquestra acontece em Campinas, a partir das 20h, na Catedral Metropolitana.<\/p>\n<p>A programa\u00e7\u00e3o de \u201cMarco Frisina no Brasil\u201d est\u00e1 sendo organizada pelo Pateo do Collegio, atrav\u00e9s do seu Schola Cantorum, pelo Coro da Arquidiocese de Campinas.<\/p>\n<p><strong>A biografia de Mons. Frisina<\/strong><\/p>\n<p>O Mons. Marco Frisina nasceu em Roma. Depois dos estudos cl\u00e1ssicos, diplomou-se em Composi\u00e7\u00e3o no Conservat\u00f3rio de Santa Cec\u00edlia e, ap\u00f3s ter completado os estudos teol\u00f3gicos, especializou-se em Sagrada Escritura no Pontif\u00edcio Instituto B\u00edblico. Ordenado sacerdote em 1982, desde ent\u00e3o exerce o seu minist\u00e9rio na Diocese de Roma.<\/p>\n<p>De 1991 a 2011 foi Diretor da Comiss\u00e3o de Liturgia da Diocese de Roma e atualmente \u00e9 Presidente da Comiss\u00e3o Diocesana para a Arte Sacra e os Bens Culturais, Consultor do Pontif\u00edcio Conselho para a Promo\u00e7\u00e3o da Nova Evangeliza\u00e7\u00e3o e Reitor da Bas\u00edlica de Santa Cec\u00edlia em Trastevere. Al\u00e9m disso, \u00e8 professor na Pontif\u00edcia Universit\u00e0 della Santa Croce e no Pontif\u00edcio Instituto de M\u00fasica Sacra, em Roma.<\/p>\n<p>Autor de numerosos c\u00e2nticos lit\u00fargicos conhecidos e apreciados na It\u00e1lia e no exterior. Em 1984 fundou &#8211; e desde ent\u00e3o dirige &#8211; o Coro da Diocese de Roma, com o qual anima as mais importantes liturgias diocesanas, algumas das quais s\u00e3o presididas pelo Santo Padre.<\/p>\n<p>Sua produ\u00e7\u00e3o musical tem mais de 30 Orat\u00f3rios Sagrados inspirados em personagens b\u00edblicos ou na vida de grandes santos. Destaque para: \u201cC\u00e2ntico dos C\u00e2nticos\u201d, de 2009; \u201cPassio Caeciliae\u201d composto em 2011 e apresentado em Roma e Nova Iorque por ocasi\u00e3o das celebra\u00e7\u00f5es dos 150 anos da Unifica\u00e7\u00e3o da It\u00e1lia; \u201cParadiso Paradiso\u201d de 2013, para o 56\u00ba \u201cFestival dos Dois Mundos\u201d em Espoleto com a participa\u00e7\u00e3o de Giorgio Albertazzi; e \u201cAt\u00e9 os confins da terra\u201d, inspirado na narrativa do naufr\u00e1gio de S\u00e3o Paulo, em Malta, onde se apresentou em fevereiro de 2017, no centen\u00e1rio do mart\u00edrio do Ap\u00f3stolo.<\/p>\n<p>Em 2007 comp\u00f4s a pe\u00e7a \u201cLa Divina Commedia\u201d, a primeira transposi\u00e7\u00e3o musical da obra-prima hom\u00f4nima de Dante. Na temporada 2009-2010, sua segunda obra para o teatro foi encenada: \u201cIl miracolo di Marcellino\u201d, inspirado no romance de Jos\u00e9 Maria Sanchez Silva, \u201cMarcellino Pane e Vino\u201d. \u00c9 tamb\u00e9m autor da m\u00fasica de \u201cIn Hoc Signo\u201d, apresentada em 2013, em Belgrado, por ocasi\u00e3o do mil\u00eanio do \u00c9dito de Mil\u00e3o e da \u00d3pera-Orat\u00f3rio \u201cPassio Christi\u201d, apresentada em 2018, em M\u00e1laga.<\/p>\n<p>Mons. Frisina foi promotor e coordenador da Primeira Confer\u00eancia dos Corais Italianos, realizada em Roma, em setembro de 2014, e do Jubileu dos Corais, em outubro de 2016, que contou com a participa\u00e7\u00e3o de mais de 8 mil cantores de todo o mundo. Desde 2015 \u00e9 Diretor Art\u00edstico do \u201cConcerto com os pobres e pelos pobres\u201d, realizado na Sala Paulo VI.(Vatican Midia)<\/p>\n<p>Por Andressa Collet\/Cidade do Vaticano<\/p>\n<p>&nbsp;<\/p>\n<\/div>\n","protected":false},"excerpt":{"rendered":"<p>Mons. Marco Frisina, fundador e atual diretor do Coro da Diocese de Roma, e compositor de \u00f3peras teatrais como a transposi\u00e7\u00e3o musical de \u201cA Divina Com\u00e9dia\u201d, come\u00e7a neste s\u00e1bado (9) uma maratona de atividades pelo Brasil, desde a reg\u00eancia de corais, celebra\u00e7\u00e3o de missas em latim e congresso de m\u00fasica sacra para cerca de 800&nbsp;<\/p>\n<p><a class=\"btn btn-style\" href=\"http:\/\/portalcatolico.net\/portal\/congresso-de-musica-sacra-no-brasil-com-diretor-do-coro-da-diocese-de-roma\/\">Continue Reading<\/a><\/p>\n","protected":false},"author":2,"featured_media":63526,"comment_status":"open","ping_status":"open","sticky":false,"template":"","format":"standard","meta":{"footnotes":""},"categories":[5],"tags":[],"class_list":["post-63525","post","type-post","status-publish","format-standard","has-post-thumbnail","hentry","category-igreja_no_mundo"],"_links":{"self":[{"href":"http:\/\/portalcatolico.net\/portal\/wp-json\/wp\/v2\/posts\/63525","targetHints":{"allow":["GET"]}}],"collection":[{"href":"http:\/\/portalcatolico.net\/portal\/wp-json\/wp\/v2\/posts"}],"about":[{"href":"http:\/\/portalcatolico.net\/portal\/wp-json\/wp\/v2\/types\/post"}],"author":[{"embeddable":true,"href":"http:\/\/portalcatolico.net\/portal\/wp-json\/wp\/v2\/users\/2"}],"replies":[{"embeddable":true,"href":"http:\/\/portalcatolico.net\/portal\/wp-json\/wp\/v2\/comments?post=63525"}],"version-history":[{"count":3,"href":"http:\/\/portalcatolico.net\/portal\/wp-json\/wp\/v2\/posts\/63525\/revisions"}],"predecessor-version":[{"id":63529,"href":"http:\/\/portalcatolico.net\/portal\/wp-json\/wp\/v2\/posts\/63525\/revisions\/63529"}],"wp:featuredmedia":[{"embeddable":true,"href":"http:\/\/portalcatolico.net\/portal\/wp-json\/wp\/v2\/media\/63526"}],"wp:attachment":[{"href":"http:\/\/portalcatolico.net\/portal\/wp-json\/wp\/v2\/media?parent=63525"}],"wp:term":[{"taxonomy":"category","embeddable":true,"href":"http:\/\/portalcatolico.net\/portal\/wp-json\/wp\/v2\/categories?post=63525"},{"taxonomy":"post_tag","embeddable":true,"href":"http:\/\/portalcatolico.net\/portal\/wp-json\/wp\/v2\/tags?post=63525"}],"curies":[{"name":"wp","href":"https:\/\/api.w.org\/{rel}","templated":true}]}}