{"id":63520,"date":"2019-03-09T06:55:18","date_gmt":"2019-03-09T09:55:18","guid":{"rendered":"http:\/\/portalcatolico.net\/portal\/?p=63520"},"modified":"2019-03-09T06:56:44","modified_gmt":"2019-03-09T09:56:44","slug":"padre-luiz-alves-toma-posse-em-paroquia-em-itaju-do-colonia","status":"publish","type":"post","link":"http:\/\/portalcatolico.net\/portal\/padre-luiz-alves-toma-posse-em-paroquia-em-itaju-do-colonia\/","title":{"rendered":"Padre Luiz Alves toma posse em par\u00f3quia em Itaju do Col\u00f4nia"},"content":{"rendered":"<p><img loading=\"lazy\" decoding=\"async\" class=\"wp-image-63523 aligncenter\" src=\"http:\/\/portalcatolico.net\/portal\/wp-content\/uploads\/2019\/03\/sem-t\u00edtulo-54-300x225.jpg\" alt=\"\" width=\"733\" height=\"550\" srcset=\"http:\/\/portalcatolico.net\/portal\/wp-content\/uploads\/2019\/03\/sem-t\u00edtulo-54-300x225.jpg 300w, http:\/\/portalcatolico.net\/portal\/wp-content\/uploads\/2019\/03\/sem-t\u00edtulo-54-768x576.jpg 768w, http:\/\/portalcatolico.net\/portal\/wp-content\/uploads\/2019\/03\/sem-t\u00edtulo-54-1024x768.jpg 1024w, http:\/\/portalcatolico.net\/portal\/wp-content\/uploads\/2019\/03\/sem-t\u00edtulo-54.jpg 2000w\" sizes=\"auto, (max-width: 733px) 100vw, 733px\" \/><\/p>\n<p>Aconteceu ontem (08\/03), \u00e0s 19h, na Par\u00f3quia Santo&nbsp;Ant\u00f4nio, em Itaju do Col\u00f4nia (BA), a posse can\u00f4nica do novo p\u00e1roco, o Padre&nbsp; Luiz&nbsp;Alves da Costa.<br \/>\nO Bispo da diocese de Itabuna, no&nbsp;sul da Bahia, Dom Carlos Alberto dos Santos, celebrou a santa missa, que&nbsp;&nbsp;contou com a participa\u00e7\u00e3o dos paroquianos, dos Car\u00edssimos&nbsp;padres e religiosas, seminaristas,&nbsp; entre outras autoridades pol\u00edticas&nbsp;da cidade, al\u00e9m da presen\u00e7a maci\u00e7a das pastorais, comunidades e&nbsp;movimentos da cidade e de cidades vizinhas, que juntos, em uma comunidade,&nbsp;alegremente celebraram a Santa&nbsp; Eucaristia.<\/p>\n<p>O Padre Luiz Alves&nbsp; da Costa passou tr\u00eas anos em Mo\u00e7ambique na \u00c1frica em Miss\u00e3o e retornou&nbsp;para sua diocese de origem, onde ir\u00e1 substituir o padre Hugo de Fosses que&nbsp;foi transferido para a par\u00f3quia de S\u00e3o Boaventura, na cidade de&nbsp;&nbsp;Canavieiras (BA).<br \/>\nDurante o Rito de posse, teve a Leitura do Decreto de Nomea\u00e7\u00e3o, em seguida, a Proclama\u00e7\u00e3o do Evangelho:&nbsp;o padre&nbsp; recebe o Livro dos Evangelhos, uma vez que \u00e9 seu dever anunciar&nbsp;a Palavra de Deus a todas as pessoas, sem distin\u00e7\u00e3o.<\/p>\n<p>Posteriormente, teve a&nbsp;Profiss\u00e3o de F\u00e9, renova\u00e7\u00e3o das promessas sacerdotais:momento em que o Padre \u00e9&nbsp; interrogado publicamente para manifestar sua&nbsp;disposi\u00e7\u00e3o de cooperar com o Bispo, trabalhando em comunh\u00e3o com ele e&nbsp;cuidando com zelo da Par\u00f3quia que lhe est\u00e1 sendo entregue.<\/p>\n<p>O Padre tamb\u00e9m recebeu as chaves da igreja, para que tome&nbsp;consci\u00eancia do cuidado que dever\u00e1 ter com este templo sagrado.<\/p>\n<p>Recebeu tamb\u00e9m a chave do Sacr\u00e1rio.&nbsp;A vida espiritual dos fi\u00e9is \u00e9 alimentada pela Santa Eucaristia. Por&nbsp;isso o novo padre recebe a chave do sacr\u00e1rio e o abre, fazendo uma breve&nbsp;adora\u00e7\u00e3o. A Eucaristia \u00e9 \u00e1pice e a fonte de todo culto e da vida crist\u00e3,&nbsp;em que se realiza a unidade do povo de Deus e se completa a constru\u00e7\u00e3o&nbsp;do Corpo de Cristo.<br \/>\nUma das tarefas mais importantes do P\u00e1roco consiste em administrar o&nbsp;Sacramento da Penit\u00eancia; por meio desse sacramento realiza-se a&nbsp;reconcilia\u00e7\u00e3o dos pecadores com Deus.&nbsp;<br \/>\nNo in\u00edcio da Santa Missa o Padre fez sua Profiss\u00e3o de F\u00e9, o juramento de fidelidade.<br \/>\nFoi um momento muito importante para a par\u00f3quia, onde com muita alegria,&nbsp;os paroquianos deram&nbsp; as boas- vindas ao novo padre que demonstrou estar&nbsp;muito feliz no&nbsp; meio do seus filhos espirituais.<br \/>\nAo final da celebra\u00e7\u00e3o, o padre fez um discurso de agradecimento a todos&nbsp;os cat\u00f3licos que participaram da santa missa e aos paroquianos.<\/p>\n<p><strong>VEJA MAIS FOTOS EM NOSSA FANPAGE. <a href=\"https:\/\/www.facebook.com\/portalcatolicooficial\/\">CLIQUE AQUI<\/a><\/strong><\/p>\n","protected":false},"excerpt":{"rendered":"<p>Aconteceu ontem (08\/03), \u00e0s 19h, na Par\u00f3quia Santo&nbsp;Ant\u00f4nio, em Itaju do Col\u00f4nia (BA), a posse can\u00f4nica do novo p\u00e1roco, o Padre&nbsp; Luiz&nbsp;Alves da Costa. O Bispo da diocese de Itabuna, no&nbsp;sul da Bahia, Dom Carlos Alberto dos Santos, celebrou a santa missa, que&nbsp;&nbsp;contou com a participa\u00e7\u00e3o dos paroquianos, dos Car\u00edssimos&nbsp;padres e religiosas, seminaristas,&nbsp; entre outras&nbsp;<\/p>\n<p><a class=\"btn btn-style\" href=\"http:\/\/portalcatolico.net\/portal\/padre-luiz-alves-toma-posse-em-paroquia-em-itaju-do-colonia\/\">Continue Reading<\/a><\/p>\n","protected":false},"author":2,"featured_media":63521,"comment_status":"open","ping_status":"open","sticky":false,"template":"","format":"standard","meta":{"footnotes":""},"categories":[4],"tags":[],"class_list":["post-63520","post","type-post","status-publish","format-standard","has-post-thumbnail","hentry","category-destaques"],"_links":{"self":[{"href":"http:\/\/portalcatolico.net\/portal\/wp-json\/wp\/v2\/posts\/63520","targetHints":{"allow":["GET"]}}],"collection":[{"href":"http:\/\/portalcatolico.net\/portal\/wp-json\/wp\/v2\/posts"}],"about":[{"href":"http:\/\/portalcatolico.net\/portal\/wp-json\/wp\/v2\/types\/post"}],"author":[{"embeddable":true,"href":"http:\/\/portalcatolico.net\/portal\/wp-json\/wp\/v2\/users\/2"}],"replies":[{"embeddable":true,"href":"http:\/\/portalcatolico.net\/portal\/wp-json\/wp\/v2\/comments?post=63520"}],"version-history":[{"count":2,"href":"http:\/\/portalcatolico.net\/portal\/wp-json\/wp\/v2\/posts\/63520\/revisions"}],"predecessor-version":[{"id":63524,"href":"http:\/\/portalcatolico.net\/portal\/wp-json\/wp\/v2\/posts\/63520\/revisions\/63524"}],"wp:featuredmedia":[{"embeddable":true,"href":"http:\/\/portalcatolico.net\/portal\/wp-json\/wp\/v2\/media\/63521"}],"wp:attachment":[{"href":"http:\/\/portalcatolico.net\/portal\/wp-json\/wp\/v2\/media?parent=63520"}],"wp:term":[{"taxonomy":"category","embeddable":true,"href":"http:\/\/portalcatolico.net\/portal\/wp-json\/wp\/v2\/categories?post=63520"},{"taxonomy":"post_tag","embeddable":true,"href":"http:\/\/portalcatolico.net\/portal\/wp-json\/wp\/v2\/tags?post=63520"}],"curies":[{"name":"wp","href":"https:\/\/api.w.org\/{rel}","templated":true}]}}